{"id":670106,"date":"2026-09-05T23:20:13","date_gmt":"2026-09-05T23:20:13","guid":{"rendered":"https:\/\/www.europesays.com\/pl\/670106\/"},"modified":"2026-09-05T23:20:13","modified_gmt":"2026-09-05T23:20:13","slug":"kaminski-zadebiutowal-w-lidze-portugalskiej-szok-gdzie-wystawil-go-trener","status":"publish","type":"post","link":"https:\/\/www.europesays.com\/pl\/670106\/","title":{"rendered":"Kami\u0144ski zadebiutowa\u0142 w lidze portugalskiej. Szok, gdzie wystawi\u0142 go trener"},"content":{"rendered":"<p>Jakub Kami\u0144ski w ko\u0144cu zadebiutowa\u0142 w lidze portugalskiej. Cz\u0119\u015b\u0107 meczu Benfiki z Martimo rozegra\u0142 na nietypowej dla siebie pozycji. Jego dru\u017cyna wygra\u0142a 3:0.<\/p>\n<p>Kami\u0144ski do\u0142\u0105czy\u0142 do Benfiki w letnim oknie transferowym. Do tej pory gra\u0142 w jej barwach tylko w eliminacjach Ligi Europy. W meczach z St. Gallen wybieg\u0142 na boisko w podstawowym sk\u0142adzie, a p\u00f3\u017aniej zalicza\u0142 ju\u017c tylko kr\u00f3tkie epizody z \u0142awki rezerwowych.<\/p>\n<p>Dalsza cz\u0119\u015b\u0107 tekstu pod wideo<\/p>\n<p>W portugalskiej ekstraklasie reprezentant Polski by\u0142 do tej pory widzem. Sytuacja zmieni\u0142a si\u0119 w 17. minucie meczu z Maritimo, gdy zast\u0105pi\u0142 Alexandra Baha. W debiucie w lidze zaj\u0105\u0142 miejsce na prawej obronie!<\/p>\n<p>Gdy Kami\u0144ski wchodzi\u0142 na boisko, jego dru\u017cyna prowadzi\u0142a ju\u017c 1:0. W 7. minucie wynik spotkania otworzy\u0142 Leandro Barreiro.<\/p>\n<p>W drugiej po\u0142owie Polak zosta\u0142 przesuni\u0119ty na prawe skrzyd\u0142o. Kr\u00f3tko po tym, jak zmieni\u0142 pozycj\u0119, Benfica podwy\u017cszy\u0142a prowadzenie. W 71. minucie w pole karne do\u015brodkowa\u0142 Schjelderup, pi\u0142k\u0119 zgra\u0142 Pawlidis, a z bliska do bramki wbi\u0142 j\u0105 Barreiro.<\/p>\n<p>Benfica gra\u0142a spokojnie, ale i tak zdo\u0142a\u0142a podwy\u017cszy\u0107 wynik. W 82. minucie zaczarowal Gianluca Prestianni. Argenty\u0144czyk pomkn\u0105\u0142 przez p\u00f3\u0142 boiska i technicznym strza\u0142em zza pola karnego trafi\u0142 do bramki Maritimo.<\/p>\n<p>Benfica po zwyci\u0119stwie wskoczy\u0142a na drugie miejsce w lidze. Do prowadz\u0105cego Porto traci pi\u0119\u0107 punkt\u00f3w, ale zagra\u0142a dot\u0105d o jeden mecz mniej.<\/p>\n","protected":false},"excerpt":{"rendered":"Jakub Kami\u0144ski w ko\u0144cu zadebiutowa\u0142 w lidze portugalskiej. Cz\u0119\u015b\u0107 meczu Benfiki z Martimo rozegra\u0142 na nietypowej dla siebie&hellip;\n","protected":false},"author":2,"featured_media":670107,"comment_status":"","ping_status":"","sticky":false,"template":"","format":"standard","meta":{"footnotes":"","_share_on_mastodon":"0"},"categories":[24],"tags":[42,38,40,39,41,127,126],"class_list":["post-670106","post","type-post","status-publish","format-standard","has-post-thumbnail","category-sport","tag-pl","tag-poland","tag-polish","tag-polska","tag-polski","tag-sport","tag-sports"],"share_on_mastodon":{"url":"https:\/\/pubeurope.com\/@pl\/117221000722050184","error":""},"_links":{"self":[{"href":"https:\/\/www.europesays.com\/pl\/wp-json\/wp\/v2\/posts\/670106","targetHints":{"allow":["GET"]}}],"collection":[{"href":"https:\/\/www.europesays.com\/pl\/wp-json\/wp\/v2\/posts"}],"about":[{"href":"https:\/\/www.europesays.com\/pl\/wp-json\/wp\/v2\/types\/post"}],"author":[{"embeddable":true,"href":"https:\/\/www.europesays.com\/pl\/wp-json\/wp\/v2\/users\/2"}],"replies":[{"embeddable":true,"href":"https:\/\/www.europesays.com\/pl\/wp-json\/wp\/v2\/comments?post=670106"}],"version-history":[{"count":0,"href":"https:\/\/www.europesays.com\/pl\/wp-json\/wp\/v2\/posts\/670106\/revisions"}],"wp:featuredmedia":[{"embeddable":true,"href":"https:\/\/www.europesays.com\/pl\/wp-json\/wp\/v2\/media\/670107"}],"wp:attachment":[{"href":"https:\/\/www.europesays.com\/pl\/wp-json\/wp\/v2\/media?parent=670106"}],"wp:term":[{"taxonomy":"category","embeddable":true,"href":"https:\/\/www.europesays.com\/pl\/wp-json\/wp\/v2\/categories?post=670106"},{"taxonomy":"post_tag","embeddable":true,"href":"https:\/\/www.europesays.com\/pl\/wp-json\/wp\/v2\/tags?post=670106"}],"curies":[{"name":"wp","href":"https:\/\/api.w.org\/{rel}","templated":true}]}}