{"id":670108,"date":"2026-09-05T23:21:12","date_gmt":"2026-09-05T23:21:12","guid":{"rendered":"https:\/\/www.europesays.com\/pl\/670108\/"},"modified":"2026-09-05T23:21:12","modified_gmt":"2026-09-05T23:21:12","slug":"wegiel-dudziak-martyniuk-w-programie-eksperyment-odsiadka-2-kto-jeszcze","status":"publish","type":"post","link":"https:\/\/www.europesays.com\/pl\/670108\/","title":{"rendered":"W\u0119giel, Dudziak, Martyniuk w programie &#8222;Eksperyment: Odsiadka 2&#8221;. Kto jeszcze?"},"content":{"rendered":"<p>Program &#8222;Eksperyment: Odsiadka&#8221; zadebiutowa\u0142 w CANAL+ w grudniu 2025 r. i od razu okre\u015blany by\u0142 jako jedno z najbardziej kontrowersyjnych wydarze\u0144 w polskiej telewizji. W zak\u0142adzie karnym w Bartoszycach zamkni\u0119to siedem rozpoznawalnych postaci, w\u015br\u00f3d kt\u00f3rych znale\u017ali si\u0119 m.in. Zygmunt Chajzer, Micha\u0142 Koterski, Jakub Rze\u017aniczak, Tomasz &#8222;Gimper&#8221; Dzia\u0142owy, Mateusz &#8222;Mini Majk&#8221; Krzy\u017canowski, Kacper &#8222;Jasper&#8221; Por\u0119bski oraz Damian &#8222;Stifler&#8221; Zdu\u0144czyk. W drugim sezonie bohaterkami b\u0119d\u0105 znane kobiety.<\/p>\n<p>Dalszy ci\u0105g artyku\u0142u pod materia\u0142em wideoW\u0119giel, Dudziak, Martyniuk w programie &#8222;Eksperyment: Odsiadka 2&#8221;. Kto jeszcze?<a href=\"https:\/\/www.onet.pl\/\" title=\"Strona G\u0142\u00f3wna\" aria-label=\"Strona G\u0142\u00f3wna\" data-astro-prefetch=\"tap\" class=\"ods-a-logo-main-desktop\" rel=\"nofollow noopener\" target=\"_blank\"><img src=\"https:\/\/cdn.plejada.pl\/img\/Logo_desktop_Onet.svg\" class=\"ods-a-logo-main-desktop__image\" alt=\"Logo\" width=\"107\" height=\"60\" fetchpriority=\"high\" decoding=\"sync\" style=\"height:60px\"\/><\/a><\/p>\n<p class=\"ods-m-google-article__text\">Czytaj nas cz\u0119\u015bciej w Google<\/p>\n<p><a href=\"https:\/\/google.com\/preferences\/source?q=plejada.pl\" target=\"_blank\" rel=\"noopener noreferrer nofollow\" aria-label=\"Dodaj w Google\" title=\"Dodaj w Google\" class=\"ods-a-button ods-a-button__primary ods-a-button__default ods-a-button-l\">Dodaj w Google<\/a><\/p>\n<p>Program powraca w nowej ods\u0142onie. To eksperymentalna produkcja, kt\u00f3ra w pokaza\u0142a, jak bezlito\u015bnie potrafi wydoby\u0107 ludzkie zalety i s\u0142abo\u015bci, a zarazem obna\u017cy\u0107, co kryje si\u0119 za starannie budowanym wizerunku celebryt\u00f3w. Tym razem z prawdziwymi realiami \u017cycia za kratami aresztu w Bartoszycach zmierz\u0105 si\u0119: <\/p>\n<ul class=\"ods-m-bullet-list\">\n<li class=\"ods-a-bullet ods-a-bullet--normal\">Urszula Dudziak<\/li>\n<li class=\"ods-a-bullet ods-a-bullet--normal\">Marta Linkiewicz<\/li>\n<li class=\"ods-a-bullet ods-a-bullet--normal\">Danuta Martyniuk<\/li>\n<li class=\"ods-a-bullet ods-a-bullet--normal\">Katarzyna Paciorek (Kasix)<\/li>\n<li class=\"ods-a-bullet ods-a-bullet--normal\">Julia von Steinhoff<\/li>\n<li class=\"ods-a-bullet ods-a-bullet--normal\">Roksana W\u0119giel-Mglej<\/li>\n<\/ul>\n<p>Premiera zapowiadana jest na grudzie\u0144 2026 r.<\/p>\n<p><img class=\"ods-a-photo ods-a-photo--background\" src=\"https:\/\/www.europesays.com\/pl\/wp-content\/uploads\/2026\/09\/iXQk9lBaHR0cHM6Ly9vY2RuLmV1L3B1bHNjbXMvTURBXy8zMWQ3OTRmOTY4N2ViNmU1MGQzMzA4NGQ5ZmE2MjkwZS5qcGeRlQLNA.jpeg\" height=\"253\" width=\"450\" alt=\"Urszula Dudziak\" loading=\"lazy\" fetchpriority=\"low\" decoding=\"async\"\/>W poprzedniej edycji jednym z uczetsnik\u00f3w by\u0142 Zygmunt Chajzer. \u2014 Gdy wychodzi\u0142em z wi\u0119zienia, nagle ten \u015bwiat wyda\u0142 mi si\u0119 taki pi\u0119kny, kolorowy, wolny. Wychodzi\u0142em z miejsca, do kt\u00f3rego z ca\u0142\u0105 pewno\u015bci\u0105 nie chcia\u0142bym nigdy trafi\u0107. My\u015bl\u0119, \u017ce podobne odczucia maj\u0105 ci, kt\u00f3rzy ko\u0144cz\u0105 odsiadywanie swoich wyrok\u00f3w. Wychodz\u0105 z poczuciem tego, \u017ce \u015bwiat dooko\u0142a jest pi\u0119kny i nigdy wi\u0119cej nie wr\u00f3c\u0105 do tego miejsca. Zreszt\u0105 m\u00f3j wsp\u00f3\u0142wi\u0119zie\u0144, z kt\u00f3rym dzieli\u0142em cel\u0119, powiedzia\u0142 mi, \u017ce nigdy wi\u0119cej nie chcia\u0142by trafi\u0107 do tego miejsca i zrobi wszystko, co mo\u017cliwe, \u017ceby tak si\u0119 nie sta\u0142o \u2014 m\u00f3wi\u0142 <a href=\"https:\/\/plejada.pl\/newsy\/zygmunt-chajzer-przezyl-rezim-wiezienny-zastanawialem-sie-czy-dam-rade-psychicznie\/s04qcl0\" id=\"acaaa808-baca-40af-bc98-562791dce3a0\" rel=\"nofollow noopener\" target=\"_blank\">w rozmowie z Plejad\u0105<\/a>.Dzi\u0119kujemy, \u017ce przeczyta\u0142a\u015b\/e\u015b nasz artyku\u0142 do ko\u0144ca. W serwisie Plejada.pl ka\u017cdego dnia piszemy o najwa\u017cniejszych wydarzeniach show-biznesowych. B\u0105d\u017a na bie\u017c\u0105co!<a rel=\"nofollow noopener\" href=\"https:\/\/profile.google.com\/cp\/Cg0vZy8xMWJ6X19wdHBx\" id=\"349303a7-2d26-4c52-a4e5-91413b043452\" target=\"_blank\"> Obserwuj<\/a> Plejad\u0119 w Google. Odwied\u017a nas tak\u017ce na<a rel=\"nofollow noopener\" href=\"https:\/\/www.facebook.com\/plejadapl\" id=\"59b4eb4f-31d1-4e9e-96c9-09173c3ef147\" target=\"_blank\"> Facebooku<\/a>,<a rel=\"nofollow noopener\" href=\"https:\/\/www.instagram.com\/plejadapl\/\" id=\"94bd64e1-29bd-4475-8c2b-985335aa035d\" target=\"_blank\"> Instagramie<\/a>,<a rel=\"nofollow noopener\" href=\"https:\/\/www.youtube.com\/c\/plejada\" id=\"52914c5b-3b8d-40ea-a0d9-6bb46c3e8bed\" target=\"_blank\"> YouTubie<\/a> oraz<a rel=\"nofollow noopener\" href=\"https:\/\/www.tiktok.com\/@plejada_pl\" id=\"79aed510-e30b-4a14-a9bf-b4a583ad9128\" target=\"_blank\"> TikToku<\/a>.Chcesz podzieli\u0107 si\u0119 ciekawym newsem lub zaproponowa\u0107 temat? Skontaktuj si\u0119 z nami, pisz\u0105c maila na adres: <a rel=\"nofollow noopener\" href=\"https:\/\/plejada.pl\/newsy\/wegiel-dudziak-martyniuk-w-programie-eksperyment-odsiadka-2-kto-jeszcze\/mailto:plejada@redakcjaonet.pl\" id=\"1a6981f5-3d55-44cd-898b-8502b219c7d4\" target=\"_blank\">plejada@redakcjaonet.pl<\/a>.<script async src=\"\/\/www.instagram.com\/embed.js\"><\/script><script async src=\"\/\/www.tiktok.com\/embed.js\"><\/script><\/p>\n","protected":false},"excerpt":{"rendered":"Program &#8222;Eksperyment: Odsiadka&#8221; zadebiutowa\u0142 w CANAL+ w grudniu 2025 r. i od razu okre\u015blany by\u0142 jako jedno z&hellip;\n","protected":false},"author":2,"featured_media":670109,"comment_status":"","ping_status":"","sticky":false,"template":"","format":"standard","meta":{"footnotes":"","_share_on_mastodon":"0"},"categories":[22],"tags":[61195,14618,16032,122,46053,48,125,46,42,38,40,39,41,12838,123,47,32185],"class_list":["post-670108","post","type-post","status-publish","format-standard","has-post-thumbnail","category-rozrywka","tag-bottomfeed_styl","tag-canal_","tag-danuta_martyniuk","tag-entertainment","tag-julia_von_stein","tag-nat_styl","tag-newsy","tag-omp","tag-pl","tag-poland","tag-polish","tag-polska","tag-polski","tag-roksana_wegiel_mglej","tag-rozrywka","tag-screening_general","tag-urszula_dudziak"],"share_on_mastodon":{"url":"","error":""},"_links":{"self":[{"href":"https:\/\/www.europesays.com\/pl\/wp-json\/wp\/v2\/posts\/670108","targetHints":{"allow":["GET"]}}],"collection":[{"href":"https:\/\/www.europesays.com\/pl\/wp-json\/wp\/v2\/posts"}],"about":[{"href":"https:\/\/www.europesays.com\/pl\/wp-json\/wp\/v2\/types\/post"}],"author":[{"embeddable":true,"href":"https:\/\/www.europesays.com\/pl\/wp-json\/wp\/v2\/users\/2"}],"replies":[{"embeddable":true,"href":"https:\/\/www.europesays.com\/pl\/wp-json\/wp\/v2\/comments?post=670108"}],"version-history":[{"count":0,"href":"https:\/\/www.europesays.com\/pl\/wp-json\/wp\/v2\/posts\/670108\/revisions"}],"wp:featuredmedia":[{"embeddable":true,"href":"https:\/\/www.europesays.com\/pl\/wp-json\/wp\/v2\/media\/670109"}],"wp:attachment":[{"href":"https:\/\/www.europesays.com\/pl\/wp-json\/wp\/v2\/media?parent=670108"}],"wp:term":[{"taxonomy":"category","embeddable":true,"href":"https:\/\/www.europesays.com\/pl\/wp-json\/wp\/v2\/categories?post=670108"},{"taxonomy":"post_tag","embeddable":true,"href":"https:\/\/www.europesays.com\/pl\/wp-json\/wp\/v2\/tags?post=670108"}],"curies":[{"name":"wp","href":"https:\/\/api.w.org\/{rel}","templated":true}]}}