{"id":670110,"date":"2026-09-05T23:22:47","date_gmt":"2026-09-05T23:22:47","guid":{"rendered":"https:\/\/www.europesays.com\/pl\/670110\/"},"modified":"2026-09-05T23:22:47","modified_gmt":"2026-09-05T23:22:47","slug":"nvidia-rtx-spark-n1x-firma-potwierdza-dwie-konfiguracje-chipu-grace-blackwell-premiera-laptopow-juz-w-pazdzierniku","status":"publish","type":"post","link":"https:\/\/www.europesays.com\/pl\/670110\/","title":{"rendered":"NVIDIA RTX Spark N1X &#8211; Firma potwierdza dwie konfiguracje chipu Grace Blackwell. Premiera laptop\u00f3w ju\u017c w pa\u017adzierniku"},"content":{"rendered":"<p><img decoding=\"async\" class=\"teaserfoto\" src=\"https:\/\/www.europesays.com\/pl\/wp-content\/uploads\/2026\/09\/52231.png\" alt=\"NVIDIA RTX Spark N1X - Firma potwierdza dwie konfiguracje chipu Grace Blackwell. Premiera laptop\u00f3w ju\u017c w pa\u017adzierniku\"\/>Uk\u0142ad NVIDIA RTX Spark zosta\u0142 oficjalnie zaprezentowany na targach Computex na pocz\u0105tku czerwca. W\u00f3wczas mogli\u015bmy zobaczy\u0107 pierwsze notebooki oraz komputery klasy Mini PC, wykorzystuj\u0105ce owe uk\u0142ady. W momencie zapowiedzi og\u0142oszono, \u017ce premiera nast\u0105pi jesieni\u0105 tego roku, cho\u0107 bez konkretnych informacji. Podczas targ\u00f3w IFA 2026, kt\u00f3re obecnie maj\u0105 miejsce w Berlinie, firma z kolei zdradzi\u0142a wst\u0119pny termin premiery, a tak\u017ce ujawniono dwa kolejne urz\u0105dzenia z RTX Spark.<\/p>\n<p>NVIDIA podczas targ\u00f3w IFA 2026 w Berlinie potwierdzi\u0142a wst\u0119pn\u0105 dat\u0119 premiery laptop\u00f3w z uk\u0142adami RTX Spark N1X. Debiut nast\u0105pi w przysz\u0142ym miesi\u0105cu, a notebooki oferowane b\u0119d\u0105 w dw\u00f3ch r\u00f3\u017cnych konfiguracjach RTX Spark N1X. Ich specyfikacja by\u0142a omawiana ju\u017c kilka miesi\u0119cy temu, teraz natomiast producent oficjalnie to potwierdzi\u0142.<\/p>\n<p><a class=\"colorbox\" href=\"https:\/\/www.purepc.pl\/image\/news\/2026\/09\/04_nvidia_rtx_spark_n1x_firma_potwierdza_dwie_konfiguracje_chipu_grace_blackwell_premiera_laptopow_juz_w_pazdzierniku_0_b.png\" rel=\"nofollow noopener\" target=\"_blank\"><img decoding=\"async\" src=\"https:\/\/www.europesays.com\/pl\/wp-content\/uploads\/2026\/09\/04_nvidia_rtx_spark_n1x_firma_potwierdza_dwie_konfiguracje_chipu_grace_blackwell_premiera_laptopow_j.png\" alt=\"NVIDIA RTX Spark N1X - Firma potwierdza dwie konfiguracje chipu Grace Blackwell. Premiera laptop\u00f3w ju\u017c w pa\u017adzierniku [1]\"\/><\/a><\/p>\n<p><a title=\"NVIDIA RTX Spark b\u0119dzie wspiera\u0107 technologi\u0119 RTX Neural Texture Compression. Obs\u0142uga zosta\u0142a dodana dla Windows 11 ARM\" href=\"https:\/\/www.purepc.pl\/nvidia-rtx-spark-neural-texture-compression\" rel=\"nofollow noopener\" target=\"_blank\">NVIDIA RTX Spark b\u0119dzie wspiera\u0107 technologi\u0119 RTX Neural Texture Compression. Obs\u0142uga zosta\u0142a dodana dla Windows 11 ARM<\/a><\/p>\n<p><a href=\"https:\/\/www.purepc.pl\/tagi\/nvidia-rtx-spark\" rel=\"nofollow noopener\" target=\"_blank\">NVIDIA RTX Spark N1X<\/a> to oficjalna nazwa pierwszych uk\u0142ad\u00f3w SoC Grace Blackwell, kt\u00f3re zadebiutuj\u0105 w laptopach ju\u017c w pa\u017adzierniku tego roku. W\u015br\u00f3d marek, kt\u00f3re wprowadz\u0105 chip w pierwszej kolejno\u015bci, b\u0119d\u0105 m.in. ASUS, MSI czy HP. NVIDIA RTX Spark N1X oferowany b\u0119dzie z kolei w dw\u00f3ch konfiguracjach. Pierwsza to pe\u0142ny chip z 20 rdzeniami CPU ARM, uk\u0142adem graficznym Blackwell RTX z 6144 rdzeniami CUDA oraz obs\u0142ug\u0105 od 24 do 128 GB pami\u0119ci RAM LPDDR5X. Drugi wariant RTX Spark N1X zaoferuje 18 rdzeni CPU ARM oraz uk\u0142ad graficzny z 5120 rdzeniami CUDA. Ograniczona zostanie maksymalny obs\u0142ugiwany RAM. Procesor ten b\u0119dzie oferowany tylko w dw\u00f3ch konfiguracjach pami\u0119ci &#8211; 24 lub 32 GB LPDDR5X. Oba warianty b\u0119d\u0105 r\u00f3wnie\u017c kompatybilne z technik\u0105 DLSS 5.<\/p>\n<p><a class=\"colorbox\" href=\"https:\/\/www.purepc.pl\/image\/news\/2026\/09\/04_nvidia_rtx_spark_n1x_firma_potwierdza_dwie_konfiguracje_chipu_grace_blackwell_premiera_laptopow_juz_w_pazdzierniku_1_b.jpg\" rel=\"nofollow noopener\" target=\"_blank\"><img decoding=\"async\" src=\"https:\/\/www.europesays.com\/pl\/wp-content\/uploads\/2026\/09\/04_nvidia_rtx_spark_n1x_firma_potwierdza_dwie_konfiguracje_chipu_grace_blackwell_premiera_laptopow_j.jpeg\" alt=\"NVIDIA RTX Spark N1X - Firma potwierdza dwie konfiguracje chipu Grace Blackwell. Premiera laptop\u00f3w ju\u017c w pa\u017adzierniku [2]\"\/><\/a><\/p>\n<p><a title=\"Widzieli\u015bmy ju\u017c nowe laptopy oraz Mini PC z uk\u0142adem SoC NVIDIA RTX Spark. Jak procesor wypadnie w grach oraz AI?\" href=\"https:\/\/www.purepc.pl\/nvidia-rtx-spark-relacja-z-targow-computex-2026\" rel=\"nofollow noopener\" target=\"_blank\">Widzieli\u015bmy ju\u017c nowe laptopy oraz Mini PC z uk\u0142adem SoC NVIDIA RTX Spark. Jak procesor wypadnie w grach oraz AI?<\/a><\/p>\n<p>O ile pierwszy wariant NVIDIA RTX Spark N1X oferowany b\u0119dzie zar\u00f3wno w laptopach jak i Mini PC, tak ten drugi zosta\u0142 przygotowany wy\u0142\u0105cznie z my\u015bl\u0105 o tych pierwszych (kt\u00f3re jednocze\u015bnie b\u0119d\u0105 te\u017c nieco ta\u0144sze ze wzgl\u0119du chocia\u017cby na mniejsz\u0105 pojemno\u015b\u0107 pami\u0119ci). R\u00f3wnocze\u015bnie og\u0142oszono dwa kolejne urz\u0105dzenia. Pierwszym b\u0119dzie laptop Lenovo Yoga 9n 2 w 1, czyli urz\u0105dzenie konwertowalne z ekranem OLED. Drugi to komputer klasy Mini PC w postaci modelu Acer SFF RTX Spark. W momencie premiery w pa\u017adzierniku, pierwsze sprz\u0119ty z RTX Spark N1X zaoferuj\u0105 <a href=\"https:\/\/www.purepc.pl\/nvidia-rtx-spark-anticheat-javelin\" rel=\"nofollow noopener\" target=\"_blank\">obs\u0142ug\u0119 systemu EA Javelin Anticheat, gier od Embark i Ubisoftu<\/a>.<\/p>\n<p><a class=\"colorbox\" href=\"https:\/\/www.purepc.pl\/image\/news\/2026\/09\/04_nvidia_rtx_spark_n1x_firma_potwierdza_dwie_konfiguracje_chipu_grace_blackwell_premiera_laptopow_juz_w_pazdzierniku_2_b.jpg\" rel=\"nofollow noopener\" target=\"_blank\"><img decoding=\"async\" src=\"https:\/\/www.europesays.com\/pl\/wp-content\/uploads\/2026\/09\/1788650567_30_04_nvidia_rtx_spark_n1x_firma_potwierdza_dwie_konfiguracje_chipu_grace_blackwell_premiera_laptopow_j.jpeg\" alt=\"NVIDIA RTX Spark N1X - Firma potwierdza dwie konfiguracje chipu Grace Blackwell. Premiera laptop\u00f3w ju\u017c w pa\u017adzierniku [3]\"\/><\/a><\/p>\n<p class=\"center\">\n<p>\u0179r\u00f3d\u0142o: NVIDIA<\/p>\n","protected":false},"excerpt":{"rendered":"Uk\u0142ad NVIDIA RTX Spark zosta\u0142 oficjalnie zaprezentowany na targach Computex na pocz\u0105tku czerwca. W\u00f3wczas mogli\u015bmy zobaczy\u0107 pierwsze notebooki&hellip;\n","protected":false},"author":2,"featured_media":670111,"comment_status":"","ping_status":"","sticky":false,"template":"","format":"standard","meta":{"footnotes":"","_share_on_mastodon":"0"},"categories":[20],"tags":[2769,1970,9676,129895,5626,2771,28368,129769,3132,14031,120,118,119,1968,88992,129896,42,38,40,39,41,88994,129897,116,114,115,4184,329,121,117,2721],"class_list":["post-670110","post","type-post","status-publish","format-standard","has-post-thumbnail","category-nauka-i-technika","tag-acer","tag-asus","tag-blackwell","tag-blackwell-rtx","tag-data-premiery","tag-dell","tag-hp","tag-ifa-2026","tag-lenovo","tag-msi","tag-nauka","tag-nauka-i-technika","tag-naukatechnika","tag-notebooki","tag-nvidia-rtx-spark","tag-nvidia-rtx-spark-n1x","tag-pl","tag-poland","tag-polish","tag-polska","tag-polski","tag-rtx-spark","tag-rtx-spark-n1x","tag-science","tag-science-and-technology","tag-sciencetechnology","tag-soc","tag-specyfikacja","tag-technika","tag-technology","tag-zapowiedz"],"share_on_mastodon":{"url":"https:\/\/pubeurope.com\/@pl\/117221010145854974","error":""},"_links":{"self":[{"href":"https:\/\/www.europesays.com\/pl\/wp-json\/wp\/v2\/posts\/670110","targetHints":{"allow":["GET"]}}],"collection":[{"href":"https:\/\/www.europesays.com\/pl\/wp-json\/wp\/v2\/posts"}],"about":[{"href":"https:\/\/www.europesays.com\/pl\/wp-json\/wp\/v2\/types\/post"}],"author":[{"embeddable":true,"href":"https:\/\/www.europesays.com\/pl\/wp-json\/wp\/v2\/users\/2"}],"replies":[{"embeddable":true,"href":"https:\/\/www.europesays.com\/pl\/wp-json\/wp\/v2\/comments?post=670110"}],"version-history":[{"count":0,"href":"https:\/\/www.europesays.com\/pl\/wp-json\/wp\/v2\/posts\/670110\/revisions"}],"wp:featuredmedia":[{"embeddable":true,"href":"https:\/\/www.europesays.com\/pl\/wp-json\/wp\/v2\/media\/670111"}],"wp:attachment":[{"href":"https:\/\/www.europesays.com\/pl\/wp-json\/wp\/v2\/media?parent=670110"}],"wp:term":[{"taxonomy":"category","embeddable":true,"href":"https:\/\/www.europesays.com\/pl\/wp-json\/wp\/v2\/categories?post=670110"},{"taxonomy":"post_tag","embeddable":true,"href":"https:\/\/www.europesays.com\/pl\/wp-json\/wp\/v2\/tags?post=670110"}],"curies":[{"name":"wp","href":"https:\/\/api.w.org\/{rel}","templated":true}]}}