{"id":670116,"date":"2026-09-05T23:26:08","date_gmt":"2026-09-05T23:26:08","guid":{"rendered":"https:\/\/www.europesays.com\/pl\/670116\/"},"modified":"2026-09-05T23:26:08","modified_gmt":"2026-09-05T23:26:08","slug":"konfederacja-ma-problem-bochenczak-moze-wypasc-z-wyborow-przez-50-podpisow","status":"publish","type":"post","link":"https:\/\/www.europesays.com\/pl\/670116\/","title":{"rendered":"Konfederacja ma problem. Boche\u0144czak mo\u017ce wypa\u015b\u0107 z wybor\u00f3w przez 50 podpis\u00f3w"},"content":{"rendered":"\n<p>&#13;<br \/>\nKonfederacja mo\u017ce zosta\u0107 bez swojego kandydata w\u00a0zaplanowanych na\u00a027 wrze\u015bnia przedterminowych wyborach prezydenta Krakowa. Jak podaje Interia, problemem okaza\u0142a si\u0119 weryfikacja podpis\u00f3w zebranych przez sztab Bartosza Boche\u0144czaka. &#13;\n<\/p>\n<p>&#13;<br \/>\nKomitet mia\u0142 dostarczy\u0107 ich \u0142\u0105cznie niemal 5\u00a0tys. Najpierw z\u0142o\u017cono oko\u0142o 3,3 tys. podpis\u00f3w, a\u00a0nast\u0119pnie dodatkow\u0105 pul\u0119 licz\u0105c\u0105 oko\u0142o 1,6 tys. Wed\u0142ug nieoficjalnych ustale\u0144 portalu komisja za\u00a0wa\u017cne uzna\u0142a jednak tylko 2950. Oznacza to, \u017ce\u00a0Boche\u0144czakowi na\u00a0razie brakuje zaledwie 50 podpis\u00f3w, aby\u00a0jego kandydatura mog\u0142a zosta\u0107 zarejestrowana. &#13;\n<\/p>\n<p>&#13;<br \/>\nZnaczna cz\u0119\u015b\u0107 podpis\u00f3w mia\u0142a zosta\u0107 zakwestionowana ze\u00a0wzgl\u0119d\u00f3w formalnych. Jednym z\u00a0powod\u00f3w by\u0142o udzielenie poparcia przez mieszka\u0144c\u00f3w gmin s\u0105siaduj\u0105cych z\u00a0Krakowem, kt\u00f3rzy nie\u00a0s\u0105 uprawnieni do\u00a0podpisywania list kandydat\u00f3w w\u00a0wyborach prezydenta tego miasta. &#13;\n<\/p>\n<p>Boche\u0144czak zapowiada walk\u0119<\/p>\n<p>&#13;<br \/>\nSprawa nie\u00a0jest jeszcze przes\u0105dzona. Na\u00a0poniedzia\u0142ek zaplanowano ponowne przeliczenie podpis\u00f3w. Tego samego dnia Miejska Komisja Wyborcza ma\u00a0podj\u0105\u0107 ostateczn\u0105 uchwa\u0142\u0119 dotycz\u0105c\u0105 rejestracji kandydatury. &#13;\n<\/p>\n<p>&#13;<br \/>\nBoche\u0144czak chce, aby\u00a0podczas ponownej weryfikacji obecni byli przedstawiciele jego komitetu. Zapowiada r\u00f3wnie\u017c mo\u017cliwo\u015b\u0107 zakwestionowania ewentualnej odmowy rejestracji. &#13;\n<\/p>\n<p>&#13;<br \/>\n\u2013 Je\u015bli z\u0142o\u017cyli\u015bmy 5\u00a0tys. podpis\u00f3w, a\u00a0tylko nieca\u0142e 3\u00a0tys. s\u0105 wa\u017cne, to\u00a0co\u015b tam jest nie\u00a0tak \u2013\u00a0powiedzia\u0142 kandydat Konfederacji w\u00a0rozmowie z\u00a0Interi\u0105. Boche\u0144czak jest przedsi\u0119biorc\u0105 i\u00a0sekretarzem Nowej Nadziei. W\u00a0ostatnich wyborach prezydenckich kierowa\u0142 sztabem S\u0142awomira Mentzena. Jego kandydatur\u0119 na\u00a0prezydenta Krakowa og\u0142osili pod\u00a0koniec maja Mentzen i\u00a0Krzysztof Bosak, a\u00a0kampania prowadzona jest pod\u00a0has\u0142em &#8222;Odzyskajmy Krak\u00f3w&#8221;. &#13;\n<\/p>\n<p>W tle rywalizacja w\u00a0Konfederacji<\/p>\n<p>&#13;<br \/>\nWed\u0142ug rozm\u00f3wc\u00f3w Interii problemy ze\u00a0zbi\u00f3rk\u0105 podpis\u00f3w mog\u0105 mie\u0107 r\u00f3wnie\u017c zwi\u0105zek z\u00a0wewn\u0119trzn\u0105 rywalizacj\u0105 w\u00a0krakowskich strukturach Nowej Nadziei. W\u00a0poprzednich wyborach kandydatem Konfederacji by\u0142 Konrad Berkowicz, kt\u00f3ry otrzyma\u0142 14 854 g\u0142osy, czyli oko\u0142o 5\u00a0proc. &#13;\n<\/p>\n<p>&#13;<br \/>\nDobry rezultat Boche\u0144czaka m\u00f3g\u0142by wzmocni\u0107 jego pozycj\u0119 przed wyborami parlamentarnymi w\u00a02027 roku. Wed\u0142ug Interii wst\u0119pne ustalenia dotycz\u0105ce list zak\u0142adaj\u0105, \u017ce\u00a0Nowa Nadzieja otrzyma pierwsze i\u00a0trzecie miejsce na\u00a0krakowskiej li\u015bcie. Tym samym Boche\u0144czak m\u00f3g\u0142by sta\u0107 si\u0119 konkurentem Berkowicza w\u00a0walce o\u00a0najlepsz\u0105 pozycj\u0119. &#13;\n<\/p>\n<p>&#13;<br \/>\n<a href=\"https:\/\/dorzeczy.pl\/kraj\/938536\/mamy-to-krakow-lukasz-gibala-potwierdza-rejestracje-w-wyborach.html\" title=\"\u201eMamy to!\u201d. \u0141ukasz Giba\u0142a potwierdza\" rel=\"nofollow noopener\" target=\"_blank\">Wybory prezydenta Krakowa odb\u0119d\u0105 si\u0119 27 wrze\u015bnia<\/a>. S\u0105 konsekwencj\u0105 majowego referendum, w\u00a0kt\u00f3rym odwo\u0142ano Aleksandra Miszalskiego z\u00a0KO. Do\u00a0czasu wyboru jego nast\u0119pcy obowi\u0105zki prezydenta pe\u0142ni Stanis\u0142aw Kracik. &#13;\n<\/p>\n<p>&#13;<br \/>\nCh\u0119\u0107 startu zg\u0142osi\u0142o 12 os\u00f3b, jednak weryfikacja cz\u0119\u015bci kandydatur wci\u0105\u017c trwa. Problemy z\u00a0podpisami mia\u0142 tak\u017ce \u0141ukasz Giba\u0142a, kt\u00f3rego sztab zebra\u0142 dodatkow\u0105 pul\u0119 poparcia, maj\u0105c\u0105 zapewni\u0107 mu mo\u017cliwo\u015b\u0107 udzia\u0142u w\u00a0wyborach. &#13;<\/p>\n","protected":false},"excerpt":{"rendered":"&#13; Konfederacja mo\u017ce zosta\u0107 bez swojego kandydata w\u00a0zaplanowanych na\u00a027 wrze\u015bnia przedterminowych wyborach prezydenta Krakowa. Jak podaje Interia, problemem&hellip;\n","protected":false},"author":2,"featured_media":670117,"comment_status":"","ping_status":"","sticky":false,"template":"","format":"standard","meta":{"footnotes":"","_share_on_mastodon":"0"},"categories":[12],"tags":[29743,32,33,98,36,37,27,1006,49,1304,34,35,28,31,25,103,42,38,40,39,41,29,30,26,3654],"class_list":["post-670116","post","type-post","status-publish","format-standard","has-post-thumbnail","category-polska","tag-bochenczak","tag-breaking-news","tag-breakingnews","tag-dorzeczy","tag-featured-news","tag-featurednews","tag-headlines","tag-konfederacja","tag-kraj","tag-krakow","tag-latest-news","tag-latestnews","tag-naglowki","tag-najwazniejsze-artykuly","tag-news","tag-obserwator-mediow","tag-pl","tag-poland","tag-polish","tag-polska","tag-polski","tag-top-stories","tag-topstories","tag-wiadomosci","tag-wybory"],"share_on_mastodon":{"url":"https:\/\/pubeurope.com\/@pl\/117221024507366147","error":""},"_links":{"self":[{"href":"https:\/\/www.europesays.com\/pl\/wp-json\/wp\/v2\/posts\/670116","targetHints":{"allow":["GET"]}}],"collection":[{"href":"https:\/\/www.europesays.com\/pl\/wp-json\/wp\/v2\/posts"}],"about":[{"href":"https:\/\/www.europesays.com\/pl\/wp-json\/wp\/v2\/types\/post"}],"author":[{"embeddable":true,"href":"https:\/\/www.europesays.com\/pl\/wp-json\/wp\/v2\/users\/2"}],"replies":[{"embeddable":true,"href":"https:\/\/www.europesays.com\/pl\/wp-json\/wp\/v2\/comments?post=670116"}],"version-history":[{"count":0,"href":"https:\/\/www.europesays.com\/pl\/wp-json\/wp\/v2\/posts\/670116\/revisions"}],"wp:featuredmedia":[{"embeddable":true,"href":"https:\/\/www.europesays.com\/pl\/wp-json\/wp\/v2\/media\/670117"}],"wp:attachment":[{"href":"https:\/\/www.europesays.com\/pl\/wp-json\/wp\/v2\/media?parent=670116"}],"wp:term":[{"taxonomy":"category","embeddable":true,"href":"https:\/\/www.europesays.com\/pl\/wp-json\/wp\/v2\/categories?post=670116"},{"taxonomy":"post_tag","embeddable":true,"href":"https:\/\/www.europesays.com\/pl\/wp-json\/wp\/v2\/tags?post=670116"}],"curies":[{"name":"wp","href":"https:\/\/api.w.org\/{rel}","templated":true}]}}