{"id":670124,"date":"2026-09-05T23:36:10","date_gmt":"2026-09-05T23:36:10","guid":{"rendered":"https:\/\/www.europesays.com\/pl\/670124\/"},"modified":"2026-09-05T23:36:10","modified_gmt":"2026-09-05T23:36:10","slug":"jagiellonia-bialystok-slask-wroclaw-raport-pilka-nozna-wynik-i-najlepsze-momenty","status":"publish","type":"post","link":"https:\/\/www.europesays.com\/pl\/670124\/","title":{"rendered":"Jagiellonia Bia\u0142ystok &#8211; \u015al\u0105sk Wroc\u0142aw &#8211; Raport &#8211; Pi\u0142ka no\u017cna &#8211; Wynik i najlepsze momenty"},"content":{"rendered":"<p>\u015aled\u017a na \u017cywo mecz Pi\u0142ka no\u017cna <a href=\"https:\/\/eurosport.tvn24.pl\/pilka-nozna\/pko-bp-ekstraklasa\/2026-2027\/\" rel=\"nofollow noopener\" target=\"_blank\">PKO BP Ekstraklasa 2026\/2027<\/a> pomi\u0119dzy <a href=\"https:\/\/eurosport.tvn24.pl\/pilka-nozna\/teams\/jagiellonia-bialystok\/druzyna.shtml\" rel=\"nofollow noopener\" target=\"_blank\">Jagiellonia Bia\u0142ystok<\/a> i <a href=\"https:\/\/eurosport.tvn24.pl\/pilka-nozna\/teams\/slask-wroclaw-2\/druzyna.shtml\" rel=\"nofollow noopener\" target=\"_blank\">\u015al\u0105sk Wroc\u0142aw<\/a> na Eurosport. Mecz rozpoczyna si\u0119 o 20:15 dnia 6 wrze\u015bnia 2026.<\/p>\n<p>B\u0105d\u017a na bie\u017c\u0105co z najnowszymi informacjami dotycz\u0105cymi dru\u017cyn <a href=\"https:\/\/eurosport.tvn24.pl\/pilka-nozna\/teams\/jagiellonia-bialystok\/druzyna.shtml\" rel=\"nofollow noopener\" target=\"_blank\">Jagiellonia Bia\u0142ystok<\/a> i <a href=\"https:\/\/eurosport.tvn24.pl\/pilka-nozna\/teams\/slask-wroclaw-2\/druzyna.shtml\" rel=\"nofollow noopener\" target=\"_blank\">\u015al\u0105sk Wroc\u0142aw<\/a>, sprawd\u017a aktualne <a href=\"https:\/\/eurosport.tvn24.pl\/pilka-nozna\/pko-bp-ekstraklasa\/2026-2027\/standing.shtml\" rel=\"nofollow noopener\" target=\"_blank\">, <a href=\"https:\/\/eurosport.tvn24.pl\/pilka-nozna\/pko-bp-ekstraklasa\/2026-2027\/calendar-result.shtml\" rel=\"nofollow noopener\" target=\"_blank\">, <a href=\"https:\/\/eurosport.tvn24.pl\/pilka-nozna\/pko-bp-ekstraklasa\/2026-2027\/standingperson.shtml\" rel=\"nofollow noopener\" target=\"_blank\"> oraz <a href=\"https:\/\/eurosport.tvn24.pl\/pilka-nozna\/pko-bp-ekstraklasa\/2026-2027\/palmares.shtml\" rel=\"nofollow noopener\" target=\"_blank\"> w <a href=\"https:\/\/eurosport.tvn24.pl\/pilka-nozna\/pko-bp-ekstraklasa\/2026-2027\/\" rel=\"nofollow noopener\" target=\"_blank\">PKO BP Ekstraklasa 2026\/2027<\/a>.<\/p>\n<p>Fani Pi\u0142ka no\u017cna mog\u0105 czyta\u0107 naj\u015bwie\u017csze nag\u0142\u00f3wki z wiadomo\u015bciami, wywiady, komentarze ekspert\u00f3w i ogl\u0105da\u0107 powt\u00f3rki. B\u0105d\u017a na bie\u017c\u0105co z tym, co dzieje si\u0119 w Premier League, Lidze Mistrz\u00f3w i innych rozgrywkach.<\/p>\n<p>Wybierz Eurosport jako swoje \u017ar\u00f3d\u0142o informacji sportowych online &#8211; od pi\u0142ki no\u017cnej, po tenis, kolarstwo, snooker i wiele wi\u0119cej. Ciesz si\u0119 najlepszymi zawodami sportowymi tej sezonu.<\/p>\n","protected":false},"excerpt":{"rendered":"\u015aled\u017a na \u017cywo mecz Pi\u0142ka no\u017cna PKO BP Ekstraklasa 2026\/2027 pomi\u0119dzy Jagiellonia Bia\u0142ystok i \u015al\u0105sk Wroc\u0142aw na Eurosport.&hellip;\n","protected":false},"author":2,"featured_media":670125,"comment_status":"","ping_status":"","sticky":false,"template":"","format":"standard","meta":{"footnotes":"","_share_on_mastodon":"0"},"categories":[51614],"tags":[2151,42,38,40,39,41],"class_list":["post-670124","post","type-post","status-publish","format-standard","has-post-thumbnail","category-bialystok","tag-bialystok","tag-pl","tag-poland","tag-polish","tag-polska","tag-polski"],"share_on_mastodon":{"url":"https:\/\/pubeurope.com\/@pl\/117221063872188103","error":""},"_links":{"self":[{"href":"https:\/\/www.europesays.com\/pl\/wp-json\/wp\/v2\/posts\/670124","targetHints":{"allow":["GET"]}}],"collection":[{"href":"https:\/\/www.europesays.com\/pl\/wp-json\/wp\/v2\/posts"}],"about":[{"href":"https:\/\/www.europesays.com\/pl\/wp-json\/wp\/v2\/types\/post"}],"author":[{"embeddable":true,"href":"https:\/\/www.europesays.com\/pl\/wp-json\/wp\/v2\/users\/2"}],"replies":[{"embeddable":true,"href":"https:\/\/www.europesays.com\/pl\/wp-json\/wp\/v2\/comments?post=670124"}],"version-history":[{"count":0,"href":"https:\/\/www.europesays.com\/pl\/wp-json\/wp\/v2\/posts\/670124\/revisions"}],"wp:featuredmedia":[{"embeddable":true,"href":"https:\/\/www.europesays.com\/pl\/wp-json\/wp\/v2\/media\/670125"}],"wp:attachment":[{"href":"https:\/\/www.europesays.com\/pl\/wp-json\/wp\/v2\/media?parent=670124"}],"wp:term":[{"taxonomy":"category","embeddable":true,"href":"https:\/\/www.europesays.com\/pl\/wp-json\/wp\/v2\/categories?post=670124"},{"taxonomy":"post_tag","embeddable":true,"href":"https:\/\/www.europesays.com\/pl\/wp-json\/wp\/v2\/tags?post=670124"}],"curies":[{"name":"wp","href":"https:\/\/api.w.org\/{rel}","templated":true}]}}