{"id":670128,"date":"2026-09-05T23:38:17","date_gmt":"2026-09-05T23:38:17","guid":{"rendered":"https:\/\/www.europesays.com\/pl\/670128\/"},"modified":"2026-09-05T23:38:17","modified_gmt":"2026-09-05T23:38:17","slug":"marek-papszun-wprost-po-wygranej-z-motorem-lublin-to-jest-martwiace","status":"publish","type":"post","link":"https:\/\/www.europesays.com\/pl\/670128\/","title":{"rendered":"Marek Papszun wprost po wygranej z Motorem Lublin. \u201eTo jest martwi\u0105ce\u201d"},"content":{"rendered":"\n<p class=\"lead\"> Legia Warszawa odwr\u00f3ci\u0142a losy meczu i w sobotni wiecz\u00f3r pokona\u0142a na wyje\u017adzie Motor Lublin. Po zako\u0144czeniu spotkania swoje spostrze\u017cenia na temat jego przebiegu przedstawi\u0142 trener Marek Papszun. <\/p>\n<p>Legia przyst\u0119powa\u0142a do tego spotkania z ch\u0119ci\u0105 rewan\u017cu za pucharow\u0105 pora\u017ck\u0119 sprzed czterech dni. W\u00f3wczas Motor nie da\u0142 jej wi\u0119kszych szans i przed w\u0142asn\u0105 publiczno\u015bci\u0105 zwyci\u0119\u017cy\u0142 a\u017c 3:0.<\/p>\n<p>Na ligowym polu zesp\u00f3\u0142 Marka Papszuna chcia\u0142 wi\u0119c jak najszybciej zmaza\u0107 tamt\u0105 plam\u0119 i si\u0119gn\u0105\u0107 po kolejny komplet punkt\u00f3w.<\/p>\n<p>Jeszcze w samej ko\u0144c\u00f3wce wydawa\u0142o si\u0119 jednak, \u017ce Lublinianie ponownie skutecznie pokrzy\u017cuj\u0105 ich plany.    <\/p>\n<p> Popularne <\/p>\n<\/p>\n<p>Wtedy sprawy w swoje r\u0119ce wzi\u0105\u0142 Jakub \u017bew\u0142akow. M\u0142odzie\u017cowiec Legii dwukrotnie wpisa\u0142 si\u0119 na list\u0119 strzelc\u00f3w w doliczonym czasie gry, zapewniaj\u0105c sto\u0142ecznej dru\u017cynie cenne zwyci\u0119stwo.<\/p>\n<p>&#8211; Po sportowemu chcieli\u015bmy si\u0119 zrewan\u017cowa\u0107. Mogli\u015bmy tutaj przyjecha\u0107 jeszcze raz w kr\u00f3tkim okresie i powalczy\u0107 z Motorem &#8211; przyzna\u0142 Papszun.<\/p>\n<p>&#8211; Ciesz\u0119 si\u0119, \u017ce uda\u0142o nam si\u0119 zrewan\u017cowa\u0107, cho\u0107 ten by\u0142 dla nas trudny. Nie wiem, czy nie trudniejszy, ni\u017c poprzednie spotkanie. Dzisiejsze starcie by\u0142o emocjonuj\u0105ce dla kibic\u00f3w, by\u0142o du\u017co zwrot\u00f3w akcji i r\u00f3\u017cnych moment\u00f3w &#8211; powiedzia\u0142.<\/p>\n<p>&#8211; Uwa\u017cam, \u017ce pierwsz\u0105 po\u0142ow\u0119 mieli\u015bmy pod kontrol\u0105. Motor mia\u0142 jedn\u0105 podw\u00f3jn\u0105 sytuacj\u0119, gdzie \u015bwietnie zachowa\u0142 si\u0119 Otto Hindrich, ale my te\u017c mieli\u015bmy dwie czyste szanse. Uwa\u017cam, \u017ce dobrze rozgrywali\u015bmy ten mecz, natomiast przed strat\u0105 bramki, do 64. minuty, Motor nie m\u00f3g\u0142 nam za bardzo zagrozi\u0107. Widzia\u0142em ju\u017c jednak symptomy, \u017ce za bardzo idziemy w prostot\u0119 i chcemy przetrwa\u0107. To nigdy si\u0119 nie sprawdza &#8211; stwierdzi\u0142.<\/p>\n<p>&#8211; Pierwsza bramka Motoru pad\u0142a w spos\u00f3b, przed kt\u00f3rym si\u0119 przygotowywali\u015bmy. To jest martwi\u0105ce, bo podobnie by\u0142o przy drugim golu. Ndiaye wygra\u0142 pojedynek na boku i da\u0142 prostopad\u0142e podanie. W zbyt prosty spos\u00f3b stracili\u015bmy prowadzenie &#8211; oceni\u0142.<\/p>\n<p>&#8211; Nie poddali\u015bmy si\u0119. Zmiany wnios\u0142y nie tylko o\u017cywienie i intensywno\u015b\u0107, ale przede wszystkim jako\u015b\u0107. [&#8230;] Cieszymy si\u0119 bardzo. Odwr\u00f3cili\u015bmy wynik w ostatniej chwili. To bardzo cenne, wiemy, \u017ce w tej lidze zdobywa\u0107 punkty jest bardzo ci\u0119\u017cko, zw\u0142aszcza na wyje\u017adzie &#8211; zauwa\u017cy\u0142 szkoleniowiec Legii.<\/p>\n<p>Warszawianie kolejne spotkanie rozegraj\u0105 w niedziel\u0119, 13 wrze\u015bnia. Na \u0141azienkowsk\u0105 przyje\u017adzie w\u00f3wczas Widzew \u0141\u00f3d\u017a.<\/p>\n","protected":false},"excerpt":{"rendered":"Legia Warszawa odwr\u00f3ci\u0142a losy meczu i w sobotni wiecz\u00f3r pokona\u0142a na wyje\u017adzie Motor Lublin. Po zako\u0144czeniu spotkania swoje&hellip;\n","protected":false},"author":2,"featured_media":670129,"comment_status":"","ping_status":"","sticky":false,"template":"","format":"standard","meta":{"footnotes":"","_share_on_mastodon":"0"},"categories":[51612],"tags":[1081,42,38,40,39,41],"class_list":["post-670128","post","type-post","status-publish","format-standard","has-post-thumbnail","category-lublin","tag-lublin","tag-pl","tag-poland","tag-polish","tag-polska","tag-polski"],"share_on_mastodon":{"url":"https:\/\/pubeurope.com\/@pl\/117221071718636653","error":""},"_links":{"self":[{"href":"https:\/\/www.europesays.com\/pl\/wp-json\/wp\/v2\/posts\/670128","targetHints":{"allow":["GET"]}}],"collection":[{"href":"https:\/\/www.europesays.com\/pl\/wp-json\/wp\/v2\/posts"}],"about":[{"href":"https:\/\/www.europesays.com\/pl\/wp-json\/wp\/v2\/types\/post"}],"author":[{"embeddable":true,"href":"https:\/\/www.europesays.com\/pl\/wp-json\/wp\/v2\/users\/2"}],"replies":[{"embeddable":true,"href":"https:\/\/www.europesays.com\/pl\/wp-json\/wp\/v2\/comments?post=670128"}],"version-history":[{"count":0,"href":"https:\/\/www.europesays.com\/pl\/wp-json\/wp\/v2\/posts\/670128\/revisions"}],"wp:featuredmedia":[{"embeddable":true,"href":"https:\/\/www.europesays.com\/pl\/wp-json\/wp\/v2\/media\/670129"}],"wp:attachment":[{"href":"https:\/\/www.europesays.com\/pl\/wp-json\/wp\/v2\/media?parent=670128"}],"wp:term":[{"taxonomy":"category","embeddable":true,"href":"https:\/\/www.europesays.com\/pl\/wp-json\/wp\/v2\/categories?post=670128"},{"taxonomy":"post_tag","embeddable":true,"href":"https:\/\/www.europesays.com\/pl\/wp-json\/wp\/v2\/tags?post=670128"}],"curies":[{"name":"wp","href":"https:\/\/api.w.org\/{rel}","templated":true}]}}