{"id":670136,"date":"2026-09-05T23:42:40","date_gmt":"2026-09-05T23:42:40","guid":{"rendered":"https:\/\/www.europesays.com\/pl\/670136\/"},"modified":"2026-09-05T23:42:40","modified_gmt":"2026-09-05T23:42:40","slug":"widzew-lodz-znow-rozczarowal-powazne-konsekwencje-w-tabeli","status":"publish","type":"post","link":"https:\/\/www.europesays.com\/pl\/670136\/","title":{"rendered":"Widzew \u0141\u00f3d\u017a zn\u00f3w rozczarowa\u0142. Powa\u017cne konsekwencje w tabeli"},"content":{"rendered":"<p>Widzew chcia\u0142 z przytupem rozpocz\u0105\u0107 sezon, ale zn\u00f3w wydane przez klub pieni\u0105dze nie prze\u0142o\u017cy\u0142y si\u0119 na jako\u015b\u0107. \u0141odzianie od czterech mecz\u00f3w nie wygrali, a zd\u0105\u017cyli tak\u017ce odpa\u015b\u0107 z Pucharu Polski. Z Radomiakiem chcieli wreszcie si\u0119 prze\u0142ama\u0107, cho\u0107 oba zespo\u0142y znajdowa\u0142y si\u0119 bardzo nisko w tabeli.<\/p>\n<p>Dalszy ci\u0105g artyku\u0142u pod materia\u0142em wideo<\/p>\n<p>Wydawa\u0142o si\u0119, \u017ce \u0142odzianie lepiej zacz\u0119li starcie z Radomiakiem. Cz\u0119\u015bciej utrzymywali si\u0119 przy pi\u0142ce i ju\u017c w 6. minucie stworzyli zagro\u017cenie. Stipe Biuk \u015bwietnie \u015bci\u0105\u0142 do \u015brodka, zagra\u0142 do Mariusza Fornalczyka, ale jego p\u0142askie do\u015brodkowanie wybi\u0142 Zie Ouattara.<\/p>\n<p><a href=\"https:\/\/przegladsportowy.onet.pl\/\" title=\"Strona g\u0142\u00f3wna serwisu\" aria-label=\"Strona g\u0142\u00f3wna serwisu\" data-astro-prefetch=\"tap\" class=\"ods-a-logo-main-desktop\" rel=\"nofollow noopener\" target=\"_blank\"><img src=\"https:\/\/cdn.przegladsportowy.onet.pl\/img\/Logo_desktop_Onet.svg\" class=\"ods-a-logo-main-desktop__image\" alt=\"Logo\" width=\"107\" height=\"60\" fetchpriority=\"high\" decoding=\"sync\" style=\"height:60px\"\/><\/a><\/p>\n<p class=\"ods-m-google-article__text\">Czytaj nas cz\u0119\u015bciej w Google<\/p>\n<p><a href=\"https:\/\/google.com\/preferences\/source?q=przegladsportowy.onet.pl\" target=\"_blank\" rel=\"noopener noreferrer nofollow\" aria-label=\"Dodaj w Google\" title=\"Dodaj w Google\" class=\"ods-a-button ods-a-button__primary ods-a-button__default ods-a-button-l\">Dodaj w Google<\/a><\/p>\n<p>Najlepsz\u0105 okazj\u0119 mieli jednak go\u015bcie. W 15. minucie gospodarze pozwolili zupe\u0142nie nieatakowanemu Guilherme wbiec w pole karne. Jego strza\u0142 zosta\u0142 zablokowany. Kolejne uderzenie, dobitk\u0119, obroni\u0142 na siedz\u0105co Bart\u0142omiej Dr\u0105gowski. Wreszcie obro\u0144cy Widzewa zablokowali kolejnych pi\u0142karzy Radomiaka.<\/p>\n<p>Widzew odpowiedzia\u0142 gro\u017an\u0105 kontr\u0105 w 30. minucie. Fran Alvarez mia\u0142 \u015bwietn\u0105 okazj\u0119 do strza\u0142u, ale zamiast tego fatalnie dogra\u0142 do Fornalczyka. Tu\u017c przed przerw\u0105 Abdoul Tapsoba uderzy\u0142 jeszcze nad bramk\u0105.<\/p>\n<p>Druga po\u0142owa d\u0142ugo nie przynosi\u0142a zmiany wyniku. Widzew rozpocz\u0105\u0142 j\u0105 od wysokiego pressingu, a ju\u017c w 48. minucie dobrze uderzy\u0142 Karol \u015awiderski, lecz Filip Majchrowicz poradzi\u0142 sobie ze strza\u0142em. Radomiak r\u00f3wnie\u017c mia\u0142 swoje momenty \u2014 Rafa\u0142 Wolski uderzy\u0142 z dystansu, a kolejne rzuty ro\u017cne nie przynios\u0142y go\u015bciom bramki.<\/p>\n<p>Widzew i Radomiak pozosta\u0142y w dolnej cz\u0119\u015bci tabeli<\/p>\n<p>W 69. minucie Majchrowicz ponownie zatrzyma\u0142 Widzew, broni\u0105c uderzenia Frana \u00c1lvareza z rzutu wolnego. Gdy wydawa\u0142o si\u0119, \u017ce spotkanie zmierza w stron\u0119 bezbramkowego remisu, w 78. minucie Radomiak obj\u0105\u0142 prowadzenie. Po stracie Emila Kornviga Fernand Goure do\u015brodkowa\u0142, a Przemys\u0142aw Wi\u015bniewski niefortunnie skierowa\u0142 pi\u0142k\u0119 do w\u0142asnej bramki. Widzew protestowa\u0142, sugeruj\u0105c faul na Kornvigu, a po analizie VAR gol zosta\u0142 anulowany.<\/p>\n<p>W 88. minucie to Dr\u0105gowski musia\u0142 ratowa\u0107 sw\u00f3j zesp\u00f3\u0142 po bramce Lumungo. Bramkarz \u0142odzian i reprezentacji Polski okupi\u0142 t\u0119 interwencj\u0119 uderzeniem g\u0142ow\u0105 w s\u0142upek.<\/p>\n<p>Widzew po raz pi\u0105ty z rz\u0119du nie wygra\u0142. Zajmuje wci\u0105\u017c 13. pozycj\u0119 w tabeli \u2014 zdecydowanie poni\u017cej oczekiwa\u0144 i ambicji, a Radomiak po tym spotkaniu utrzyma\u0142 si\u0119 na 12. lokacie. \u0141\u00f3dzki zesp\u00f3\u0142 zostaje bez zwyci\u0119stwa na swoim boisku w tym sezonie.<\/p>\n","protected":false},"excerpt":{"rendered":"Widzew chcia\u0142 z przytupem rozpocz\u0105\u0107 sezon, ale zn\u00f3w wydane przez klub pieni\u0105dze nie prze\u0142o\u017cy\u0142y si\u0119 na jako\u015b\u0107. \u0141odzianie&hellip;\n","protected":false},"author":2,"featured_media":670137,"comment_status":"","ping_status":"","sticky":false,"template":"","format":"standard","meta":{"footnotes":"","_share_on_mastodon":"0"},"categories":[51608],"tags":[128237,61195,274,3652,48,46,948,2475,42,38,40,39,41,7258,47,130,3469],"class_list":["post-670136","post","type-post","status-publish","format-standard","has-post-thumbnail","category-lodz","tag-adshield_tst1","tag-bottomfeed_styl","tag-ekstraklasa","tag-lodz","tag-nat_styl","tag-omp","tag-pilka_nozna","tag-pko_ekstraklasa","tag-pl","tag-poland","tag-polish","tag-polska","tag-polski","tag-radomiak_radom","tag-screening_general","tag-wiadomosci_sportowe","tag-widzew_lodz"],"share_on_mastodon":{"url":"https:\/\/pubeurope.com\/@pl\/117221088107750835","error":""},"_links":{"self":[{"href":"https:\/\/www.europesays.com\/pl\/wp-json\/wp\/v2\/posts\/670136","targetHints":{"allow":["GET"]}}],"collection":[{"href":"https:\/\/www.europesays.com\/pl\/wp-json\/wp\/v2\/posts"}],"about":[{"href":"https:\/\/www.europesays.com\/pl\/wp-json\/wp\/v2\/types\/post"}],"author":[{"embeddable":true,"href":"https:\/\/www.europesays.com\/pl\/wp-json\/wp\/v2\/users\/2"}],"replies":[{"embeddable":true,"href":"https:\/\/www.europesays.com\/pl\/wp-json\/wp\/v2\/comments?post=670136"}],"version-history":[{"count":0,"href":"https:\/\/www.europesays.com\/pl\/wp-json\/wp\/v2\/posts\/670136\/revisions"}],"wp:featuredmedia":[{"embeddable":true,"href":"https:\/\/www.europesays.com\/pl\/wp-json\/wp\/v2\/media\/670137"}],"wp:attachment":[{"href":"https:\/\/www.europesays.com\/pl\/wp-json\/wp\/v2\/media?parent=670136"}],"wp:term":[{"taxonomy":"category","embeddable":true,"href":"https:\/\/www.europesays.com\/pl\/wp-json\/wp\/v2\/categories?post=670136"},{"taxonomy":"post_tag","embeddable":true,"href":"https:\/\/www.europesays.com\/pl\/wp-json\/wp\/v2\/tags?post=670136"}],"curies":[{"name":"wp","href":"https:\/\/api.w.org\/{rel}","templated":true}]}}