{"id":670148,"date":"2026-09-05T23:52:13","date_gmt":"2026-09-05T23:52:13","guid":{"rendered":"https:\/\/www.europesays.com\/pl\/670148\/"},"modified":"2026-09-05T23:52:13","modified_gmt":"2026-09-05T23:52:13","slug":"pieklo-w-derbach-stambulu-dwie-byle-gwiazdy-serie-a-wszczely-awanture-wideo","status":"publish","type":"post","link":"https:\/\/www.europesays.com\/pl\/670148\/","title":{"rendered":"Piek\u0142o w derbach Stambu\u0142u. Dwie by\u0142e gwiazdy Serie A wszcz\u0119\u0142y awantur\u0119 [WIDEO]"},"content":{"rendered":"<p>Besiktas pokona\u0142 2:1 Fenerbahce w derbach Stambu\u0142u po decyduj\u0105cym golu Dusana Vlahovicia. Serb by\u0142 wizyt\u00f3wk\u0105 tego wieczoru, tak\u017ce ze wzgl\u0119du na boiskow\u0105 rywalizacj\u0119 z Milanem Skriniarem.<\/p>\n<p>O ironio, to w\u0142a\u015bnie by\u0142y kapitan Interu Mediolan rozpocz\u0105\u0142 strzelanie w tym meczu. W 26. minucie odebra\u0142 pi\u0142k\u0119 w polu karnym po d\u0142ugim wrzucie z autu i z zimn\u0105 krwi\u0105 wpakowa\u0142 j\u0105 do siatki.<\/p>\n<p>Dalsza cz\u0119\u015b\u0107 tekstu pod wideo<\/p>\n<p>Fenerbahce prowadzi\u0142o od tej pory 1:0, jednak z zaliczki cieszy\u0142o si\u0119 jedynie przez 12 minut. Dok\u0142adnie tyle zaj\u0119\u0142o bowiem Besiktasowi, by odpowiedzie\u0107 &#8211; po asy\u015bcie Leandro Trossarda na list\u0119 strzelc\u00f3w wpisa\u0142 si\u0119 Ridvan Yilmaz.<\/p>\n<p>Z biegiem minut atmosfera na boisku zacz\u0119\u0142a si\u0119 robi\u0107 coraz g\u0119stsza. Kulminacja nast\u0105pi\u0142a w 52. minucie, kiedy Skriniar skonfrontowa\u0142 si\u0119 z nowym nabytkiem Besiktasu, Dusanem Vlahoviciem. Zapalnikiem do konfliktu by\u0142o zagranie r\u0119k\u0105 s\u0142owackiego obro\u0144cy.<\/p>\n<p>Serbski napastnik zauwa\u017cy\u0142 nieprzepisowe przyj\u0119cie pi\u0142ki przez rywala i zacz\u0105\u0142 protestowa\u0107. Chwil\u0119 p\u00f3\u017aniej zawodnicy ruszyli ku sobie i zacz\u0119li si\u0119 przepycha\u0107. Sytuacja eskalowa\u0142a, gdy Skriniar z\u0142apa\u0142 Vlahovicia za szyj\u0119 &#8211; by\u0142y snajper Juventusu pad\u0142 na muraw\u0119, a w awantur\u0119 zaanga\u017cowali si\u0119 te\u017c inni pi\u0142karze.<\/p>\n<p>S\u0119dzia ostatecznie rozda\u0142 cztery \u017c\u00f3\u0142te kartki dla dw\u00f3ch zawodnik\u00f3w ka\u017cdej z dru\u017cyn. Poza g\u0142\u00f3wnym duetem ukarani zostali r\u00f3wnie\u017c Ederson i Vaclav Cerny. To nie by\u0142 jednak koniec emocji w ca\u0142ym meczu &#8211; ostatecznie to Besiktas odni\u00f3s\u0142 zwyci\u0119stwo 2:1, a gola na wag\u0119 trzech punkt\u00f3w strzeli\u0142&#8230; Vlahovi\u0107.<\/p>\n","protected":false},"excerpt":{"rendered":"Besiktas pokona\u0142 2:1 Fenerbahce w derbach Stambu\u0142u po decyduj\u0105cym golu Dusana Vlahovicia. Serb by\u0142 wizyt\u00f3wk\u0105 tego wieczoru, tak\u017ce&hellip;\n","protected":false},"author":2,"featured_media":670149,"comment_status":"","ping_status":"","sticky":false,"template":"","format":"standard","meta":{"footnotes":"","_share_on_mastodon":"0"},"categories":[24],"tags":[42,38,40,39,41,127,126],"class_list":["post-670148","post","type-post","status-publish","format-standard","has-post-thumbnail","category-sport","tag-pl","tag-poland","tag-polish","tag-polska","tag-polski","tag-sport","tag-sports"],"share_on_mastodon":{"url":"https:\/\/pubeurope.com\/@pl\/117221126469876454","error":""},"_links":{"self":[{"href":"https:\/\/www.europesays.com\/pl\/wp-json\/wp\/v2\/posts\/670148","targetHints":{"allow":["GET"]}}],"collection":[{"href":"https:\/\/www.europesays.com\/pl\/wp-json\/wp\/v2\/posts"}],"about":[{"href":"https:\/\/www.europesays.com\/pl\/wp-json\/wp\/v2\/types\/post"}],"author":[{"embeddable":true,"href":"https:\/\/www.europesays.com\/pl\/wp-json\/wp\/v2\/users\/2"}],"replies":[{"embeddable":true,"href":"https:\/\/www.europesays.com\/pl\/wp-json\/wp\/v2\/comments?post=670148"}],"version-history":[{"count":0,"href":"https:\/\/www.europesays.com\/pl\/wp-json\/wp\/v2\/posts\/670148\/revisions"}],"wp:featuredmedia":[{"embeddable":true,"href":"https:\/\/www.europesays.com\/pl\/wp-json\/wp\/v2\/media\/670149"}],"wp:attachment":[{"href":"https:\/\/www.europesays.com\/pl\/wp-json\/wp\/v2\/media?parent=670148"}],"wp:term":[{"taxonomy":"category","embeddable":true,"href":"https:\/\/www.europesays.com\/pl\/wp-json\/wp\/v2\/categories?post=670148"},{"taxonomy":"post_tag","embeddable":true,"href":"https:\/\/www.europesays.com\/pl\/wp-json\/wp\/v2\/tags?post=670148"}],"curies":[{"name":"wp","href":"https:\/\/api.w.org\/{rel}","templated":true}]}}