{"id":670150,"date":"2026-09-05T23:53:08","date_gmt":"2026-09-05T23:53:08","guid":{"rendered":"https:\/\/www.europesays.com\/pl\/670150\/"},"modified":"2026-09-05T23:53:08","modified_gmt":"2026-09-05T23:53:08","slug":"artysci-pozuja-na-finale-trasy-lato-z-radiem-i-tvp-drapiezna-natalia-szroeder-dzinsowa-natalia-kukulska-danzel-w-okularach-zdjecia","status":"publish","type":"post","link":"https:\/\/www.europesays.com\/pl\/670150\/","title":{"rendered":"Arty\u015bci pozuj\u0105 na finale trasy &#8222;Lato z Radiem i TVP&#8221;: drapie\u017cna Natalia Szroeder, d\u017cinsowa Natalia Kukulska, Danzel w okularach (ZDJ\u0118CIA)"},"content":{"rendered":"<p>Wielki fina\u0142 wakacyjnej trasy &#8222;Lato z\u00a0Radiem i\u00a0TVP&#8221; zorganizowano w\u00a0Bia\u0142ych B\u0142otach, \u0142\u0105cz\u0105c audycje radiowe na \u017cywo, strefy rozrywkowo-edukacyjne oraz rodzinny piknik z\u00a0wieczornym koncertem plenerowym. Publiczno\u015b\u0107 zgromadzona pod scen\u0105 oraz widzowie przed telewizorami mogli liczy\u0107 na widowiskowe oprawy sceniczne i wyst\u0119py artyst\u00f3w reprezentuj\u0105cych najr\u00f3\u017cniejsze gatunki muzyczne.<\/p>\n<p>R\u00f3wnie ciekawe co wyst\u0119py by\u0142y stylizacje gwiazd polskiej i\u00a0zagranicznej muzyki. Celebryci ch\u0119tnie pozowali do pami\u0105tkowych zdj\u0119\u0107. Spore poruszenie wywo\u0142a\u0142a Natalia Szroeder, kt\u00f3ra na scenie zaprezentowa\u0142a drapie\u017cny, sk\u00f3rzany look. Wokalistka postawi\u0142a na dwucz\u0119\u015bciowy, czarny komplet sk\u0142adaj\u0105cy si\u0119 z\u00a0kr\u00f3tkiego topu bez r\u0119kaw\u00f3w zapinanego na zamek oraz dopasowanej sp\u00f3dniczki mini. Z\u00a0kolei na \u015bciance brylowa\u0142a Natalia Kukulska, wybieraj\u0105c stylizacj\u0119 w\u00a0klimacie retro &#8211; wokalistka pozowa\u0142a w\u00a0d\u017cinsowym kombinezonie z\u00a0mocno poszerzanymi nogawkami typu dzwony.<\/p>\n<p>Zagranicznym akcentem fina\u0142owego wieczoru by\u0142 wyst\u0119p uwielbianego w\u00a0Polsce belgijskiego wokalisty Danzela, tw\u00f3rcy nie\u015bmiertelnego klubowego przeboju &#8222;Pump It Up&#8221;. Danzel pozowa\u0142 do zdj\u0119\u0107 w\u00a0czarnej bazie z\u0142o\u017conej ze swobodnych, szerokich spodni oraz t-shirtu, na kt\u00f3ry zarzuci\u0142 wzorzyst\u0105 kurtk\u0119 w\u00a0motywy ro\u015blinne. Ca\u0142o\u015bci jego wizerunku dope\u0142ni\u0142y stylowe, ciemne okulary i\u00a0zaczesane do ty\u0142u w\u0142osy.<\/p>\n<p>Zobaczcie, kto jeszcze ol\u015bni\u0142 na \u015bciance.<\/p>\n","protected":false},"excerpt":{"rendered":"Wielki fina\u0142 wakacyjnej trasy &#8222;Lato z\u00a0Radiem i\u00a0TVP&#8221; zorganizowano w\u00a0Bia\u0142ych B\u0142otach, \u0142\u0105cz\u0105c audycje radiowe na \u017cywo, strefy rozrywkowo-edukacyjne oraz&hellip;\n","protected":false},"author":2,"featured_media":670151,"comment_status":"","ping_status":"","sticky":false,"template":"","format":"standard","meta":{"footnotes":"","_share_on_mastodon":"0"},"categories":[22],"tags":[122,42,38,40,39,41,123],"class_list":["post-670150","post","type-post","status-publish","format-standard","has-post-thumbnail","category-rozrywka","tag-entertainment","tag-pl","tag-poland","tag-polish","tag-polska","tag-polski","tag-rozrywka"],"share_on_mastodon":{"url":"","error":""},"_links":{"self":[{"href":"https:\/\/www.europesays.com\/pl\/wp-json\/wp\/v2\/posts\/670150","targetHints":{"allow":["GET"]}}],"collection":[{"href":"https:\/\/www.europesays.com\/pl\/wp-json\/wp\/v2\/posts"}],"about":[{"href":"https:\/\/www.europesays.com\/pl\/wp-json\/wp\/v2\/types\/post"}],"author":[{"embeddable":true,"href":"https:\/\/www.europesays.com\/pl\/wp-json\/wp\/v2\/users\/2"}],"replies":[{"embeddable":true,"href":"https:\/\/www.europesays.com\/pl\/wp-json\/wp\/v2\/comments?post=670150"}],"version-history":[{"count":0,"href":"https:\/\/www.europesays.com\/pl\/wp-json\/wp\/v2\/posts\/670150\/revisions"}],"wp:featuredmedia":[{"embeddable":true,"href":"https:\/\/www.europesays.com\/pl\/wp-json\/wp\/v2\/media\/670151"}],"wp:attachment":[{"href":"https:\/\/www.europesays.com\/pl\/wp-json\/wp\/v2\/media?parent=670150"}],"wp:term":[{"taxonomy":"category","embeddable":true,"href":"https:\/\/www.europesays.com\/pl\/wp-json\/wp\/v2\/categories?post=670150"},{"taxonomy":"post_tag","embeddable":true,"href":"https:\/\/www.europesays.com\/pl\/wp-json\/wp\/v2\/tags?post=670150"}],"curies":[{"name":"wp","href":"https:\/\/api.w.org\/{rel}","templated":true}]}}