{"id":670166,"date":"2026-09-06T00:08:14","date_gmt":"2026-09-06T00:08:14","guid":{"rendered":"https:\/\/www.europesays.com\/pl\/670166\/"},"modified":"2026-09-06T00:08:14","modified_gmt":"2026-09-06T00:08:14","slug":"totalna-magia-2-w-bialymstoku","status":"publish","type":"post","link":"https:\/\/www.europesays.com\/pl\/670166\/","title":{"rendered":"Totalna magia 2 w Bia\u0142ymstoku"},"content":{"rendered":"<p class=\"atomsHappeningContent__desc\">Opis: Sandra Bullock i Nicole Kidman, graj\u0105ce g\u0142\u00f3wne role w filmie Totalna magia 2, powracaj\u0105 do \u015bwiata nocnych intryg, snutych przy \u015bwietle ksi\u0119\u017cyca, oraz pot\u0119\u017cnej, dziedziczonej po przodkach magii. Tym razem siostry Owens musz\u0105 stawi\u0107 czo\u0142a mrocznej kl\u0105twie, gro\u017c\u0105cej ostatecznym rozpadem ich rodziny. Ten film to pozycja obowi\u0105zkowa, pe\u0142na humoru, magii i chaosu.<\/p>\n<p>Na planie Sandrze Bullock i Nicole Kidman towarzysz\u0105 Joey King, Lee Pace, Maisie Williams, Xolo Maridue\u00f1a i Solly McLeod, jak r\u00f3wnie\u017c Dianne Wiest oraz Stockard Channing. Re\u017cyserk\u0105 jest Susane Bier, a autorami scenariusza &#8211; Akiva Goldsman oraz Georgia Pritchett i Kelly Marcel, kt\u00f3rzy napisali go na podstawie powie\u015bci Ksi\u0119ga magii autorstwa Alice Hoffman. Producentkami filmu s\u0105 Denise Di Novi, Sandra Bullock i Nicole Kidman. Funkcj\u0119 producent\u00f3w wykonawczych pe\u0142ni\u0105 Donald Sabourin, Alice Hoffman, Andrew A. Kosove i Broderick Johnson.<\/p>\n<p>Bier zgromadzi\u0142a grup\u0119 uznanych artyst\u00f3w filmowych, w tym operatora Simona Duggana, scenografa Toma Burtona, monta\u017cyst\u0119 Sama Williamsa, kierownik\u00f3w muzycznych Season Kent i Gabe\u2019a Hilfera, autora muzyki Ruperta Gregson-Williamsa, projektantk\u0119 kostium\u00f3w Alexandr\u0119 Byrne oraz re\u017cyserk\u0119 castingu Jin\u0119 Jay.<br \/>Tytu\u0142 oryginalny: Practical Magic 2<br \/>Re\u017cyser: Susanne Bier<br \/>Scenariusz: Akiva Goldsman, Georgia Pritchett<br \/>Gatunek: romans<br \/>Czas trwania: 110 minut<br \/>Kraj produkcji: USA<br \/>Rok produkcji: 2026<br \/>Muzyka: Rupert Gregson-Williams<br \/>Zdj\u0119cia: Simon Duggan<br \/>Data premiery w Polsce: 2026-09-11<\/p>\n","protected":false},"excerpt":{"rendered":"Opis: Sandra Bullock i Nicole Kidman, graj\u0105ce g\u0142\u00f3wne role w filmie Totalna magia 2, powracaj\u0105 do \u015bwiata nocnych&hellip;\n","protected":false},"author":2,"featured_media":670167,"comment_status":"","ping_status":"","sticky":false,"template":"","format":"standard","meta":{"footnotes":"","_share_on_mastodon":"0"},"categories":[51614],"tags":[2151,6226,68212,10195,42,38,40,39,41,22920],"class_list":["post-670166","post","type-post","status-publish","format-standard","has-post-thumbnail","category-bialystok","tag-bialystok","tag-bilety","tag-film-i-kino","tag-impreza","tag-pl","tag-poland","tag-polish","tag-polska","tag-polski","tag-wydarzenie"],"share_on_mastodon":{"url":"https:\/\/pubeurope.com\/@pl\/117221189846900072","error":""},"_links":{"self":[{"href":"https:\/\/www.europesays.com\/pl\/wp-json\/wp\/v2\/posts\/670166","targetHints":{"allow":["GET"]}}],"collection":[{"href":"https:\/\/www.europesays.com\/pl\/wp-json\/wp\/v2\/posts"}],"about":[{"href":"https:\/\/www.europesays.com\/pl\/wp-json\/wp\/v2\/types\/post"}],"author":[{"embeddable":true,"href":"https:\/\/www.europesays.com\/pl\/wp-json\/wp\/v2\/users\/2"}],"replies":[{"embeddable":true,"href":"https:\/\/www.europesays.com\/pl\/wp-json\/wp\/v2\/comments?post=670166"}],"version-history":[{"count":0,"href":"https:\/\/www.europesays.com\/pl\/wp-json\/wp\/v2\/posts\/670166\/revisions"}],"wp:featuredmedia":[{"embeddable":true,"href":"https:\/\/www.europesays.com\/pl\/wp-json\/wp\/v2\/media\/670167"}],"wp:attachment":[{"href":"https:\/\/www.europesays.com\/pl\/wp-json\/wp\/v2\/media?parent=670166"}],"wp:term":[{"taxonomy":"category","embeddable":true,"href":"https:\/\/www.europesays.com\/pl\/wp-json\/wp\/v2\/categories?post=670166"},{"taxonomy":"post_tag","embeddable":true,"href":"https:\/\/www.europesays.com\/pl\/wp-json\/wp\/v2\/tags?post=670166"}],"curies":[{"name":"wp","href":"https:\/\/api.w.org\/{rel}","templated":true}]}}