{"id":670182,"date":"2026-09-06T00:21:35","date_gmt":"2026-09-06T00:21:35","guid":{"rendered":"https:\/\/www.europesays.com\/pl\/670182\/"},"modified":"2026-09-06T00:21:35","modified_gmt":"2026-09-06T00:21:35","slug":"polska-pokonala-argentyne-na-otwarcie-mistrzostw-swiata-u-20","status":"publish","type":"post","link":"https:\/\/www.europesays.com\/pl\/670182\/","title":{"rendered":"Polska pokona\u0142a Argentyn\u0119 na otwarcie mistrzostw \u015bwiata U-20"},"content":{"rendered":"<p>Polska czeka\u0142a na otwarcie XII mistrzostw \u015bwiata do lat 20, kt\u00f3rych jest gospodarzem. Przed nami trzy tygodnie \u015bwi\u0119ta kobiecego futbolu w wersji m\u0142odzie\u017cowej. Podopieczne Marcina Kasprowicza sprawdzi\u0142y si\u0119 na tle reprezentacji Argentyny, kt\u00f3ra ma do\u015bwiadczenie w wyst\u0119pach na mundialu. Spotkanie zako\u0144czy\u0142o si\u0119 zwyci\u0119stwem Polski 3:0 po golach Oliwii Zwi\u0105zek i Mai Zieli\u0144skiej oraz samob\u00f3jczym trafieniu Annici Paz.<\/p>\n<p>Debiutantki<\/p>\n<p>Polska wybieg\u0142a na sw\u00f3j historyczny mecz w tej kategorii wiekowej w interesuj\u0105cym zestawieniu. Selekcjoner postawi\u0142 w bramce na Juli\u0119 Wo\u017aniak, co nie by\u0142o wi\u0119kszym zaskoczeniem. Bramkarka Sportingu Lizbona by\u0142a pierwszym wyborem podczas mistrzostw Europy do lat 19. Marcin Kasprowicz ustawi\u0142 swoj\u0105 ekip\u0119 w trzyosobowym bloku obronnym z Emili\u0105 Sobierajsk\u0105 na \u015brodku. Na pozycji p\u00f3\u0142prawej ogl\u0105dali\u015bmy Martyn\u0119 Bartczak, a z drugiej strony Magd\u0119 Piekarsk\u0105.<\/p>\n<p>W pomocy wyst\u0105pi\u0142o pi\u0119\u0107 zawodniczek, na czele z kapitan Zuzann\u0105 Witek. Inez Sikora i Lena \u015awirska mia\u0142y wspiera\u0107 zawodniczk\u0119 HB K\u00f8ge. Krystyna Flis i Zofia P\u0105gowska odpowiada\u0142y za spok\u00f3j w obronie oraz oskrzydlanie atak\u00f3w na wahad\u0142ach. Kinga Wyrwas i Oliwia Zwi\u0105zek tworzy\u0142y duet, kt\u00f3ry mia\u0142 wyka\u0144cza\u0107 akcje swoich kole\u017canek.<\/p>\n<p>W Argentynie nasz\u0105 uwag\u0119 zwraca\u0142a Annica Paz, siostra obecnego gracza Como, Nico Paza. Napastniczka reprezentuje na co dzie\u0144 barwy Interu Mediolan, gdzie zbiera minuty w pierwszym zespole. Christian Meloni postawi\u0142 na ustawienie 4-4-2, lecz Polska by\u0142a przygotowana na warianty ekipy z Ameryki Po\u0142udniowej.<\/p>\n<p>Pierwsze nerwy<\/p>\n<p>Polska musia\u0142a w pierwszej kolejno\u015bci opanowa\u0107 emocje i zatrzyma\u0107 nap\u00f3r reprezentacji Argentyny. \u201eAlbicelestes\u201d od pocz\u0105tku przej\u0119\u0142y inicjatyw\u0119 i ruszy\u0142y do pressingu. Pi\u0142karki z Ameryki Po\u0142udniowej by\u0142y agresywne i zdeterminowane w odbiorze pi\u0142ki, lecz Polki dzielnie radzi\u0142y sobie z argenty\u0144sk\u0105 taktyk\u0105. Nasze zawodniczki nie pope\u0142nia\u0142y prostych b\u0142\u0119d\u00f3w i nie nakr\u0119ca\u0142y swoich przeciwniczek.<\/p>\n<p>Dopiero w 23. minucie zadr\u017celi\u015bmy, gdy Annica Paz uderza\u0142a g\u0142ow\u0105 po dobrze wykonanym rzucie ro\u017cnym. Krystyna Flis pilnowa\u0142a jednak s\u0142upka i nie pozwoli\u0142a pi\u0142ce wpa\u015b\u0107 do bramki.<\/p>\n<p>To by\u0142 moment, w kt\u00f3rym Polska przebudzi\u0142a si\u0119 i wysz\u0142a wy\u017cej. Nasze zawodniczki zaryzykowa\u0142y i chcia\u0142y odgry\u017a\u0107 si\u0119 rywalkom. Lena \u015awirska by\u0142a wsz\u0119dzie na murawie \u2013 w obronie i w ataku. Pi\u0142karka Pogoni Szczecin b\u0142yszcza\u0142a zaanga\u017cowaniem i jako\u015bci\u0105. W 26. minucie 17-latka przebieg\u0142a kilkadziesi\u0105t metr\u00f3w, wbieg\u0142a w pole karne i odda\u0142a strza\u0142. Priscila Siben odbi\u0142a pi\u0142k\u0119, a Oliwia Zwi\u0105zek wykorzysta\u0142a dobitk\u0119 i wyprowadzi\u0142a Polsk\u0119 na prowadzenie. Od tego momentu radowali\u015bmy si\u0119 przy Nowej Bukowej.<\/p>\n<p>Polska pragn\u0119\u0142a p\u00f3j\u015b\u0107 za ciosem i przycisn\u0119\u0142a po strzelonej bramce. Nasze panie pokaza\u0142y, \u017ce potrafi\u0105 budowa\u0107 ataki i nie s\u0105 tylko \u017celazn\u0105 ekip\u0105 w obronie. Podopieczne Marcina Kasprowicza wywalczy\u0142y rzut ro\u017cny, po kt\u00f3rym fetowali\u015bmy drugiego gola dla \u201ebia\u0142o-czerwonych\u201d. Lena \u015awirska do\u015brodkowa\u0142a w okolice pi\u0105tego metra, a tam dosz\u0142o do zamieszania. Annica Paz niefortunnie skierowa\u0142a pi\u0142k\u0119 do w\u0142asnej bramki.<\/p>\n<p>Argentyna rzuci\u0142a si\u0119 do odrabiania strat, lecz Polki nie p\u0119k\u0142y. Pi\u0119ciokrotne uczestniczki tej imprezy zagrozi\u0142y Julii Wo\u017aniak po wej\u015bciu Anniki Paz w pole karne. Bramkarka kapitalnie jednak rzuci\u0142a si\u0119 do pi\u0142ki i j\u0105 przytuli\u0142a. \u201eAlbicelestes\u201d wygl\u0105da\u0142y lepiej pod wzgl\u0119dem kultury gry, ale organizacja i skuteczno\u015b\u0107 by\u0142y po polskiej stronie.<\/p>\n<p lang=\"pl\" dir=\"ltr\">Po pierwszej po\u0142owie wygrywamy z Argentyn\u0105 2:0! \ud83c\uddf5\ud83c\uddf1\ud83e\udd29<br \/>__<br \/>HT&#8217; <a href=\"https:\/\/x.com\/hashtag\/POLARG?src=hash&amp;ref_src=twsrc%5Etfw\" rel=\"nofollow\">#POLARG<\/a> \ud83c\uddf5\ud83c\uddf1\ud83c\udde6\ud83c\uddf7 2:0<a href=\"https:\/\/x.com\/hashtag\/U20WWC?src=hash&amp;ref_src=twsrc%5Etfw\" rel=\"nofollow\">#U20WWC<\/a> <a href=\"https:\/\/t.co\/nmxTyGxhIq\" rel=\"nofollow\">pic.twitter.com\/nmxTyGxhIq<\/a><\/p>\n<p>\u2014 \u0141\u0105czy nas pi\u0142ka kobieca (@laczynaskobieca) <a href=\"https:\/\/x.com\/laczynaskobieca\/status\/2096234041687023883?ref_src=twsrc%5Etfw\" rel=\"nofollow\">September 5, 2026<\/a><\/p>\n<p>Sch\u0142odzenie<\/p>\n<p>Polska \u015bwietnie zarz\u0105dza\u0142a meczem, a Marcin Kasprowicz przyczyni\u0142 si\u0119 do tego. Selekcjoner dokona\u0142 dw\u00f3ch zmian w przerwie i zatrzyma\u0142 ofensywne poczynania rywala. Weronika Ara\u015bniewicz zmieni\u0142a King\u0119 Wyrwas, dzi\u0119ki czemu mieli\u015bmy sze\u015b\u0107 pi\u0142karek w centralnej strefie boiska. Argenty\u0144skie skrzyd\u0142a by\u0142y ustawione wysoko, tak\u017ce za spraw\u0105 bocznych obro\u0144czy\u0144. Ta zmiana zaszachowa\u0142a jednak podopieczne Christiana Meloniego. Trzeci zesp\u00f3\u0142 ubieg\u0142orocznych mistrzostw Ameryki Po\u0142udniowej by\u0142 bezradny.<\/p>\n<p>Polki kontrolowa\u0142y przebieg drugiej po\u0142owy i nie pozwala\u0142y rywalkom stworzy\u0107 \u017cadnego zagro\u017cenia. Maja Zieli\u0144ska przypiecz\u0119towa\u0142a zwyci\u0119stwo w doliczonym czasie gry, wykorzystuj\u0105c okazj\u0119 po podaniu Jagody Cyraniak.<\/p>\n<p>Nasze dziewczyny postawi\u0142y zapor\u0119 w okolicach 30. metra. Z tej przestrzeni Polki konstruowa\u0142y swoje ataki oraz neutralizowa\u0142y pr\u00f3by rywalek. Zawodniczki Marcina Kasprowicza skutecznie wypchn\u0119\u0142y przeciwniczki i \u015bmia\u0142o mo\u017cemy powiedzie\u0107, \u017ce bardziej pachnia\u0142o trzecim golem dla \u201ebia\u0142o-czerwonych\u201d ni\u017c bramk\u0105 kontaktow\u0105. Nasza kadra by\u0142a pouk\u0142adana, solidna i pokaza\u0142a \u015bwiatu wiele walor\u00f3w.<\/p>\n<p>Polska zaskoczy\u0142a nas pozytywnie fizyczno\u015bci\u0105, determinacj\u0105 i og\u00f3ln\u0105 postaw\u0105 w ka\u017cdym aspekcie pi\u0142karskiego rzemios\u0142a. Ka\u017cda z zawodniczek doda\u0142a co\u015b od siebie przez ca\u0142e 90 minut. Pierwszy sk\u0142ad nie mi\u0119k\u0142 i utrzyma\u0142 nerwy na wodzy, a zmienniczki nie obni\u017cy\u0142y poziomu. One pomog\u0142y dowie\u017a\u0107 ten \u015bwietny rezultat.<\/p>\n<p>Polska wygra\u0142a sw\u00f3j debiutancki mecz na mistrzostwach \u015bwiata do lat 20 i u\u0142atwi\u0142a sobie walk\u0119 o awans do 1\/8 fina\u0142u. W tej grupie graj\u0105 jeszcze reprezentacje Meksyku i Beninu. Dwie najlepsze dru\u017cyny awansuj\u0105 bezpo\u015brednio, a tak\u017ce cztery z sze\u015bciu zespo\u0142\u00f3w z trzecich miejsc. \u201eBia\u0142o-czerwone\u201d obra\u0142y szlak ku zaj\u0119ciu czo\u0142owych lokat po fazie grupowej.<\/p>\n<p lang=\"pl\" dir=\"ltr\">Kolejny gol dla Polski!\ud83e\udd29<br \/>Brawo Maja!!!<br \/>__<a href=\"https:\/\/x.com\/hashtag\/POLARG?src=hash&amp;ref_src=twsrc%5Etfw\" rel=\"nofollow\">#POLARG<\/a> \ud83c\uddf5\ud83c\uddf1\ud83c\udde6\ud83c\uddf7 3:0<a href=\"https:\/\/x.com\/hashtag\/U20WWC?src=hash&amp;ref_src=twsrc%5Etfw\" rel=\"nofollow\">#U20WWC<\/a> <a href=\"https:\/\/t.co\/ggus9YzmNW\" rel=\"nofollow\">pic.twitter.com\/ggus9YzmNW<\/a><\/p>\n<p>\u2014 \u0141\u0105czy nas pi\u0142ka kobieca (@laczynaskobieca) <a href=\"https:\/\/x.com\/laczynaskobieca\/status\/2096250566871503197?ref_src=twsrc%5Etfw\" rel=\"nofollow\">September 5, 2026<\/a><\/p>\n<p class=\"entry-tags\">\n                  <a href=\"https:\/\/igol.pl\/temat\/argentyna\/\" rel=\"nofollow noopener\" target=\"_blank\">Argentyna<\/a><br \/>\n                  <a href=\"https:\/\/igol.pl\/temat\/kobieca-reprezentacja-polski\/\" rel=\"nofollow noopener\" target=\"_blank\">Kobieca Reprezentacja Polski<\/a><br \/>\n                  <a href=\"https:\/\/igol.pl\/temat\/lena-swirska\/\" rel=\"nofollow noopener\" target=\"_blank\">lena \u015awirska<\/a><br \/>\n                  <a href=\"https:\/\/igol.pl\/temat\/marcin-kasprowicz\/\" rel=\"nofollow noopener\" target=\"_blank\">marcin kasprowicz<\/a><br \/>\n                  <a href=\"https:\/\/igol.pl\/temat\/weronika-arasniewicz\/\" rel=\"nofollow noopener\" target=\"_blank\">Weronika Ara\u015bniewicz<\/a>\n                <\/p>\n<p>      <script async src=\"https:\/\/platform.twitter.com\/widgets.js\" charset=\"utf-8\"><\/script><\/p>\n","protected":false},"excerpt":{"rendered":"Polska czeka\u0142a na otwarcie XII mistrzostw \u015bwiata do lat 20, kt\u00f3rych jest gospodarzem. Przed nami trzy tygodnie \u015bwi\u0119ta&hellip;\n","protected":false},"author":2,"featured_media":670183,"comment_status":"","ping_status":"","sticky":false,"template":"","format":"standard","meta":{"footnotes":"","_share_on_mastodon":"0"},"categories":[12],"tags":[968,129899,129900,129901,42,38,40,39,41,129902],"class_list":["post-670182","post","type-post","status-publish","format-standard","has-post-thumbnail","category-polska","tag-argentyna","tag-kobieca-reprezentacja-polski","tag-lena-swirska","tag-marcin-kasprowicz","tag-pl","tag-poland","tag-polish","tag-polska","tag-polski","tag-weronika-arasniewicz"],"share_on_mastodon":{"url":"https:\/\/pubeurope.com\/@pl\/117221240748024980","error":""},"_links":{"self":[{"href":"https:\/\/www.europesays.com\/pl\/wp-json\/wp\/v2\/posts\/670182","targetHints":{"allow":["GET"]}}],"collection":[{"href":"https:\/\/www.europesays.com\/pl\/wp-json\/wp\/v2\/posts"}],"about":[{"href":"https:\/\/www.europesays.com\/pl\/wp-json\/wp\/v2\/types\/post"}],"author":[{"embeddable":true,"href":"https:\/\/www.europesays.com\/pl\/wp-json\/wp\/v2\/users\/2"}],"replies":[{"embeddable":true,"href":"https:\/\/www.europesays.com\/pl\/wp-json\/wp\/v2\/comments?post=670182"}],"version-history":[{"count":0,"href":"https:\/\/www.europesays.com\/pl\/wp-json\/wp\/v2\/posts\/670182\/revisions"}],"wp:featuredmedia":[{"embeddable":true,"href":"https:\/\/www.europesays.com\/pl\/wp-json\/wp\/v2\/media\/670183"}],"wp:attachment":[{"href":"https:\/\/www.europesays.com\/pl\/wp-json\/wp\/v2\/media?parent=670182"}],"wp:term":[{"taxonomy":"category","embeddable":true,"href":"https:\/\/www.europesays.com\/pl\/wp-json\/wp\/v2\/categories?post=670182"},{"taxonomy":"post_tag","embeddable":true,"href":"https:\/\/www.europesays.com\/pl\/wp-json\/wp\/v2\/tags?post=670182"}],"curies":[{"name":"wp","href":"https:\/\/api.w.org\/{rel}","templated":true}]}}