{"id":670190,"date":"2026-09-06T00:26:12","date_gmt":"2026-09-06T00:26:12","guid":{"rendered":"https:\/\/www.europesays.com\/pl\/670190\/"},"modified":"2026-09-06T00:26:12","modified_gmt":"2026-09-06T00:26:12","slug":"tomasz-kammel-wprost-o-swojej-orientacji-bylbym-z-tego-dumny","status":"publish","type":"post","link":"https:\/\/www.europesays.com\/pl\/670190\/","title":{"rendered":"Tomasz Kammel wprost o swojej orientacji. &#8222;By\u0142bym z tego dumny&#8221;"},"content":{"rendered":"<p><a href=\"https:\/\/plejada.pl\/temat\/tomasz-kammel\/ltx01cw\" id=\"dca11664-489e-42bb-9f64-9339bec376aa\" rel=\"nofollow noopener\" target=\"_blank\">Tomasz Kammel<\/a> ju\u017c od kilku dekad uchodzi za jednego z najpopularniejszych i najbardziej rozchwytywanych postaci w polskich mediach. Debiutowa\u0142 w bran\u017cy jeszcze w czasach studenckich w Muzycznym Radiu FM. Gdy jego kariera nabra\u0142a tempa, wi\u0105za\u0142 si\u0119 z r\u00f3\u017cnymi redakcjami, jednak najd\u0142u\u017cej wsp\u00f3\u0142pracowa\u0142 z Telewizj\u0105 Polsk\u0105 \u2014 to w\u0142a\u015bnie tam prowadzi\u0142 takie programy, jak &#8222;The Voice&#8221;, &#8222;Teleexpress&#8221;, &#8222;Randka w ciemno&#8221; czy &#8222;Pytanie na \u015bniadanie&#8221;.Dalszy ci\u0105g artyku\u0142u pod materia\u0142em wideoPad\u0142o pytanie o orientacj\u0119. Tomasz Kammel nie miga\u0142 si\u0119 od odpowiedzi<a href=\"https:\/\/www.onet.pl\/\" title=\"Strona G\u0142\u00f3wna\" aria-label=\"Strona G\u0142\u00f3wna\" data-astro-prefetch=\"tap\" class=\"ods-a-logo-main-desktop\" rel=\"nofollow noopener\" target=\"_blank\"><img src=\"https:\/\/cdn.plejada.pl\/img\/Logo_desktop_Onet.svg\" class=\"ods-a-logo-main-desktop__image\" alt=\"Logo\" width=\"107\" height=\"60\" fetchpriority=\"high\" decoding=\"sync\" style=\"height:60px\"\/><\/a><\/p>\n<p class=\"ods-m-google-article__text\">Czytaj nas cz\u0119\u015bciej w Google<\/p>\n<p><a href=\"https:\/\/google.com\/preferences\/source?q=plejada.pl\" target=\"_blank\" rel=\"noopener noreferrer nofollow\" aria-label=\"Dodaj w Google\" title=\"Dodaj w Google\" class=\"ods-a-button ods-a-button__primary ods-a-button__default ods-a-button-l\">Dodaj w Google<\/a><\/p>\n<p>Opr\u00f3cz projekt\u00f3w zawodowych ogromne zainteresowanie opinii publicznej od pocz\u0105tku przyci\u0105ga\u0142o r\u00f3wnie\u017c \u017cycie prywatne Tomasza Kammela. W przesz\u0142o\u015bci dziennikarz przez wiele lat pozostawa\u0142 w nieformalnym zwi\u0105zku z Katarzyn\u0105 Niezgod\u0105, a w ubieg\u0142ym roku w programie &#8222;Magda gotuje internet&#8221; niespodziewanie wyjawi\u0142, \u017ce od d\u0142u\u017cszego czasu jest w relacji z niejak\u0105 Kamil\u0105.<\/p>\n<p>Mimo tego niegdy\u015b w sieci hucza\u0142o na temat orientacji seksualnej dziennikarza, a wiele os\u00f3b twierdzi\u0142o, \u017ce gwiazdor jest gejem. Po latach zapyta\u0107 Kammela o t\u0119 kwesti\u0119 postanowi\u0142 \u017burnalista.<\/p>\n<p><img class=\"ods-a-photo ods-a-photo--background\" src=\"https:\/\/www.europesays.com\/pl\/wp-content\/uploads\/2026\/09\/4d9k9lBaHR0cHM6Ly9vY2RuLmV1L3B1bHNjbXMvTURBXy85MDU4MWY2OThhMGI3NDg3OGQwOWE1MDZkYjVhYTMzNi5qcGeRkwXNB.jpeg\" height=\"800\" width=\"534\" alt=\"Tomasz Kammel\" loading=\"lazy\" fetchpriority=\"auto\" decoding=\"auto\" url=\"https:\/\/ocdn.eu\/pulscms\/MDA_\/90581f698a0b74878d09a506db5aa336.jpg\" description=\"Tomasz Kammel\" author=\"Piotr Andrzejczak \/ MW Media\" source=\"\" link=\"\"\/><\/p>\n<p>Piotr Andrzejczak \/ MW Media<\/p>\n<p>Tomasz Kammel<\/p>\n<blockquote class=\"ods-o-quote\">\n<p class=\"ods-o-quote__paragraph\">Gdybym by\u0142 gejem, by\u0142bym z tego dumny<\/p>\n<\/blockquote>\n<p>\u2014 powiedzia\u0142 bez wahania dziennikarz.<\/p>\n<p>Gdy \u017burnalista spyta\u0142 swojego rozm\u00f3wc\u0119 o zainteresowanie ze strony innych m\u0119\u017cczyzn, Kammel wyja\u015bni\u0142, dlaczego nie dostaje dwuznacznych propozycji w sieci.<\/p>\n<p>&#8222;Social media, kt\u00f3re s\u0105 edukacyjne i to nie jest sexy dla takich ludzi moim zdaniem&#8221; \u2014 przyzna\u0142.<\/p>\n<p><img class=\"ods-a-photo ods-a-photo--background\" src=\"https:\/\/www.europesays.com\/pl\/wp-content\/uploads\/2026\/09\/d2Rk9lBaHR0cHM6Ly9vY2RuLmV1L3B1bHNjbXMvTURBXy9kNTNhYmRmYWNjOGNjYTBmNmY2NjU4ZWIyYzc5N2UzOS5qcGeRkwXNB.jpeg\" height=\"625\" width=\"940\" alt=\"Tomasz Kammel\" loading=\"lazy\" fetchpriority=\"auto\" decoding=\"auto\" url=\"https:\/\/ocdn.eu\/pulscms\/MDA_\/d53abdfacc8cca0f6f6658eb2c797e39.jpg\" description=\"Tomasz Kammel\" author=\"Piotr Andrzejczak \/ MW Media\" source=\"\" link=\"\"\/><\/p>\n<p>Piotr Andrzejczak \/ MW Media<\/p>\n<p>Tomasz Kammel<\/p>\n<p class=\"ods-o-frame-in-text__paragraph\">Zobacz tak\u017ce:<\/p>\n<p class=\"ods-o-frame-in-text__paragraph\"><a href=\"https:\/\/kultura.onet.pl\/muzyka\/wywiady-i-artykuly\/czasami-zyczylbym-sobie-nie-mowic-zbyt-wiele-rozmowa-z-1984-r-z-freddiem-mercurym\/95413cq?tpcc=202608_bloczek_plejada\" id=\"15e33f06-9688-4d23-8267-a34f6a7b2566\" rel=\"nofollow noopener\" target=\"_blank\">Tak Freddie Mercury m\u00f3wi\u0142 o swojej samotno\u015bci<\/a><\/p>\n<p><img class=\"ods-a-photo ods-a-photo--background\" src=\"https:\/\/www.europesays.com\/pl\/wp-content\/uploads\/2026\/09\/Ef8k9lBaHR0cHM6Ly9vY2RuLmV1L3B1bHNjbXMvTURBXy80NzdlYzEwMzlhYTNiYjE5YTFlYjRlNWYxMzAxOWE5My5qcGeRlQLNA.jpeg\" height=\"313\" width=\"450\" alt=\"Freddie Mercury\" loading=\"lazy\" fetchpriority=\"low\" decoding=\"async\"\/>Dzi\u0119kujemy, \u017ce przeczyta\u0142a\u015b\/e\u015b nasz artyku\u0142 do ko\u0144ca. W serwisie Plejada.pl ka\u017cdego dnia piszemy o najwa\u017cniejszych wydarzeniach show-biznesowych. B\u0105d\u017a na bie\u017c\u0105co!<a rel=\"nofollow noopener\" href=\"https:\/\/profile.google.com\/cp\/Cg0vZy8xMWJ6X19wdHBx\" id=\"adee2981-622c-4cef-8112-87c9830efe1c\" target=\"_blank\"> Obserwuj<\/a> Plejad\u0119 w Google. Odwied\u017a nas tak\u017ce na<a rel=\"nofollow noopener\" href=\"https:\/\/www.facebook.com\/plejadapl\" id=\"3eb9d2f6-83da-4a8e-8f51-bb8fb85e4fd9\" target=\"_blank\"> Facebooku<\/a>,<a rel=\"nofollow noopener\" href=\"https:\/\/www.instagram.com\/plejadapl\/\" id=\"2e9dd432-e563-4935-8933-0881fa2f76ea\" target=\"_blank\"> Instagramie<\/a>,<a rel=\"nofollow noopener\" href=\"https:\/\/www.youtube.com\/c\/plejada\" id=\"5583e165-fc52-4c36-9619-caa56af4888b\" target=\"_blank\"> YouTubie<\/a> oraz<a rel=\"nofollow noopener\" href=\"https:\/\/www.tiktok.com\/@plejada_pl\" id=\"b35a4ad7-0858-4ec8-89e5-1297dd68a5ca\" target=\"_blank\"> TikToku<\/a>.Chcesz podzieli\u0107 si\u0119 ciekawym newsem lub zaproponowa\u0107 temat? Skontaktuj si\u0119 z nami, pisz\u0105c maila na adres: <a rel=\"nofollow noopener\" href=\"https:\/\/plejada.pl\/newsy\/tomasz-kammel-wprost-o-swojej-orientacji-bylbym-z-tego-dumny\/mailto:plejada@redakcjaonet.pl\" id=\"01b728fc-7340-4dca-8ca1-8708650a11f9\" target=\"_blank\">plejada@redakcjaonet.pl<\/a>.<script async src=\"\/\/www.instagram.com\/embed.js\"><\/script><script async src=\"\/\/www.tiktok.com\/embed.js\"><\/script><\/p>\n","protected":false},"excerpt":{"rendered":"Tomasz Kammel ju\u017c od kilku dekad uchodzi za jednego z najpopularniejszych i najbardziej rozchwytywanych postaci w polskich mediach.&hellip;\n","protected":false},"author":2,"featured_media":670191,"comment_status":"","ping_status":"","sticky":false,"template":"","format":"standard","meta":{"footnotes":"","_share_on_mastodon":"0"},"categories":[22],"tags":[61195,122,12627,6330,48,125,46,42,38,40,39,41,123,47,4952,2115],"class_list":["post-670190","post","type-post","status-publish","format-standard","has-post-thumbnail","category-rozrywka","tag-bottomfeed_styl","tag-entertainment","tag-katarzyna_niezgoda","tag-lgbt","tag-nat_styl","tag-newsy","tag-omp","tag-pl","tag-poland","tag-polish","tag-polska","tag-polski","tag-rozrywka","tag-screening_general","tag-tomasz_kammel","tag-zwiazki_gwiazd"],"share_on_mastodon":{"url":"https:\/\/pubeurope.com\/@pl\/117221261320245443","error":""},"_links":{"self":[{"href":"https:\/\/www.europesays.com\/pl\/wp-json\/wp\/v2\/posts\/670190","targetHints":{"allow":["GET"]}}],"collection":[{"href":"https:\/\/www.europesays.com\/pl\/wp-json\/wp\/v2\/posts"}],"about":[{"href":"https:\/\/www.europesays.com\/pl\/wp-json\/wp\/v2\/types\/post"}],"author":[{"embeddable":true,"href":"https:\/\/www.europesays.com\/pl\/wp-json\/wp\/v2\/users\/2"}],"replies":[{"embeddable":true,"href":"https:\/\/www.europesays.com\/pl\/wp-json\/wp\/v2\/comments?post=670190"}],"version-history":[{"count":0,"href":"https:\/\/www.europesays.com\/pl\/wp-json\/wp\/v2\/posts\/670190\/revisions"}],"wp:featuredmedia":[{"embeddable":true,"href":"https:\/\/www.europesays.com\/pl\/wp-json\/wp\/v2\/media\/670191"}],"wp:attachment":[{"href":"https:\/\/www.europesays.com\/pl\/wp-json\/wp\/v2\/media?parent=670190"}],"wp:term":[{"taxonomy":"category","embeddable":true,"href":"https:\/\/www.europesays.com\/pl\/wp-json\/wp\/v2\/categories?post=670190"},{"taxonomy":"post_tag","embeddable":true,"href":"https:\/\/www.europesays.com\/pl\/wp-json\/wp\/v2\/tags?post=670190"}],"curies":[{"name":"wp","href":"https:\/\/api.w.org\/{rel}","templated":true}]}}