{"id":670194,"date":"2026-09-06T00:28:16","date_gmt":"2026-09-06T00:28:16","guid":{"rendered":"https:\/\/www.europesays.com\/pl\/670194\/"},"modified":"2026-09-06T00:28:16","modified_gmt":"2026-09-06T00:28:16","slug":"jan-krzystyniak-o-derbach-stali-z-falubazem-i-utrzymaniu-w-pge-ekstralidze","status":"publish","type":"post","link":"https:\/\/www.europesays.com\/pl\/670194\/","title":{"rendered":"Jan Krzystyniak o derbach Stali z Falubazem i utrzymaniu w PGE Ekstralidze"},"content":{"rendered":"<p>Faworyt tego spotkania wydawa\u0142 si\u0119 oczywisty. Ma\u0142o kto przed meczem wierzy\u0142 w ko\u0144cowy sukces go\u015bci, zw\u0142aszcza po \u015bwietnym wyst\u0119pie miejscowych przeciwko mistrzom Polski w czternastej kolejce.<\/p>\n<p>Dalszy ci\u0105g artyku\u0142u pod materia\u0142em wideo<\/p>\n<p>Jan Krzystyniak otwarcie przyznaje, \u017ce sam mia\u0142 ogromne obawy o dyspozycj\u0119 Falubazu.<\/p>\n<p><a href=\"https:\/\/przegladsportowy.onet.pl\/\" title=\"Strona g\u0142\u00f3wna serwisu\" aria-label=\"Strona g\u0142\u00f3wna serwisu\" data-astro-prefetch=\"tap\" class=\"ods-a-logo-main-desktop\" rel=\"nofollow noopener\" target=\"_blank\"><img src=\"https:\/\/cdn.przegladsportowy.onet.pl\/img\/Logo_desktop_Onet.svg\" class=\"ods-a-logo-main-desktop__image\" alt=\"Logo\" width=\"107\" height=\"60\" fetchpriority=\"high\" decoding=\"sync\" style=\"height:60px\"\/><\/a><\/p>\n<p class=\"ods-m-google-article__text\">Czytaj nas cz\u0119\u015bciej w Google<\/p>\n<p><a href=\"https:\/\/google.com\/preferences\/source?q=przegladsportowy.onet.pl\" target=\"_blank\" rel=\"noopener noreferrer nofollow\" aria-label=\"Dodaj w Google\" title=\"Dodaj w Google\" class=\"ods-a-button ods-a-button__primary ods-a-button__default ods-a-button-l\">Dodaj w Google<\/a>Gigantyczny potencja\u0142 Falubazu i koniec absurdalnych wym\u00f3wek<\/p>\n<p>By\u0142y szkoleniowiec podkre\u015bla, \u017ce przed spotkaniem ka\u017cdy ekspert stawia\u0142 na Gorzowian, kt\u00f3rzy na domowym torze potrafi\u0105 dominowa\u0107. Pora\u017cka gospodarzy wywo\u0142a\u0142a lawin\u0119 usprawiedliwie\u0144, z kt\u00f3rymi stanowczo rozprawia si\u0119 Krzystyniak.<\/p>\n<p>\u2014 Teraz oczywi\u015bcie zaczynaj\u0105 si\u0119 dyskusje. Kibice zastanawiaj\u0105 si\u0119 nad s\u0142uszno\u015bci\u0105 roszad taktycznych, potencjaln\u0105 pomoc\u0105 plandeki dla Zielonej G\u00f3ry oraz wp\u0142ywem opad\u00f3w deszczu na obraz spotkania. Zawsze b\u0119dziemy si\u0119 czego\u015b doszukiwa\u0107. Taka ju\u017c jest natura \u017cu\u017cla. Ja zawsze powtarzam jedno: ca\u0142\u0105 czarn\u0105 robot\u0119 wykonuj\u0105 zawodnicy. Niewa\u017cne, czy by\u0142a plandeka, czy pada\u0142 deszcz, czy tor by\u0142 taki, czy inny. W pewnym momencie wychodzi po prostu warto\u015b\u0107 zawodnika. Wczoraj ta warto\u015b\u0107 po stronie zielonog\u00f3rskiej by\u0142a naprawd\u0119 ogromna \u2014 analizuje ekspert Przegl\u0105du Sportowego Onet.<\/p>\n<p>Dobra postawa go\u015bci obna\u017cy\u0142a jednak pewien paradoks. Falubaz ma gigantyczny potencja\u0142, co budzi ogromn\u0105 frustracj\u0119 w\u015br\u00f3d kibic\u00f3w, kt\u00f3rzy musieli dr\u017ce\u0107 o utrzymanie dru\u017cyny a\u017c do samego ko\u0144ca rozgrywek.<\/p>\n<p>\u2014 Kibic zielonog\u00f3rski mo\u017ce by\u0107 wr\u0119cz w\u015bciek\u0142y. Nie dlatego, \u017ce jego dru\u017cyna wygra\u0142a, tylko dlatego, \u017ce ci zawodnicy pokazali wczoraj, na co ich sta\u0107. Cz\u0142owiek zaczyna si\u0119 g\u0142o\u015bno zastanawia\u0107, dlaczego ci panowie nie pokazywali takiej dyspozycji przez ca\u0142y sezon. Przecie\u017c ta dru\u017cyna by\u0142a zagro\u017cona spadkiem. Wczoraj pojecha\u0142a na niezwykle trudny teren i nagle ci sami zawodnicy potrafili zniwelowa\u0107 osiem punkt\u00f3w straty w po\u0142owie zawod\u00f3w. Gorz\u00f3w mia\u0142 przewag\u0119, wydawa\u0142o si\u0119, \u017ce kontroluje spotkanie, a mimo to Zielona G\u00f3ra krok po kroku t\u0119 przewag\u0119 odrabia\u0142a \u2014 zaznacza stanowczo Krzystyniak.<\/p>\n<p>Dramat finansowy i sportowy w Gorzowie Wielkopolskim<\/p>\n<p>Zielonog\u00f3rzanie osi\u0105gn\u0119li sw\u00f3j cel, ale dla pokonanych oznacza to prawdziw\u0105 katastrof\u0119. Je\u015bli Gorzowianie pokonaj\u0105 Krono-Plast W\u0142\u00f3kniarz, b\u0119d\u0105 zmuszeni walczy\u0107 w bara\u017cu. Brak bezpo\u015bredniego utrzymania to r\u00f3wnie\u017c pot\u0119\u017cny cios w finanse borykaj\u0105cego si\u0119 z problemami o\u015brodka.<\/p>\n<p>\u2014 To by\u0142a walka o utrzymanie. Dla jednego i dla drugiego klubu konsekwencje tego wszystkiego by\u0142yby ogromne. Dla gorzowskiej Stali ta walka o utrzymanie mo\u017ce kosztowa\u0107 naprawd\u0119 bardzo drogo. M\u00f3wi si\u0119 przecie\u017c o ogromnych pieni\u0105dzach. Problem jest podw\u00f3jny, poniewa\u017c nie ma wyniku sportowego, a jeszcze trzeba b\u0119dzie zap\u0142aci\u0107 bardzo wysok\u0105 cen\u0119 za sezon, kt\u00f3ry dla Gorzowa przez ko\u0144c\u00f3wk\u0119 okaza\u0142 si\u0119 kompletnym rozczarowaniem \u2014 podsumowuje by\u0142y trener.<\/p>\n","protected":false},"excerpt":{"rendered":"Faworyt tego spotkania wydawa\u0142 si\u0119 oczywisty. Ma\u0142o kto przed meczem wierzy\u0142 w ko\u0144cowy sukces go\u015bci, zw\u0142aszcza po \u015bwietnym&hellip;\n","protected":false},"author":2,"featured_media":670195,"comment_status":"","ping_status":"","sticky":false,"template":"","format":"standard","meta":{"footnotes":"","_share_on_mastodon":"0"},"categories":[16],"tags":[128237,113,61195,112,173,4992,38533,48,46,42,38,40,39,41,47,3050,174],"class_list":["post-670194","post","type-post","status-publish","format-standard","has-post-thumbnail","category-biznes","tag-adshield_tst1","tag-biznes","tag-bottomfeed_styl","tag-business","tag-ekstraliga","tag-falubaz_zielona_gora","tag-jan_krzystyniak","tag-nat_styl","tag-omp","tag-pl","tag-poland","tag-polish","tag-polska","tag-polski","tag-screening_general","tag-stal_gorzow_wielkopolski","tag-zuzel"],"share_on_mastodon":{"url":"","error":""},"_links":{"self":[{"href":"https:\/\/www.europesays.com\/pl\/wp-json\/wp\/v2\/posts\/670194","targetHints":{"allow":["GET"]}}],"collection":[{"href":"https:\/\/www.europesays.com\/pl\/wp-json\/wp\/v2\/posts"}],"about":[{"href":"https:\/\/www.europesays.com\/pl\/wp-json\/wp\/v2\/types\/post"}],"author":[{"embeddable":true,"href":"https:\/\/www.europesays.com\/pl\/wp-json\/wp\/v2\/users\/2"}],"replies":[{"embeddable":true,"href":"https:\/\/www.europesays.com\/pl\/wp-json\/wp\/v2\/comments?post=670194"}],"version-history":[{"count":0,"href":"https:\/\/www.europesays.com\/pl\/wp-json\/wp\/v2\/posts\/670194\/revisions"}],"wp:featuredmedia":[{"embeddable":true,"href":"https:\/\/www.europesays.com\/pl\/wp-json\/wp\/v2\/media\/670195"}],"wp:attachment":[{"href":"https:\/\/www.europesays.com\/pl\/wp-json\/wp\/v2\/media?parent=670194"}],"wp:term":[{"taxonomy":"category","embeddable":true,"href":"https:\/\/www.europesays.com\/pl\/wp-json\/wp\/v2\/categories?post=670194"},{"taxonomy":"post_tag","embeddable":true,"href":"https:\/\/www.europesays.com\/pl\/wp-json\/wp\/v2\/tags?post=670194"}],"curies":[{"name":"wp","href":"https:\/\/api.w.org\/{rel}","templated":true}]}}