{"id":670208,"date":"2026-09-06T00:39:11","date_gmt":"2026-09-06T00:39:11","guid":{"rendered":"https:\/\/www.europesays.com\/pl\/670208\/"},"modified":"2026-09-06T00:39:11","modified_gmt":"2026-09-06T00:39:11","slug":"jagiellonia-podejmuje-slask-i-walczy-o-ligowe-zwyciestwo-2","status":"publish","type":"post","link":"https:\/\/www.europesays.com\/pl\/670208\/","title":{"rendered":"Jagiellonia podejmuje \u015al\u0105sk i walczy o ligowe zwyci\u0119stwo"},"content":{"rendered":"<p>\t\t\t\t\t\t\t\tMilowy krok Jagiellonii Bia\u0142ystok. Nowa baza treningowa i historyczny debiut w Lidze Europy<br \/> <br \/>\n\t\t\t\t\t\t\t\t 2.09.2026, 19:49<\/p>\n<p class=\"defcolorblack\" style=\"overflow-wrap: break-word; overflow: hidden; word-wrap: break-word;\">To, co my planujemy zrobi\u0107, to b\u0119dzie mia\u0142o znacz\u0105cy wp\u0142yw na przysz\u0142o\u015b\u0107 futbolu na Podlasiu, dlatego \u017ce ten o\u015brodek chcemy, \u017ceby \u015bci\u0105ga\u0142 uzdolnion\u0105 m\u0142odzie\u017c z Podlasia, ale nie tylko z Podlasia. Dlatego potrzebny jest r\u00f3wnie\u017c internat, no i dlatego potrzebna jest szko\u0142a, zar\u00f3wno podstawowa, jak i liceum. Jagiellonia dysponuje tak\u0105 szko\u0142\u0105 od 10 lat, chcemy t\u0119 szko\u0142\u0119 przenie\u015b\u0107 i zwi\u0119kszy\u0107 ilo\u015b\u0107 klas, bo ju\u017c si\u0119 te\u017c nie mie\u015bcimy &#8211; m\u00f3wi Wojciech Strza\u0142kowski.<\/p>\n","protected":false},"excerpt":{"rendered":"Milowy krok Jagiellonii Bia\u0142ystok. Nowa baza treningowa i historyczny debiut w Lidze Europy 2.09.2026, 19:49 To, co my&hellip;\n","protected":false},"author":2,"featured_media":670209,"comment_status":"","ping_status":"","sticky":false,"template":"","format":"standard","meta":{"footnotes":"","_share_on_mastodon":"0"},"categories":[51614],"tags":[2151,42,38,40,39,41],"class_list":["post-670208","post","type-post","status-publish","format-standard","has-post-thumbnail","category-bialystok","tag-bialystok","tag-pl","tag-poland","tag-polish","tag-polska","tag-polski"],"share_on_mastodon":{"url":"https:\/\/pubeurope.com\/@pl\/117221312355458679","error":""},"_links":{"self":[{"href":"https:\/\/www.europesays.com\/pl\/wp-json\/wp\/v2\/posts\/670208","targetHints":{"allow":["GET"]}}],"collection":[{"href":"https:\/\/www.europesays.com\/pl\/wp-json\/wp\/v2\/posts"}],"about":[{"href":"https:\/\/www.europesays.com\/pl\/wp-json\/wp\/v2\/types\/post"}],"author":[{"embeddable":true,"href":"https:\/\/www.europesays.com\/pl\/wp-json\/wp\/v2\/users\/2"}],"replies":[{"embeddable":true,"href":"https:\/\/www.europesays.com\/pl\/wp-json\/wp\/v2\/comments?post=670208"}],"version-history":[{"count":0,"href":"https:\/\/www.europesays.com\/pl\/wp-json\/wp\/v2\/posts\/670208\/revisions"}],"wp:featuredmedia":[{"embeddable":true,"href":"https:\/\/www.europesays.com\/pl\/wp-json\/wp\/v2\/media\/670209"}],"wp:attachment":[{"href":"https:\/\/www.europesays.com\/pl\/wp-json\/wp\/v2\/media?parent=670208"}],"wp:term":[{"taxonomy":"category","embeddable":true,"href":"https:\/\/www.europesays.com\/pl\/wp-json\/wp\/v2\/categories?post=670208"},{"taxonomy":"post_tag","embeddable":true,"href":"https:\/\/www.europesays.com\/pl\/wp-json\/wp\/v2\/tags?post=670208"}],"curies":[{"name":"wp","href":"https:\/\/api.w.org\/{rel}","templated":true}]}}