{"id":670212,"date":"2026-09-06T00:41:40","date_gmt":"2026-09-06T00:41:40","guid":{"rendered":"https:\/\/www.europesays.com\/pl\/670212\/"},"modified":"2026-09-06T00:41:40","modified_gmt":"2026-09-06T00:41:40","slug":"zderzenie-dwoch-aut-na-ul-zemborzyckiej-jeden-z-kierowcow-zaczal-uciekac-pieszo","status":"publish","type":"post","link":"https:\/\/www.europesays.com\/pl\/670212\/","title":{"rendered":"Zderzenie dw\u00f3ch aut na ul. Zemborzyckiej. Jeden z kierowc\u00f3w zacz\u0105\u0142 ucieka\u0107 pieszo"},"content":{"rendered":"<p>Do wypadku dosz\u0142o w sobot\u0119, 5 wrze\u015bnia, na ul. Zemborzyckiej w Lublinie. P\u00f3\u017anym wieczorem, przy skrzy\u017cowaniu z ul. Granata zderzy\u0142y si\u0119 dwa samochody osobowe. Na miejscu interweniowa\u0142y zespo\u0142y ratownictwa medycznego oraz policja.<\/p>\n<p>Jak wynika ze wst\u0119pnych ustale\u0144 funkcjonariuszy, oba pojazdy porusza\u0142y si\u0119 w tym samym kierunku, w od strony Zalewu Zemborzyckiego. Kieruj\u0105cy Ki\u0105 widz\u0105c czerwone \u015bwiat\u0142o zatrzyma\u0142 si\u0119 przed sygnalizatorem. Po chwili w ty\u0142 jego auta wjecha\u0142 kierowca Skody.<\/p>\n<p>M\u0119\u017cczyzna widz\u0105c co narobi\u0142, wyskoczy\u0142 z rozbitego samochodu i zacz\u0105\u0142 ucieka\u0107. Poszkodowany ruszy\u0142 za nim, uj\u0105\u0142 go i przekaza\u0142 przyby\u0142ym policjantom. Obecnie wykonywane s\u0105 z nim dalsze czynno\u015bci.<\/p>\n<p>W wypadku poszkodowane zosta\u0142y dwie osoby podr\u00f3\u017cuj\u0105ce Ki\u0105. W\u015br\u00f3d nich jest dziecko. Przetransportowano je do szpitala. Wyst\u0119puj\u0105 utrudnienia w ruchu. Zablokowane s\u0105 dwa pasy jezdni w kierunku ul. Diamentowej.<\/p>\n<p>Do tematu wr\u00f3cimy\u2026<\/p>\n<p><img loading=\"lazy\" decoding=\"async\" class=\"alignnone size-medium wp-image-526305\" src=\"https:\/\/www.europesays.com\/pl\/wp-content\/uploads\/2026\/09\/144f16-640x480.jpg\" alt=\"Zderzenie dw\u00f3ch aut na ul. Zemborzyckiej. Jeden z kierowc\u00f3w zacz\u0105\u0142 ucieka\u0107 pieszo\" width=\"500\" height=\"375\"  \/><\/p>\n<p><img loading=\"lazy\" decoding=\"async\" class=\"alignnone size-medium wp-image-526306\" src=\"https:\/\/www.europesays.com\/pl\/wp-content\/uploads\/2026\/09\/144f15-640x480.jpg\" alt=\"Zderzenie dw\u00f3ch aut na ul. Zemborzyckiej. Jeden z kierowc\u00f3w zacz\u0105\u0142 ucieka\u0107 pieszo\" width=\"500\" height=\"375\"  \/><\/p>\n<p>\n                                    <a href=\"https:\/\/www.google.com\/preferences\/source?q=lublin112.pl\" target=\"_blank\" rel=\"noopener noreferrer nofollow\" onclick=\"if (!window.__cfRLUnblockHandlers) return false; gtag(&#039;event&#039;, &#039;google_preferred_source_click&#039;, {&#010;                                           &#039;link_url&#039;: this.href,&#010;                                           &#039;link_text&#039;: &#039;Ustaw lublin112.pl jako preferowane \u017ar\u00f3d\u0142o&#039;&#010;                                       });\" style=\"text-align:center;display:block;\" data-cf-modified-7184b3f2ee5b8446194f4394-=\"\"><br \/>\n                                        <img decoding=\"async\" src=\"https:\/\/www.europesays.com\/pl\/wp-content\/uploads\/2026\/09\/1788655300_521_lublin112-google-source.webp\" alt=\"Ustaw lublin112.pl jako preferowane \u017ar\u00f3d\u0142o w Google\" style=\"max-width: 70%;\"\/><br \/>\n                                    <\/a><br \/>\n                                    <\/p>\n","protected":false},"excerpt":{"rendered":"Do wypadku dosz\u0142o w sobot\u0119, 5 wrze\u015bnia, na ul. Zemborzyckiej w Lublinie. P\u00f3\u017anym wieczorem, przy skrzy\u017cowaniu z ul.&hellip;\n","protected":false},"author":2,"featured_media":670213,"comment_status":"","ping_status":"","sticky":false,"template":"","format":"standard","meta":{"footnotes":"","_share_on_mastodon":"0"},"categories":[51612],"tags":[3431,1081,42,38,40,39,41,2588,113256],"class_list":["post-670212","post","type-post","status-publish","format-standard","has-post-thumbnail","category-lublin","tag-kolizja","tag-lublin","tag-pl","tag-poland","tag-polish","tag-polska","tag-polski","tag-wypadek","tag-zemborzycka"],"share_on_mastodon":{"url":"https:\/\/pubeurope.com\/@pl\/117221319521176826","error":""},"_links":{"self":[{"href":"https:\/\/www.europesays.com\/pl\/wp-json\/wp\/v2\/posts\/670212","targetHints":{"allow":["GET"]}}],"collection":[{"href":"https:\/\/www.europesays.com\/pl\/wp-json\/wp\/v2\/posts"}],"about":[{"href":"https:\/\/www.europesays.com\/pl\/wp-json\/wp\/v2\/types\/post"}],"author":[{"embeddable":true,"href":"https:\/\/www.europesays.com\/pl\/wp-json\/wp\/v2\/users\/2"}],"replies":[{"embeddable":true,"href":"https:\/\/www.europesays.com\/pl\/wp-json\/wp\/v2\/comments?post=670212"}],"version-history":[{"count":0,"href":"https:\/\/www.europesays.com\/pl\/wp-json\/wp\/v2\/posts\/670212\/revisions"}],"wp:featuredmedia":[{"embeddable":true,"href":"https:\/\/www.europesays.com\/pl\/wp-json\/wp\/v2\/media\/670213"}],"wp:attachment":[{"href":"https:\/\/www.europesays.com\/pl\/wp-json\/wp\/v2\/media?parent=670212"}],"wp:term":[{"taxonomy":"category","embeddable":true,"href":"https:\/\/www.europesays.com\/pl\/wp-json\/wp\/v2\/categories?post=670212"},{"taxonomy":"post_tag","embeddable":true,"href":"https:\/\/www.europesays.com\/pl\/wp-json\/wp\/v2\/tags?post=670212"}],"curies":[{"name":"wp","href":"https:\/\/api.w.org\/{rel}","templated":true}]}}