{"id":670234,"date":"2026-09-06T00:56:18","date_gmt":"2026-09-06T00:56:18","guid":{"rendered":"https:\/\/www.europesays.com\/pl\/670234\/"},"modified":"2026-09-06T00:56:18","modified_gmt":"2026-09-06T00:56:18","slug":"michael-mendl-nie-zyje-aktor-wcielil-sie-m-in-w-role-jana-pawla-ii","status":"publish","type":"post","link":"https:\/\/www.europesays.com\/pl\/670234\/","title":{"rendered":"Michael Mendl nie \u017cyje. Aktor wcieli\u0142 si\u0119 m.in. w rol\u0119 Jana Paw\u0142a II"},"content":{"rendered":"<p>&#13;<br \/>\n        \tW wieku 82 lat zmar\u0142 niemiecki aktor Michael Mendl, znany m.in. z filmu &#8222;Karol Wojty\u0142a. Tajemnice papie\u017ca&#8221;. O \u015bmierci artysty poinformowa\u0142a w sobot\u0119 jego agentka. Mendl specjalizowa\u0142 si\u0119 w rolach charakterystycznych, cz\u0119sto graj\u0105c postacie negatywne i uwik\u0142ane w konflikty.&#13;\n        \t<\/p>\n<p>Michael Mendl w trakcie swojej kariery zagra\u0142 w ponad 200 produkcjach teatralnych, telewizyjnych i filmowych. Jedn\u0105 z jego najbardziej znanych kreacji by\u0142a rola kanclerza RFN Willy&#8217;ego Brandta w filmie telewizyjnym &#8222;Im Schatten der Macht&#8221; (pol. &#8222;W cieniu w\u0142adzy&#8221;) z 2003 roku. Za t\u0119 rol\u0119 rok p\u00f3\u017aniej otrzyma\u0142 Z\u0142ot\u0105 Kamer\u0119 dla najlepszego niemieckiego aktora.<\/p>\n<p>\u00a0<\/p>\n<p>ZOBACZ: <a href=\"https:\/\/www.polsatnews.pl\/wiadomosc\/2026-08-26\/nie-zyje-tim-curry-brytyjski-aktor-zmagal-sie-z-problemami-zdrowotnymi\/\" rel=\"nofollow noopener\" target=\"_blank\">Nie \u017cyje Tim Curry. Brytyjski aktor zmaga\u0142 si\u0119 z problemami zdrowotnymi<\/a><\/p>\n<p>\u00a0<\/p>\n<p>W 2006 roku Mendl wcieli\u0142 si\u0119 w rol\u0119 Jana Paw\u0142a II w fabularyzowanym filmie dokumentalnym &#8222;Karol Wojty\u0142a. Tajemnice papie\u017ca&#8221;, \u0142\u0105cz\u0105cym inscenizowane sceny z \u017cycia Karola Wojty\u0142y z wypowiedziami \u015bwiadk\u00f3w.<\/p>\n<p>Zmar\u0142 niemiecki aktor Michael Mendl. Zagra\u0142 m.in. Jana Paw\u0142a II<\/p>\n<p>Mendl urodzi\u0142 si\u0119 w 1944 roku w Lunen jako nie\u015blubny syn katolickiego ksi\u0119dza. Przez oko\u0142o 25 lat wyst\u0119powa\u0142 przede wszystkim na scenach teatralnych, a karier\u0119 filmow\u0105 rozpocz\u0105\u0142 na wi\u0119ksz\u0105 skal\u0119 dopiero w okolicach 50. roku \u017cycia.<\/p>\n<p>\u00a0<\/p>\n<p>ZOBACZ: <a href=\"https:\/\/www.polsatnews.pl\/wiadomosc\/2026-09-03\/podczas-poszukiwan-witolda-plociennika-znaleziono-cialo\/\" rel=\"nofollow noopener\" target=\"_blank\">Nie \u017cyje Witold P\u0142\u00f3ciennik. Operator filmowy by\u0142 poszukiwany od kilku dni<\/a><\/p>\n<p>\u00a0<\/p>\n<p>&#8211; Kiedy przeszed\u0142em do filmu, mia\u0142em ogromne szcz\u0119\u015bcie &#8211; m\u00f3wi\u0142 w 2019 roku w rozmowie z agencj\u0105 dpa. Okre\u015bla\u0142 si\u0119 jako aktor charakterystyczny, kt\u00f3remu przypadaj\u0105 trudne role, w tym przest\u0119pc\u00f3w, psychopat\u00f3w, polityk\u00f3w.<\/p>\n<p>                <img decoding=\"async\" src=\"https:\/\/www.europesays.com\/pl\/wp-content\/uploads\/2026\/09\/1788656178_144_32s3t8o4g3ii8tj34xeapgxh5agk2i2i.jpeg\" alt=\"\" itemprop=\"contentUrl\" style=\"position:absolute; width: 100%; max-height: 100%;\"\/><video controls=\"\" controlslist=\"nodownload\" poster=\"https:\/\/www.europesays.com\/pl\/wp-content\/uploads\/2026\/09\/1788656178_144_32s3t8o4g3ii8tj34xeapgxh5agk2i2i.jpeg\" class=\"videoPlayer player6868668 news__video\" data-id=\"6868668\">Twoja przegl\u0105darka nie wspiera odtwarzacza wideo&#8230;<\/video><\/p>\n<p>                <a class=\"news__read-more-button\" href=\"https:\/\/www.polsatnews.pl\/\" rel=\"nofollow noopener\" target=\"_blank\">Czytaj wi\u0119cej<\/a><\/p>\n<p>                        &#13;<br \/>\n\t&#13;<\/p>\n<p>\t\t\tChcesz by\u0107 na bie\u017c\u0105co z najnowszymi newsami?<\/p>\n<p class=\"app-ad__preview\">Jeste\u015bmy w aplikacji na Tw\u00f3j telefon. Sprawd\u017a\u00a0nas!<\/p>\n","protected":false},"excerpt":{"rendered":"&#13; W wieku 82 lat zmar\u0142 niemiecki aktor Michael Mendl, znany m.in. z filmu &#8222;Karol Wojty\u0142a. Tajemnice papie\u017ca&#8221;.&hellip;\n","protected":false},"author":2,"featured_media":670235,"comment_status":"","ping_status":"","sticky":false,"template":"","format":"standard","meta":{"footnotes":"","_share_on_mastodon":"0"},"categories":[22],"tags":[122,42,38,40,39,41,123],"class_list":["post-670234","post","type-post","status-publish","format-standard","has-post-thumbnail","category-rozrywka","tag-entertainment","tag-pl","tag-poland","tag-polish","tag-polska","tag-polski","tag-rozrywka"],"share_on_mastodon":{"url":"https:\/\/pubeurope.com\/@pl\/117221378362577660","error":""},"_links":{"self":[{"href":"https:\/\/www.europesays.com\/pl\/wp-json\/wp\/v2\/posts\/670234","targetHints":{"allow":["GET"]}}],"collection":[{"href":"https:\/\/www.europesays.com\/pl\/wp-json\/wp\/v2\/posts"}],"about":[{"href":"https:\/\/www.europesays.com\/pl\/wp-json\/wp\/v2\/types\/post"}],"author":[{"embeddable":true,"href":"https:\/\/www.europesays.com\/pl\/wp-json\/wp\/v2\/users\/2"}],"replies":[{"embeddable":true,"href":"https:\/\/www.europesays.com\/pl\/wp-json\/wp\/v2\/comments?post=670234"}],"version-history":[{"count":0,"href":"https:\/\/www.europesays.com\/pl\/wp-json\/wp\/v2\/posts\/670234\/revisions"}],"wp:featuredmedia":[{"embeddable":true,"href":"https:\/\/www.europesays.com\/pl\/wp-json\/wp\/v2\/media\/670235"}],"wp:attachment":[{"href":"https:\/\/www.europesays.com\/pl\/wp-json\/wp\/v2\/media?parent=670234"}],"wp:term":[{"taxonomy":"category","embeddable":true,"href":"https:\/\/www.europesays.com\/pl\/wp-json\/wp\/v2\/categories?post=670234"},{"taxonomy":"post_tag","embeddable":true,"href":"https:\/\/www.europesays.com\/pl\/wp-json\/wp\/v2\/tags?post=670234"}],"curies":[{"name":"wp","href":"https:\/\/api.w.org\/{rel}","templated":true}]}}