{"id":670238,"date":"2026-09-06T00:58:24","date_gmt":"2026-09-06T00:58:24","guid":{"rendered":"https:\/\/www.europesays.com\/pl\/670238\/"},"modified":"2026-09-06T00:58:24","modified_gmt":"2026-09-06T00:58:24","slug":"handel-w-niedziele-solidarnosc-prosi-klientow-o-paragony","status":"publish","type":"post","link":"https:\/\/www.europesays.com\/pl\/670238\/","title":{"rendered":"Handel w niedziele. &#8222;Solidarno\u015b\u0107&#8221; prosi klient\u00f3w o paragony"},"content":{"rendered":"<p>            <a href=\"https:\/\/s-trojmiasto.pl\/zdj\/c\/n\/9\/4414\/1000x0\/4414748__c_0_0_1000_515.webp\" target=\"_blank\" data-slide-name=\"861558\" data-lightbox-target=\"photo full\" data-sub-html=\"&lt;h4&gt;&lt;\/h4&gt;&lt;p&gt;fot. 123rf&lt;\/p&gt;&#010;\" class=\"photoMarker__link\" data-filter-brightness=\"brightness--100\" rel=\"nofollow noopener\"><\/p>\n<p>    <img decoding=\"async\" style=\"height:386px; aspect-ratio: 1.94175\/1; filter:brightness(1);\" alt=\"\" src=\"https:\/\/www.europesays.com\/pl\/wp-content\/uploads\/2026\/09\/4414748__c_0_0_1000_515.webp\" class=\"photoMarker__img \" data-slider=\"img\" fetchpriority=\"high\"\/><\/p>\n<p>            <\/a><\/p>\n<p class=\"lead\">NSZZ Solidarno\u015b\u0107 zaapelowa\u0142a do klient\u00f3w o\u00a0pomoc w\u00a0dokumentowaniu przypadk\u00f3w otwierania sklep\u00f3w w\u00a0niedziele obj\u0119te zakazem handlu. Takim dowodem ma by\u0107 paragon. Chc\u0105 zebra\u0107 dokumenty potwierdzaj\u0105ce naruszanie przepis\u00f3w i\u00a0skierowa\u0107 spraw\u0119 do Prokuratora Generalnego. Zwi\u0105zkowcy zapowiadaj\u0105 te\u017c, \u017ce &#8222;zajm\u0105 si\u0119&#8221; sklepami sieci \u017babka. Pytanie, co na to klienci. Czy b\u0119d\u0105 chcieli &#8222;donosi\u0107&#8221; na sklepy, w\u00a0kt\u00f3rych robi\u0105 zakupy w\u00a0niedziele?<\/p>\n<p>                                nie, jest dobrze, jak jest, i nie trzeba tego zmienia\u0107<br \/>\n                                18%<\/p>\n<p>                                tak, jestem za zniesieniem zakaz\u00f3w w handlu<br \/>\n                                67%<\/p>\n<p>                                tak, ale oczekuj\u0119 tylko zwi\u0119kszenia liczby niedziel, a nie zniesienia wszystkich ogranicze\u0144<br \/>\n                                15%<\/p>\n<p>Jak przekonuje Alfred Bujara, przewodnicz\u0105cy Sekcji Krajowej Pracownik\u00f3w Handlu NSZZ Solidarno\u015b\u0107, coraz wi\u0119cej sieci ma wykorzystywa\u0107 wyj\u0105tki od ustawy lub \u015bwiadomie otwiera\u0107 plac\u00f3wki mimo zakazu. Dlatego zaapelowa\u0142 do klient\u00f3w o\u00a0pomoc w\u00a0dokumentowaniu przypadk\u00f3w otwierania sklep\u00f3w w\u00a0niedziele obj\u0119te zakazem handlu. Zwi\u0105zek chce, aby konsumenci przesy\u0142ali zdj\u0119cia paragon\u00f3w z\u00a0plac\u00f3wek, kt\u00f3re mimo ogranicze\u0144 prowadz\u0105 sprzeda\u017c. Zebrane materia\u0142y maj\u0105 pos\u0142u\u017cy\u0107 jako dowody przy sk\u0142adaniu zawiadomienia do organ\u00f3w pa\u0144stwa.<\/p>\n<p>                <a href=\"https:\/\/ogloszenia.trojmiasto.pl\/nieruchomosci-sprzedam-rynek-wtorny\/lokal-uzytkowy\/\" data-tklik=\"644341\" rel=\"nofollow noopener\" target=\"_blank\"><br \/>\n                    Wi\u0119cej w serwisie Og\u0142oszenia<br \/>\n                    (755)<\/p>\n<p>                <\/a><\/p>\n<p>&#8211; Prosimy klient\u00f3w, zwi\u0105zkowc\u00f3w, ale te\u017c wszystkich Polak\u00f3w o\u00a0pomoc w\u00a0dostarczaniu nam dokument\u00f3w \u0142amania ustawy o\u00a0ograniczeniu handlu w\u00a0niedziele i\u00a0\u015bwi\u0119ta. Coraz wi\u0119cej sieci \u0142amie w\u00a0tej chwili t\u0119 ustaw\u0119 &#8211; apeluje Alfred Bujara.<br \/>Przypomnijmy, \u017ce ograniczenia w\u00a0handlu w\u00a0niedziele wynikaj\u0105 z\u00a0ustawy obowi\u0105zuj\u0105cej od marca 2018 roku. To w\u0142a\u015bnie NSZZ  Solidarno\u015b\u0107 by\u0142a jednym z\u00a0inicjator\u00f3w ograniczenia handlu. Potem wiele razy walczy\u0142a z\u00a0pomys\u0142ami na obej\u015bcie tej ustawy, bo sklepy stawa\u0142y si\u0119 <a href=\"https:\/\/www.trojmiasto.pl\/dom\/Punkt-i1274.html\" class=\"parse-link\" title=\"Punkt\" rel=\"nofollow noopener\" target=\"_blank\">punktami<\/a> pocztowymi, wypo\u017cyczalniami sprz\u0119tu sportowego czy bibliotekami. <\/p>\n<p>Ustawa wci\u0105\u017c przewiduje wiele wyj\u0105tk\u00f3w, kt\u00f3re pozwalaj\u0105 prowadzi\u0107 dzia\u0142alno\u015b\u0107 okre\u015blonym plac\u00f3wkom i\u00a0w okre\u015blonych sytuacjach. Alfred Bujara przekonuje, \u017ce niekt\u00f3re sieci mog\u0105 wykorzystywa\u0107 te przepisy w\u00a0spos\u00f3b niezgodny z\u00a0intencj\u0105 ustawodawcy.<\/p>\n<p>                <a href=\"https:\/\/ogloszenia.trojmiasto.pl\/praca-zatrudnie\/sprzedaz-detaliczna\/\" data-tklik=\"274173\" rel=\"nofollow noopener\" target=\"_blank\"><br \/>\n                    Wi\u0119cej w serwisie Og\u0142oszenia<br \/>\n                    (54)<\/p>\n<p>                <\/a><\/p>\n<p>Dzi\u015b, jak twierdzi Alfred Bujara, cz\u0119\u015b\u0107 przedsi\u0119biorc\u00f3w ju\u017c nie szuka nawet obej\u015bcia ustawy, narusza j\u0105 \u015bwiadomie, a\u00a0sankcje traktuje jako koszt dzia\u0142alno\u015bci. A\u00a0wszystko dlatego, \u017ce w\u00a0praktyce kary nie s\u0105 dla nich wystarczaj\u0105co odstraszaj\u0105ce.<\/p>\n<p>Za niestosowanie si\u0119 do przepis\u00f3w gro\u017c\u0105 kary &#8211; od tysi\u0105ca do nawet 100 tys. z\u0142. Zwykle jednak ko\u0144czy si\u0119 na ni\u017cszych stawkach. Przewodnicz\u0105cy Bujara ostrzega jednak, \u017ce kary mog\u0105 by\u0107 zdecydowanie dotkliwsze. <\/p>\n<p>&#8211; S\u0105dy mog\u0105 orzec kar\u0119 dla takiego przedsi\u0119biorcy, kt\u00f3ry notorycznie \u0142amie ustaw\u0119, a\u00a0wi\u0119c kt\u00f3ry co niedziel\u0119 si\u0119 otwiera; mog\u0105 orzec kar\u0119 do miliona z\u0142otych lub na 15 lat pozbawi\u0107 dany podmiot prowadzenia dzia\u0142alno\u015bci &#8211; m\u00f3wi Alfred Bujar i\u00a0dodaje, \u017ce problem ma mie\u0107 charakter og\u00f3lnopolski, dlatego dzia\u0142ania nie powinny ogranicza\u0107 si\u0119 do pojedynczych plac\u00f3wek czy lokalnych interwencji.<\/p>\n<p>                <a href=\"https:\/\/ogloszenia.trojmiasto.pl\/nieruchomosci\/dom-wolnostojacy\/gdansk\/ikl,101_106,o2,1.html\" data-tklik=\"500471\" rel=\"nofollow noopener\" target=\"_blank\"><br \/>\n                    Wi\u0119cej w serwisie Og\u0142oszenia<br \/>\n                    (217)<\/p>\n<p>                <\/a><\/p>\n<p>Wed\u0142ug zwi\u0105zku, z\u00a015 orzecze\u0144 wydanych przez S\u0105d Najwy\u017cszy wynika, \u017ce otwieranie sklep\u00f3w w\u00a0niedziel\u0119 pod pretekstem, \u017ce s\u0105 wypo\u017cyczalniami ksi\u0105\u017cek lub sprz\u0119tu sportowego, stanowi z\u0142amanie prawa, a\u00a0to oznacza, \u017ce post\u0119powania nie powinny by\u0107 umarzane. <\/p>\n<p>W ocenie NSZZ Solidarno\u015b\u0107 narz\u0119dzia prawne ju\u017c istniej\u0105, ale potrzebna jest wi\u0119ksza aktywno\u015b\u0107 instytucji publicznych.<\/p>\n<p>&#8211; Instrumenty s\u0105, tylko musi by\u0107 wola pa\u0144stwa, organ\u00f3w pa\u0144stwa. Tutaj mam na my\u015bli Pa\u0144stwow\u0105 Inspekcj\u0119 Pracy, jak r\u00f3wnie\u017c prokuratur\u0119 &#8211; m\u00f3wi Alfred Bujara.<\/p>\n<p>                <a href=\"https:\/\/ogloszenia.trojmiasto.pl\/nieruchomosci\/dzialka-ogrodnicza\/\" data-tklik=\"784344\" rel=\"nofollow noopener\" target=\"_blank\"><br \/>\n                    Wi\u0119cej w serwisie Og\u0142oszenia<br \/>\n                    (87)<\/p>\n<p>                <\/a><\/p>\n<p>Przewodnicz\u0105cy zapowiedzia\u0142 r\u00f3wnie\u017c, \u017ce w\u00a0przysz\u0142o\u015bci zwi\u0105zek przyjrzy si\u0119 tak\u017ce \u017babkom.<\/p>\n<p>&#8211; \u017babkami te\u017c si\u0119 zajmiemy, bo tutaj si\u0119 k\u0142ania przede wszystkim ustawa o\u00a0franczyzie &#8211; zadeklarowa\u0142 Bujara.<br \/>W po\u0142owie sierpnia odby\u0142o si\u0119 <a href=\"https:\/\/www.trojmiasto.pl\/dom\/Spot-i1639.html\" class=\"parse-link\" title=\"Spot\" rel=\"nofollow noopener\" target=\"_blank\">spotkanie<\/a> w\u0142adz zwi\u0105zku z\u00a0G\u0142\u00f3wnym Inspektorem Pracy. Po tym spotkaniu przewodnicz\u0105cy Bujara przekaza\u0142, \u017ce zgodnie z\u00a0deklaracj\u0105 GIP, sklepy, kt\u00f3re notorycznie \u0142ami\u0105 zapisy ustawy o\u00a0ograniczeniu handlu w\u00a0niedziele, zostan\u0105 ponownie skontrolowane.<\/p>\n<p>Ile niedziel handlowych mamy jeszcze w\u00a02026 roku?<\/p>\n<ul class=\"bullet-list-arrow\">\n<li>6 grudnia,<\/li>\n<li>13 grudnia,<\/li>\n<li>20 grudnia.<\/li>\n<\/ul>\n<p>        <\/p>\n<p>                <a href=\"https:\/\/ogloszenia.trojmiasto.pl\/praca-zatrudnie\/sprzedaz-detaliczna\/\" data-tklik=\"274173\" rel=\"nofollow noopener\" target=\"_blank\"><br \/>\n                    Wi\u0119cej w serwisie Og\u0142oszenia<br \/>\n                    (54)<\/p>\n<p>                <\/a><\/p>\n<p>W pozosta\u0142e niedziele obowi\u0105zuje zakaz. S\u0105 oczywi\u015bcie wyj\u0105tki. W\u00a0ka\u017cd\u0105 niedziel\u0119 mog\u0105 by\u0107 czynne sklepy, w\u00a0kt\u00f3rych obs\u0142uguje sam w\u0142a\u015bciciel, ale&#8230; mo\u017ce korzysta\u0107 z\u00a0pomocy. Tu ustawodawca wyra\u017anie wskaza\u0142, kto nale\u017cy do tego grona. Pomocy w\u00a0sprzeda\u017cy w\u00a0niedziele mog\u0105 udziela\u0107: ma\u0142\u017conek, dzieci w\u0142asne, dzieci ma\u0142\u017conka, dzieci przysposobione, rodzice, macocha, ojczym, rodze\u0144stwo, wnuki, a\u00a0tak\u017ce dziadkowie. Istnieje jednak kluczowe zastrze\u017cenie: osoby te nie mog\u0105 by\u0107 pracownikami lub zatrudnionymi w\u00a0plac\u00f3wce handlowej u\u00a0przedsi\u0119biorcy, kt\u00f3ry korzysta z\u00a0ich nieodp\u0142atnej pomocy.Gdzie zakaz handlu w\u00a0\u015bwi\u0119ta i\u00a0w\u00a0niedziele nie obowi\u0105zuje<\/p>\n<ul class=\"bullet-list-arrow\">\n<li>w\u00a0sklepach, w\u00a0kt\u00f3rych obs\u0142uguje sam w\u0142a\u015bciciel,<\/li>\n<li>na stacjach benzynowych,<\/li>\n<li>w\u00a0kwiaciarniach,<\/li>\n<li>w aptekach i\u00a0punktach\u00a0aptecznych,<\/li>\n<li>w\u00a0piekarniach, cukierniach i\u00a0lodziarniach,<\/li>\n<li>w\u00a0plac\u00f3wkach handlowych, w\u00a0kt\u00f3rych przewa\u017caj\u0105ca dzia\u0142alno\u015b\u0107 polega na handlu pami\u0105tkami lub dewocjonaliami,<\/li>\n<li>w punktach handlowych, w\u00a0kt\u00f3rych przewa\u017caj\u0105ca dzia\u0142alno\u015b\u0107 polega na handlu pras\u0105, biletami komunikacji miejskiej, wyrobami tytoniowymi, kuponami gier losowych i\u00a0zak\u0142ad\u00f3w,<\/li>\n<li>w\u00a0plac\u00f3wkach pocztowych (z uwzgl\u0119dnieniem nowelizacji przepis\u00f3w),<\/li>\n<li>w\u00a0sklepach internetowych, a\u00a0tak\u017ce na dworcach.<\/li>\n<\/ul>\n","protected":false},"excerpt":{"rendered":"NSZZ Solidarno\u015b\u0107 zaapelowa\u0142a do klient\u00f3w o\u00a0pomoc w\u00a0dokumentowaniu przypadk\u00f3w otwierania sklep\u00f3w w\u00a0niedziele obj\u0119te zakazem handlu. Takim dowodem ma by\u0107&hellip;\n","protected":false},"author":2,"featured_media":670239,"comment_status":"","ping_status":"","sticky":false,"template":"","format":"standard","meta":{"footnotes":"","_share_on_mastodon":"0"},"categories":[16],"tags":[210,129905,14520,113,112,11973,60223,10825,16565,388,4041,28998,1048,1064,4043,6229,65750,15232,2642,16072,25206,11534,4040,4515,129910,43885,15414,3750,3448,1890,62076,4039,7622,41999,16280,42,11533,38,40,39,41,7623,1756,383,95928,1627,12068,17333,47362,129907,2225,68401,129906,11574,2777,7870,1063,4042,20073,1133,129908,5073,4038,6158,26,10937,20690,59853,7883,3493,17092,2780,4883,129909],"class_list":["post-670238","post","type-post","status-publish","format-standard","has-post-thumbnail","category-biznes","tag-aktualnosci","tag-alfred-bujara","tag-biblioteka","tag-biznes","tag-business","tag-dokument","tag-dokumentowanie","tag-dowod","tag-dzialalnosc","tag-finanse","tag-firmy","tag-franczyza","tag-gdansk","tag-gdynia","tag-gospodarka-morska","tag-handel","tag-inicjator","tag-instytucja","tag-kara","tag-klient","tag-konsument","tag-koszt","tag-ludzie-sukcesu","tag-milion","tag-naruszanie","tag-naruszenie","tag-narzedzie","tag-niedziela","tag-nszz-solidarnosc","tag-ograniczenie","tag-organ","tag-osoby-biznesu","tag-panstwo","tag-panstwowa-inspekcja-pracy","tag-paragon","tag-pl","tag-podmiot","tag-poland","tag-polish","tag-polska","tag-polski","tag-pomoc","tag-praca","tag-prawo","tag-prokurator-generalny","tag-prokuratura","tag-przedsiebiorca","tag-przepis","tag-przypadek","tag-punkt-pocztowy","tag-sad","tag-sankcja","tag-sekcja-krajowa-pracownikow-handlu-nszz-solidarnosc","tag-siec","tag-sklep","tag-solidarnosc","tag-sopot","tag-spolki-gieldowe","tag-sprawa","tag-sprzedaz","tag-sprzet-sportowy","tag-swieto","tag-sylwetki","tag-ustawa","tag-wiadomosci","tag-wola","tag-wyjatek","tag-wypozyczalnia","tag-zabka","tag-zakaz","tag-zakaz-handlu","tag-zakup","tag-zawiadomienie","tag-zwiazkowiec"],"share_on_mastodon":{"url":"","error":"Validation failed: Text character limit of 500 exceeded"},"_links":{"self":[{"href":"https:\/\/www.europesays.com\/pl\/wp-json\/wp\/v2\/posts\/670238","targetHints":{"allow":["GET"]}}],"collection":[{"href":"https:\/\/www.europesays.com\/pl\/wp-json\/wp\/v2\/posts"}],"about":[{"href":"https:\/\/www.europesays.com\/pl\/wp-json\/wp\/v2\/types\/post"}],"author":[{"embeddable":true,"href":"https:\/\/www.europesays.com\/pl\/wp-json\/wp\/v2\/users\/2"}],"replies":[{"embeddable":true,"href":"https:\/\/www.europesays.com\/pl\/wp-json\/wp\/v2\/comments?post=670238"}],"version-history":[{"count":0,"href":"https:\/\/www.europesays.com\/pl\/wp-json\/wp\/v2\/posts\/670238\/revisions"}],"wp:featuredmedia":[{"embeddable":true,"href":"https:\/\/www.europesays.com\/pl\/wp-json\/wp\/v2\/media\/670239"}],"wp:attachment":[{"href":"https:\/\/www.europesays.com\/pl\/wp-json\/wp\/v2\/media?parent=670238"}],"wp:term":[{"taxonomy":"category","embeddable":true,"href":"https:\/\/www.europesays.com\/pl\/wp-json\/wp\/v2\/categories?post=670238"},{"taxonomy":"post_tag","embeddable":true,"href":"https:\/\/www.europesays.com\/pl\/wp-json\/wp\/v2\/tags?post=670238"}],"curies":[{"name":"wp","href":"https:\/\/api.w.org\/{rel}","templated":true}]}}