{"id":670250,"date":"2026-09-06T01:14:33","date_gmt":"2026-09-06T01:14:33","guid":{"rendered":"https:\/\/www.europesays.com\/pl\/670250\/"},"modified":"2026-09-06T01:14:33","modified_gmt":"2026-09-06T01:14:33","slug":"media-oglosily-zatrzymanie-marszalka-wojewodztwa-lubelskiego-a-jaroslaw-stawiarski-jest-na-meczu-kibicujac-motorowi","status":"publish","type":"post","link":"https:\/\/www.europesays.com\/pl\/670250\/","title":{"rendered":"Media og\u0142osi\u0142y zatrzymanie Marsza\u0142ka Wojew\u00f3dztwa Lubelskiego. A Jaros\u0142aw Stawiarski jest na meczu kibicuj\u0105c Motorowi"},"content":{"rendered":"<p>Informacja pojawi\u0142a si\u0119 w Wirtualnej Polsce oko\u0142o godziny 21:10. Portal, powo\u0142uj\u0105c si\u0119 na ustalenia swoich dziennikarzy oraz TVN24, napisa\u0142, \u017ce Jaros\u0142aw S., marsza\u0142ek wojew\u00f3dztwa lubelskiego z ramienia PiS, zosta\u0142 zatrzymany przez s\u0142u\u017cby.<\/p>\n<p>Wed\u0142ug WP zatrzymanie mia\u0142a potwierdzi\u0107 prokuratura. Wskazano, \u017ce to jedno z najpowa\u017cniejszych wydarze\u0144 w dotychczasowej karierze politycznej Stawiarskiego.<\/p>\n<p>Sprawa ma dotyczy\u0107 \u015bledztwa prowadzonego przez katowick\u0105 delegatur\u0119 Departamentu ds. Przest\u0119pczo\u015bci Zorganizowanej i Korupcji Prokuratury Krajowej w sprawie Zondacrypto.<\/p>\n<p>W tle 800 tysi\u0119cy z\u0142otych<\/p>\n<p>Wed\u0142ug ustale\u0144 WP i TVN24 Stawiarski mia\u0142 naciska\u0107 na Przemys\u0142awa Krala, by\u0142ego szefa gie\u0142dy kryptowalut, aby ten wyp\u0142aci\u0142 mu 800 tys. z\u0142 z upadaj\u0105cej gie\u0142dy.<\/p>\n<p>Wcze\u015bniej sam marsza\u0142ek m\u00f3wi\u0142 mediom, \u017ce pieni\u0105dze zainwestowa\u0142, zosta\u0142 oszukany i nie odzyska\u0142 \u015brodk\u00f3w. Zaprzecza\u0142 r\u00f3wnie\u017c relacjom dotycz\u0105cym jego rzekomej interwencji u Krala.<\/p>\n<p>Jeszcze dzi\u015b rano temat wygl\u0105da\u0142 zupe\u0142nie inaczej. Media informowa\u0142y przede wszystkim o tym, \u017ce prokuratura interesuje si\u0119 inwestycjami Stawiarskiego w kryptowaluty i mia\u0142a bada\u0107 jego kontakty z Kralem.<\/p>\n<p>Jest jednak co\u015b, co kompletnie nie pasuje do obrazu zatrzymania<\/p>\n<p>I w\u0142a\u015bnie tutaj pojawia si\u0119 najbardziej zaskakuj\u0105cy element ca\u0142ej historii.<\/p>\n<p>W momencie, gdy informacja o rzekomym zatrzymaniu marsza\u0142ka zacz\u0119\u0142a obiega\u0107 media, Jaros\u0142aw Stawiarski znajdowa\u0142 si\u0119 na Arenie Lublin, na trybunach podczas meczu Motoru Lublin.<\/p>\n<p>\n                                    <a href=\"https:\/\/www.google.com\/preferences\/source?q=lublin112.pl\" target=\"_blank\" rel=\"noopener noreferrer nofollow\" onclick=\"if (!window.__cfRLUnblockHandlers) return false; gtag(&#039;event&#039;, &#039;google_preferred_source_click&#039;, {&#010;                                           &#039;link_url&#039;: this.href,&#010;                                           &#039;link_text&#039;: &#039;Ustaw lublin112.pl jako preferowane \u017ar\u00f3d\u0142o&#039;&#010;                                       });\" style=\"text-align:center;display:block;\" data-cf-modified-22e18898433a8e889f0a4e16-=\"\"><br \/>\n                                        <img decoding=\"async\" src=\"https:\/\/www.europesays.com\/pl\/wp-content\/uploads\/2026\/09\/1788657273_79_lublin112-google-source.webp\" alt=\"Ustaw lublin112.pl jako preferowane \u017ar\u00f3d\u0142o w Google\" style=\"max-width: 70%;\"\/><br \/>\n                                    <\/a><br \/>\n                                    <\/p>\n","protected":false},"excerpt":{"rendered":"Informacja pojawi\u0142a si\u0119 w Wirtualnej Polsce oko\u0142o godziny 21:10. Portal, powo\u0142uj\u0105c si\u0119 na ustalenia swoich dziennikarzy oraz TVN24,&hellip;\n","protected":false},"author":2,"featured_media":670251,"comment_status":"","ping_status":"","sticky":false,"template":"","format":"standard","meta":{"footnotes":"","_share_on_mastodon":"0"},"categories":[51612],"tags":[11215,61808,1081,129911,64175,42,38,40,39,41,1627,1389,1299,17994],"class_list":["post-670250","post","type-post","status-publish","format-standard","has-post-thumbnail","category-lublin","tag-afera","tag-jaroslaw-stawiarski","tag-lublin","tag-marszalek-jaroslaw-stawiarski","tag-marszalek-wojewodztwa-lubelskiego","tag-pl","tag-poland","tag-polish","tag-polska","tag-polski","tag-prokuratura","tag-sledztwo","tag-zatrzymanie","tag-zondacrypto"],"share_on_mastodon":{"url":"https:\/\/pubeurope.com\/@pl\/117221449795533051","error":""},"_links":{"self":[{"href":"https:\/\/www.europesays.com\/pl\/wp-json\/wp\/v2\/posts\/670250","targetHints":{"allow":["GET"]}}],"collection":[{"href":"https:\/\/www.europesays.com\/pl\/wp-json\/wp\/v2\/posts"}],"about":[{"href":"https:\/\/www.europesays.com\/pl\/wp-json\/wp\/v2\/types\/post"}],"author":[{"embeddable":true,"href":"https:\/\/www.europesays.com\/pl\/wp-json\/wp\/v2\/users\/2"}],"replies":[{"embeddable":true,"href":"https:\/\/www.europesays.com\/pl\/wp-json\/wp\/v2\/comments?post=670250"}],"version-history":[{"count":0,"href":"https:\/\/www.europesays.com\/pl\/wp-json\/wp\/v2\/posts\/670250\/revisions"}],"wp:featuredmedia":[{"embeddable":true,"href":"https:\/\/www.europesays.com\/pl\/wp-json\/wp\/v2\/media\/670251"}],"wp:attachment":[{"href":"https:\/\/www.europesays.com\/pl\/wp-json\/wp\/v2\/media?parent=670250"}],"wp:term":[{"taxonomy":"category","embeddable":true,"href":"https:\/\/www.europesays.com\/pl\/wp-json\/wp\/v2\/categories?post=670250"},{"taxonomy":"post_tag","embeddable":true,"href":"https:\/\/www.europesays.com\/pl\/wp-json\/wp\/v2\/tags?post=670250"}],"curies":[{"name":"wp","href":"https:\/\/api.w.org\/{rel}","templated":true}]}}