{"id":670270,"date":"2026-09-06T01:34:10","date_gmt":"2026-09-06T01:34:10","guid":{"rendered":"https:\/\/www.europesays.com\/pl\/670270\/"},"modified":"2026-09-06T01:34:10","modified_gmt":"2026-09-06T01:34:10","slug":"azja-express-powrocilo-na-antene-widzowie-juz-wydali-werdykt-pudelek-pl","status":"publish","type":"post","link":"https:\/\/www.europesays.com\/pl\/670270\/","title":{"rendered":"&quot;Azja Express&quot; powr\u00f3ci\u0142o na anten\u0119. Widzowie ju\u017c wydali werdykt &#8211; Pudelek.pl"},"content":{"rendered":"<ol>\n<li><a href=\"https:\/\/news.google.com\/rss\/articles\/CBMi-AFBVV95cUxOa0hlQkwtdVZEbDJGeXgtNG1qa2hHNThXWDBYdFBpU1pkT3M4eEpkRkNmVHBQUWxiNHJ4Wm94aEEyOFFaSzMwSTlLckdJa09tcy1lek94T1loZGtaSk9mdi16MXlhLWlNOW5iZnlnTmJYRTZMcWFzcDdfV2w4SzNCcnBiS2hDMXhYeE5PelQtRUI3eVlWNEJMaHdTQ0NNYVI0U1VTdGpfaVpaYTVRbjhfaF9iZjIzZngzTUljTDd3U2lTVW1lb29wNFJXVnFQOEFFUXVDQnpvNXVsZVZPNU5mSjZFWklhLTZYT1VpdEo4elVlQ2RZQU83dQ?oc=5\" target=\"_blank\" rel=\"nofollow noopener\">&#8222;Azja Express&#8221; powr\u00f3ci\u0142o na anten\u0119. Widzowie ju\u017c wydali werdykt<\/a>&nbsp;&nbsp;Pudelek.pl<\/li>\n<li><a href=\"https:\/\/news.google.com\/rss\/articles\/CBMijAFBVV95cUxQeUkzVXJWR3RQZ1JWVHVYcXRBUnJnOF9NNm9Sd2EzTmF4TUxUd0J0U1Q5SEotRWZMam1Kbm5PVjVFOXgtaGMyYlVYUGxubTQzcEZoUFlSbFNISkJOenlOWjAwbGstcjNoVUllREo4b1kxbHpBMk8tTmlvRXdvclFnbl9xc1V1RDFBRng3dQ?oc=5\" target=\"_blank\" rel=\"nofollow noopener\">Program tv dla Azja Express<\/a>&nbsp;&nbsp;Pilot WP<\/li>\n<li><a href=\"https:\/\/news.google.com\/rss\/articles\/CBMirAFBVV95cUxQRmJ0Rk5tNWMyOGRDemVVd3llY0N0bHZDOHA3WWFmcnVnV1ZJdmYwSS1LZy1JOGM1Wk9KdzY3MWZTd3NZQkMzT191blljbGVPZnYwQTBETjR4M1BQRDZrZV9aVzBvc3FGSmc2OFVTSndnUEkxSTJ5bkJZM1h6V3Q5NFVsajkwbm9sdUJJd2pjcUczUUYwTkpxT0pZdzY3dHlhU29LSGlZckdGS1A3?oc=5\" target=\"_blank\" rel=\"nofollow noopener\">Obejrza\u0142am 'Azj\u0119 Express&#8217;. Gdy Herbu\u015b to powiedzia\u0142a, mia\u0142am ciary \u017cenady. Dalej by\u0142o jeszcze gorzej<\/a>&nbsp;&nbsp;Plotek.pl<\/li>\n<li><a href=\"https:\/\/news.google.com\/rss\/articles\/CBMi4AFBVV95cUxNMzNZR1A2RHhZa0JhTzdQS0NGSnYtTVEwQVFVa3J4a1ZMNTlQZENEWjZkdnJMT0RzNU10R3Bsd1dwWUJWVXZDSjZjU0JMNTVRMk12MXF6aWpyWnVSWVp1RG1BRHpDVEJPbHE3X2hhNFkzeF9oQ0haRDhSY0JuUjFhT1pMRjdWanZEaHRBdmlTMDlWa1NTZjNsTEZBRURZT2Fuc2dkOFZvcDFHdjVXUW5JVkF5NVl2d3NMTzRiRlBxTjZLN3k1QlZpVHNjb2V3VmwtTjdZaVhRN0tpSkx0enNpTA?oc=5\" target=\"_blank\" rel=\"nofollow noopener\">Konkurs dla widz\u00f3w programu &#8222;Azja Express&#8221;. Do wygrania vouchery na wycieczk\u0119 o warto\u015bci 10 tys. z\u0142<\/a>&nbsp;&nbsp;tvn.pl<\/li>\n<li><a href=\"https:\/\/news.google.com\/rss\/articles\/CBMivwFBVV95cUxOZDRUdTlKd0hIdVJlMnNFNnJod2YtMWYzNG9JNWRKaVNueW1US3VCYXZIOGF5VTlYeWtqM1FtUkVrMVhrbkVUNWwzR3pYd0lXbHFndTl4ZC1yVFA5ZFRsN1hhaXBxWjhNMDdSS3pnMzBOcFhSSGNGenRJV3ZXZWFDWllVYm9PYUM1dVRGVTRfZTR6OTlRb0MxWVpWamc1b0U4blFTcFZzRnB5djBiQXlNOFpMeS1qR0VqN1Q5WW9DMA?oc=5\" target=\"_blank\" rel=\"nofollow noopener\">\u201eAzja Express\u201d odcinek 1. Zillmann i Lesar b\u0119d\u0105 musia\u0142y zrezygnowa\u0107? Powa\u017cna kontuzja!<\/a>&nbsp;&nbsp;Telemagazyn<\/li>\n<\/ol>\n","protected":false},"excerpt":{"rendered":"&#8222;Azja Express&#8221; powr\u00f3ci\u0142o na anten\u0119. Widzowie ju\u017c wydali werdykt&nbsp;&nbsp;Pudelek.pl Program tv dla Azja Express&nbsp;&nbsp;Pilot WP Obejrza\u0142am 'Azj\u0119 Express&#8217;.&hellip;\n","protected":false},"author":2,"featured_media":670271,"comment_status":"","ping_status":"","sticky":false,"template":"","format":"standard","meta":{"footnotes":"","_share_on_mastodon":"0"},"categories":[22],"tags":[122,42,38,40,39,41,123],"class_list":["post-670270","post","type-post","status-publish","format-standard","has-post-thumbnail","category-rozrywka","tag-entertainment","tag-pl","tag-poland","tag-polish","tag-polska","tag-polski","tag-rozrywka"],"share_on_mastodon":{"url":"https:\/\/pubeurope.com\/@pl\/117221527819515305","error":""},"_links":{"self":[{"href":"https:\/\/www.europesays.com\/pl\/wp-json\/wp\/v2\/posts\/670270","targetHints":{"allow":["GET"]}}],"collection":[{"href":"https:\/\/www.europesays.com\/pl\/wp-json\/wp\/v2\/posts"}],"about":[{"href":"https:\/\/www.europesays.com\/pl\/wp-json\/wp\/v2\/types\/post"}],"author":[{"embeddable":true,"href":"https:\/\/www.europesays.com\/pl\/wp-json\/wp\/v2\/users\/2"}],"replies":[{"embeddable":true,"href":"https:\/\/www.europesays.com\/pl\/wp-json\/wp\/v2\/comments?post=670270"}],"version-history":[{"count":0,"href":"https:\/\/www.europesays.com\/pl\/wp-json\/wp\/v2\/posts\/670270\/revisions"}],"wp:featuredmedia":[{"embeddable":true,"href":"https:\/\/www.europesays.com\/pl\/wp-json\/wp\/v2\/media\/670271"}],"wp:attachment":[{"href":"https:\/\/www.europesays.com\/pl\/wp-json\/wp\/v2\/media?parent=670270"}],"wp:term":[{"taxonomy":"category","embeddable":true,"href":"https:\/\/www.europesays.com\/pl\/wp-json\/wp\/v2\/categories?post=670270"},{"taxonomy":"post_tag","embeddable":true,"href":"https:\/\/www.europesays.com\/pl\/wp-json\/wp\/v2\/tags?post=670270"}],"curies":[{"name":"wp","href":"https:\/\/api.w.org\/{rel}","templated":true}]}}