{"id":670280,"date":"2026-09-06T01:41:44","date_gmt":"2026-09-06T01:41:44","guid":{"rendered":"https:\/\/www.europesays.com\/pl\/670280\/"},"modified":"2026-09-06T01:41:44","modified_gmt":"2026-09-06T01:41:44","slug":"karol-nawrocki-zostanie-przesluchany-chodzi-o-sedziow-trybunalu-konstytucyjnego-wprost","status":"publish","type":"post","link":"https:\/\/www.europesays.com\/pl\/670280\/","title":{"rendered":"Karol Nawrocki zostanie przes\u0142uchany? Chodzi o s\u0119dzi\u00f3w Trybuna\u0142u Konstytucyjnego \u2013 Wprost"},"content":{"rendered":"\n<p>&#13;<br \/>\nW czwartek 3\u00a0wrze\u015bnia Prokuratura Krajowa wyda\u0142a komunikat dotycz\u0105cy przes\u0142uchania przes\u0142uchania prezydenta RP w\u00a0\u015bledztwie <a href=\"https:\/\/www.wprost.pl\/kraj\/12427410\/rozlam-w-tk-siedmioro-sedziow-wydalo-oswiadczenie.html\" target=\"_blank\" rel=\"nofollow noopener\">dotycz\u0105cym niedopuszczenia s\u0119dzi\u00f3w Trybuna\u0142u Konstytucyjnego do\u00a0orzekania<\/a>.  &#13;\n<\/p>\n<p>Karol Nawrocki zostanie przes\u0142uchany ws. TK? Nowy komunikat prokuratury<\/p>\n<p>&#13;<br \/>\n\u201eW\u00a0post\u0119powaniu prowadzonym przez Zesp\u00f3\u0142 do\u00a0spraw zapobiegania negatywnym skutkom orzecze\u0144 wydanych przez s\u0119dzi\u00f3w powo\u0142anych przy udziale Krajowej Rady S\u0105downictwa po\u00a02017\u00a0r., o\u00a0sygn. akt 1001-14.Ds.16.2026, prokurator zwr\u00f3ci\u0142 si\u0119 Prezydenta Rzeczypospolitej Polskiej Karola Nawrockiego o\u00a0wskazanie dogodnego terminu i\u00a0miejsca, w\u00a0kt\u00f3rym mo\u017cliwe b\u0119dzie przeprowadzenia jego przes\u0142uchania w\u00a0charakterze \u015bwiadka\u201d \u2013\u00a0czytamy w\u00a0komunikacie, kt\u00f3ry zosta\u0142 podpisany przez prok. Anna Adamiak, rzecznik prasowa prokuratora generalnego. &#13;\n<\/p>\n<p>\u201ePost\u0119powanie zosta\u0142a wszcz\u0119te w\u00a0dniu 21 kwietnia 2026\u00a0r. w\u00a0zwi\u0105zku z\u00a0zawiadomieniem o\u00a0podejrzeniu pope\u0142nienia przest\u0119pstwa, z\u0142o\u017conym przez dw\u00f3ch s\u0119dzi\u00f3w Trybuna\u0142u Konstytucyjnego, dotycz\u0105cym dzia\u0142ania na\u00a0szkod\u0119 wymiaru sprawiedliwo\u015bci oraz\u00a0czterech s\u0119dzi\u00f3w Trybuna\u0142u Konstytucyjnego wybranych przez Sejm Rzeczypospolitej Polskiej w\u00a0dniu 13 marca 2026\u00a0r.: Marcina Dziurdy, Krystiana Markiewicza, Anny Korwin-Piotrowskiej oraz\u00a0Macieja Taborowskiego, niedopuszczonych do\u00a0orzekania\u201d \u2013\u00a0podano. <\/p>\n<p>&#13;<br \/>\nJak zaznaczono, w\u00a0toku post\u0119powania zosta\u0142 zgromadzony obszerny materia\u0142 dowodowy. Przes\u0142uchano ponad 40 \u015bwiadk\u00f3w, w\u00a0tym pracownik\u00f3w Kancelarii Prezydenta RP oraz\u00a0Trybuna\u0142u Konstytucyjnego. Zabezpieczono tak\u017ce dokumenty istotne dla\u00a0sprawy. &#13;\n<\/p>\n<p>&#13;<br \/>\n\u201ePo dokonaniu oceny materia\u0142u dowodowego, z\u00a0uwzgl\u0119dnieniem przedmiotu post\u0119powania, prokurator uzna\u0142 za\u00a0konieczne przeprowadzenie kolejnej czynno\u015bci dowodowej w\u00a0postaci przes\u0142uchania Prezydenta Rzeczypospolitej Polskiej Karola Nawrockiego w\u00a0charakterze \u015bwiadka. Przeprowadzenie tej czynno\u015bci jest niezb\u0119dne dla\u00a0pe\u0142nego ustalenia okoliczno\u015bci faktycznych sprawy oraz\u00a0dokonania prawid\u0142owej oceny prawnokarnej zdarze\u0144 obj\u0119tych post\u0119powaniem\u201d \u2013\u00a0podkre\u015blono w\u00a0komunikacie prokuratury. &#13;\n<\/p>\n<p>&#13;<br \/>\n   Czytaj te\u017c:<br \/><a href=\"https:\/\/www.wprost.pl\/kraj\/12430821\/maciej-berek-kandydatem-do-trybunalu-konstytucyjnego-lawina-komentarzy-w-sejmie.html\" rel=\"follow nofollow noopener\" data-schema=\"WPROST\" data-image=\"https:\/\/img.wprost.pl\/_thumb\/bd\/6b\/6da97fd1e1743627a3c941d6262b.jpeg\" target=\"_blank\">Iskrzy ws. kandydatury Berka do\u00a0TK. \u201eHipokryzja PO\u201d, \u201eCudowny uzdrowiciel\u201d<\/a>   Czytaj te\u017c:<br \/><a href=\"https:\/\/www.wprost.pl\/kraj\/12431286\/walka-o-trybunal-konstytucyjny-zurek-murem-za-berkiem-zukowska-z-kontra.html\" rel=\"follow nofollow noopener\" data-schema=\"WPROST\" data-image=\"https:\/\/img.wprost.pl\/_thumb\/bb\/74\/3e834bb7dd474ceedd5e5896ec42.jpeg\" target=\"_blank\">Berek jak Paw\u0142owicz? Ostra reakcja \u017burka. \u201ePor\u00f3wnanie krzes\u0142a do\u00a0krzes\u0142a elektrycznego\u201d<\/a>&#13;<\/p>\n","protected":false},"excerpt":{"rendered":"&#13; W czwartek 3\u00a0wrze\u015bnia Prokuratura Krajowa wyda\u0142a komunikat dotycz\u0105cy przes\u0142uchania przes\u0142uchania prezydenta RP w\u00a0\u015bledztwie dotycz\u0105cym niedopuszczenia s\u0119dzi\u00f3w Trybuna\u0142u&hellip;\n","protected":false},"author":2,"featured_media":670281,"comment_status":"","ping_status":"","sticky":false,"template":"","format":"standard","meta":{"footnotes":"","_share_on_mastodon":"0"},"categories":[62712],"tags":[690,49,907,1627,8233,43315,10666],"class_list":["post-670280","post","type-post","status-publish","format-standard","has-post-thumbnail","category-karol-nawrocki","tag-karol-nawrocki","tag-kraj","tag-polityka","tag-prokuratura","tag-tk","tag-wprost","tag-zycie"],"share_on_mastodon":{"url":"https:\/\/pubeurope.com\/@pl\/117221555120887751","error":""},"_links":{"self":[{"href":"https:\/\/www.europesays.com\/pl\/wp-json\/wp\/v2\/posts\/670280","targetHints":{"allow":["GET"]}}],"collection":[{"href":"https:\/\/www.europesays.com\/pl\/wp-json\/wp\/v2\/posts"}],"about":[{"href":"https:\/\/www.europesays.com\/pl\/wp-json\/wp\/v2\/types\/post"}],"author":[{"embeddable":true,"href":"https:\/\/www.europesays.com\/pl\/wp-json\/wp\/v2\/users\/2"}],"replies":[{"embeddable":true,"href":"https:\/\/www.europesays.com\/pl\/wp-json\/wp\/v2\/comments?post=670280"}],"version-history":[{"count":0,"href":"https:\/\/www.europesays.com\/pl\/wp-json\/wp\/v2\/posts\/670280\/revisions"}],"wp:featuredmedia":[{"embeddable":true,"href":"https:\/\/www.europesays.com\/pl\/wp-json\/wp\/v2\/media\/670281"}],"wp:attachment":[{"href":"https:\/\/www.europesays.com\/pl\/wp-json\/wp\/v2\/media?parent=670280"}],"wp:term":[{"taxonomy":"category","embeddable":true,"href":"https:\/\/www.europesays.com\/pl\/wp-json\/wp\/v2\/categories?post=670280"},{"taxonomy":"post_tag","embeddable":true,"href":"https:\/\/www.europesays.com\/pl\/wp-json\/wp\/v2\/tags?post=670280"}],"curies":[{"name":"wp","href":"https:\/\/api.w.org\/{rel}","templated":true}]}}