{"id":670284,"date":"2026-09-06T01:50:41","date_gmt":"2026-09-06T01:50:41","guid":{"rendered":"https:\/\/www.europesays.com\/pl\/670284\/"},"modified":"2026-09-06T01:50:41","modified_gmt":"2026-09-06T01:50:41","slug":"media-prokuratura-bada-inwestycje-w-kryptowaluty-lubelskiego-polityka","status":"publish","type":"post","link":"https:\/\/www.europesays.com\/pl\/670284\/","title":{"rendered":"Media: prokuratura bada inwestycje w kryptowaluty lubelskiego polityka"},"content":{"rendered":"<p style=\"text-align: justify;\">Z informacji \u201eRzeczpospolitej\u201d wynika, \u017ce prokuratura prowadz\u0105ca \u015bledztwo w sprawie bankructwa Zondacrypto zainteresowa\u0142a si\u0119 inwestycjami marsza\u0142ka wojew\u00f3dztwa lubelskiego Jaros\u0142awa Stawiarskiego, by\u0142ego pos\u0142a PiS \u2013 podaje Informacyjna Agencja Radiowa.\u00a0<\/p>\n<p style=\"text-align: justify;\">Wed\u0142ug \u201eRzeczpospolitej\u201d Jaros\u0142aw Stawiarski mia\u0142 zainwestowa\u0107 w kryptowaluty setki tysi\u0119cy z\u0142otych. Nast\u0119pnie interweniowa\u0142 u szefa firmy, Przemys\u0142awa Krala, by z upadaj\u0105cej gie\u0142dy uratowa\u0107 w\u0142asne \u015brodki.<\/p>\n<p style=\"text-align: justify;\">CZYTAJ:\u00a0<a href=\"https:\/\/radio.lublin.pl\/2026\/08\/lubelscy-politycy-ko-pytaja-o-zwiazki-michala-moskala-z-zondacrypto\/\" target=\"_blank\" rel=\"noopener nofollow\">Lubelscy politycy KO pytaj\u0105 o zwi\u0105zki Micha\u0142a Moskala z Zondacrypto<\/a><\/p>\n<p style=\"text-align: justify;\">Jak przekaza\u0142 gazecie marsza\u0142ek, sam \u201ezosta\u0142 oszukany, pieni\u0119dzy nie odzyska\u0142 i z\u0142o\u017cy\u0142 zawiadomienie w tej sprawie\u201d. Stwierdzi\u0142 r\u00f3wnie\u017c, \u017ce zeznania\u00a0Przemys\u0142awa Krala dotycz\u0105ce jego rzekomej interwencji w sprawie odzyskania pieni\u0119dzy s\u0105 k\u0142amstwem.\u00a0<\/p>\n<p style=\"text-align: justify;\">W sprawie Zondacrypto pojawi\u0142y si\u0119 w\u0105tki spotka\u0144 pos\u0142\u00f3w PiS z szefem gie\u0142dy oraz pieni\u0119dzy przekazywanych mi\u0119dzy innymi fundacji Zbigniewa Ziobry. Wczoraj (4.09) w Sejmie premier Donald Tusk m\u00f3wi\u0142, \u017ce \u2013 wed\u0142ug zezna\u0144 \u2013 jedna z os\u00f3b zamieszana w afer\u0119 Zondacrypto mia\u0142a za pieni\u0105dze chcie\u0107 \u201eukr\u0119cenia sprawy\u201d u Zbigniewa Ziobry, po powrocie Prawa i Sprawiedliwo\u015bci do w\u0142adzy.<\/p>\n<p style=\"text-align: justify;\">W tym tygodniu s\u0105d zdecydowa\u0142 o tymczasowym aresztowaniu na trzy miesi\u0105ce trzech kolejnych podejrzanych w sprawie Zondacrypto. Anna P., Jaromira W. i Rafa\u0142 Z. us\u0142yszeli w czwartek (3.09) zarzuty. Wed\u0142ug prokuratury Anna P. mia\u0142a bra\u0107 udzia\u0142 w zorganizowanej grupie przest\u0119pczej oraz nielegalnych transferach milion\u00f3w euro ze sp\u00f3\u0142ki, dzia\u0142aj\u0105c na szkod\u0119 klient\u00f3w i wierzycieli, a Jaromira W. us\u0142ysza\u0142a zarzuty udzia\u0142u w zorganizowanej grupie przest\u0119pczej, wyrz\u0105dzenia szkody maj\u0105tkowej w wielkich rozmiarach oraz bezprawnego, nieodp\u0142atnego przejmowania luksusowych nieruchomo\u015bci. Trzeci\u0105 osob\u0105 zatrzyman\u0105 jest Rafa\u0142 Z., kt\u00f3ry us\u0142ysza\u0142 zarzut przyw\u0142aszczenia powierzonych mu pieni\u0119dzy operatora Zondacrypto w kwocie miliona 700 tysi\u0119cy z\u0142otych.<\/p>\n<p>IAR \/ Informacyjna Agencja Radiowa \/ opr. ToMa<\/p>\n<p style=\"text-align: justify;\">Fot. Magdalena Michalew \/ archiwum\u00a0<\/p>\n","protected":false},"excerpt":{"rendered":"Z informacji \u201eRzeczpospolitej\u201d wynika, \u017ce prokuratura prowadz\u0105ca \u015bledztwo w sprawie bankructwa Zondacrypto zainteresowa\u0142a si\u0119 inwestycjami marsza\u0142ka wojew\u00f3dztwa lubelskiego&hellip;\n","protected":false},"author":2,"featured_media":670285,"comment_status":"","ping_status":"","sticky":false,"template":"","format":"standard","meta":{"footnotes":"","_share_on_mastodon":"0"},"categories":[51612],"tags":[1081,42,38,40,39,41],"class_list":["post-670284","post","type-post","status-publish","format-standard","has-post-thumbnail","category-lublin","tag-lublin","tag-pl","tag-poland","tag-polish","tag-polska","tag-polski"],"share_on_mastodon":{"url":"https:\/\/pubeurope.com\/@pl\/117221590444436668","error":""},"_links":{"self":[{"href":"https:\/\/www.europesays.com\/pl\/wp-json\/wp\/v2\/posts\/670284","targetHints":{"allow":["GET"]}}],"collection":[{"href":"https:\/\/www.europesays.com\/pl\/wp-json\/wp\/v2\/posts"}],"about":[{"href":"https:\/\/www.europesays.com\/pl\/wp-json\/wp\/v2\/types\/post"}],"author":[{"embeddable":true,"href":"https:\/\/www.europesays.com\/pl\/wp-json\/wp\/v2\/users\/2"}],"replies":[{"embeddable":true,"href":"https:\/\/www.europesays.com\/pl\/wp-json\/wp\/v2\/comments?post=670284"}],"version-history":[{"count":0,"href":"https:\/\/www.europesays.com\/pl\/wp-json\/wp\/v2\/posts\/670284\/revisions"}],"wp:featuredmedia":[{"embeddable":true,"href":"https:\/\/www.europesays.com\/pl\/wp-json\/wp\/v2\/media\/670285"}],"wp:attachment":[{"href":"https:\/\/www.europesays.com\/pl\/wp-json\/wp\/v2\/media?parent=670284"}],"wp:term":[{"taxonomy":"category","embeddable":true,"href":"https:\/\/www.europesays.com\/pl\/wp-json\/wp\/v2\/categories?post=670284"},{"taxonomy":"post_tag","embeddable":true,"href":"https:\/\/www.europesays.com\/pl\/wp-json\/wp\/v2\/tags?post=670284"}],"curies":[{"name":"wp","href":"https:\/\/api.w.org\/{rel}","templated":true}]}}