{"id":670304,"date":"2026-09-06T02:05:11","date_gmt":"2026-09-06T02:05:11","guid":{"rendered":"https:\/\/www.europesays.com\/pl\/670304\/"},"modified":"2026-09-06T02:05:11","modified_gmt":"2026-09-06T02:05:11","slug":"natalie-portman-zostala-mama-po-raz-trzeci-i-to-w-wieku-45-lat","status":"publish","type":"post","link":"https:\/\/www.europesays.com\/pl\/670304\/","title":{"rendered":"Natalie Portman zosta\u0142a mam\u0105 po raz trzeci. I to w wieku 45 lat"},"content":{"rendered":"<p>Natalie Portman po raz trzeci zosta\u0142a mam\u0105! Pociecha przysz\u0142a na \u015bwiat w Pary\u017cu<\/p>\n<p class=\"typography ids-typeset-body ids-typeset-body--preset-large link paragraph ids-paragraph ids-paragraph--default\">Hollywoodzka gwiazda po raz kolejny do\u015bwiadcza uroku macierzy\u0144stwa. <a href=\"https:\/\/www.pomponik.pl\/tagi-natalie-portman,tId,135417\" target=\"_blank\" rel=\"nofollow noopener\">Natalie Portman<\/a> wychowuje r\u00f3wnie\u017c 15-letniego syna Alepha oraz 9-letni\u0105 c\u00f3rk\u0119 Ameli\u0119 z ma\u0142\u017ce\u0144stwa z Benjaminem Millepiedem, z kt\u00f3rym rozsta\u0142a si\u0119 zaledwie niedawno po g\u0142o\u015bnym kryzysie. Z kolei dla jej nowego ukochanego to kolejny krok w budowaniu wsp\u00f3lnej rodziny.<\/p>\n<p class=\"typography ids-typeset-body ids-typeset-body--preset-large link paragraph ids-paragraph ids-paragraph--default\">Aktorka og\u0142osi\u0142a swoj\u0105 ci\u0105\u017c\u0119 w kwietniu na \u0142amach magazynu &#8222;Harper&#8217;s Bazaar&#8221;, nie ukrywaj\u0105c przy tym ogromnego wzruszenia i ekscytacji nowym etapem w \u017cyciu: &#8222;Tanguy i ja jeste\u015bmy tym bardzo podekscytowani. Mam w sobie wiele wdzi\u0119czno\u015bci. Wiem, \u017ce to ogromny cud i przywilej&#8221; &#8211; wyzna\u0142a w\u00f3wczas laureatka Oscara.<\/p>\n<p class=\"typography ids-typeset-body ids-typeset-body--preset-large link paragraph ids-paragraph ids-paragraph--default\">Jest tylko jeden szczeg\u00f3\u0142. Parze uda\u0142o si\u0119 utrzyma\u0107 te informacj\u0119 w tajemnicy przed mediami przez kilka tygodni!<\/p>\n<p class=\"typography ids-typeset-body ids-typeset-body--preset-large link paragraph ids-paragraph ids-paragraph--default\">Informator portalu &#8222;People&#8221; wskazuje, \u017ce\u00a0do przyj\u015bcia na \u015bwiat potomka pary mia\u0142o doj\u015b\u0107 ju\u017c w zesz\u0142ym miesi\u0105cu w Pary\u017cu.<\/p>\n<p class=\"typography ids-typeset-body ids-typeset-body--preset-large link paragraph ids-paragraph ids-paragraph--default\">&#8222;45-letnia aktorka powita\u0142a na \u015bwiecie trzecie dziecko &#8211; i pierwsze z Tanguyem Destablem &#8211; w zesz\u0142ym miesi\u0105cu w Pary\u017cu&#8221; &#8211; twierdzi informator serwisu.<\/p>\n<p>Kim jest Tanguy Destable, partner aktorki?<\/p>\n<p class=\"typography ids-typeset-body ids-typeset-body--preset-large link paragraph ids-paragraph ids-paragraph--default\">Po rozstaniu z Benjaminem Millepiedem serce Natalie Portman zdoby\u0142 Tanguy Destable &#8211; znany francuski producent muzyczny wyst\u0119puj\u0105cy pod pseudonimem Tepr. Artysta ma na swoim koncie wsp\u00f3\u0142prac\u0119 z takimi gwiazdami jak David Guetta czy Katy Perry (z kt\u00f3r\u0105 pracowa\u0142 przy trasie &#8222;California Dreams&#8221;). Prywatnie Destable by\u0142 wcze\u015bniej zwi\u0105zany z aktork\u0105 Louise Bourgoin, z kt\u00f3r\u0105 ma dw\u00f3ch syn\u00f3w.<\/p>\n<p class=\"typography ids-typeset-body ids-typeset-body--preset-large link paragraph ids-paragraph ids-paragraph--default\">Zobacz tak\u017ce:<\/p>\n<p class=\"typography ids-typeset-body ids-typeset-body--preset-large link paragraph ids-paragraph ids-paragraph--default\"><a href=\"https:\/\/www.pomponik.pl\/relacje-i-zwiazki\/news-portman-wyleciala-nagrywac-film-a-on-zyl-z-inna-romantyczna,nId,23493727\" target=\"_blank\" rel=\"nofollow noopener\">Portman wylecia\u0142a nagrywa\u0107 film, a on \u017cy\u0142 z inn\u0105. Romantyczna historia sko\u0144czy\u0142a si\u0119 po cichu<\/a><\/p>\n<p class=\"typography ids-typeset-body ids-typeset-body--preset-large link paragraph ids-paragraph ids-paragraph--default\"><a href=\"https:\/\/www.pomponik.pl\/gwiazdy-telewizji\/news-44-letnia-gwiazda-juz-tracila-nadzieje-a-tu-taki-zwrot-oglos,nId,23329968\" target=\"_self\" rel=\"nofollow noopener\">44-letnia gwiazda ju\u017c traci\u0142a nadziej\u0119, a tu taki zwrot. Og\u0142osi\u0142a \u015bwiatu radosn\u0105 nowin\u0119<\/a><\/p>\n<p class=\"typography ids-typeset-body ids-typeset-body--preset-large link paragraph ids-paragraph ids-paragraph--default\"><a href=\"https:\/\/www.pomponik.pl\/plotki\/news-wydawali-sie-idealna-para-a-tu-takie-wiesci-prawda-o-malzens,nId,6819567\" rel=\"nofollow noopener\" target=\"_blank\">Wydawali si\u0119 idealn\u0105 par\u0105, a tu takie wie\u015bci. Prawda o ma\u0142\u017ce\u0144stwie wysz\u0142a na jaw<\/a><\/p>\n<p>Ewa Chodakowska o relacji z Lewandowsk\u0105. Co my\u015bli o diecie gwiazd?pomponik.pl<\/p>\n","protected":false},"excerpt":{"rendered":"Natalie Portman po raz trzeci zosta\u0142a mam\u0105! Pociecha przysz\u0142a na \u015bwiat w Pary\u017cu Hollywoodzka gwiazda po raz kolejny&hellip;\n","protected":false},"author":2,"featured_media":670305,"comment_status":"","ping_status":"","sticky":false,"template":"","format":"standard","meta":{"footnotes":"","_share_on_mastodon":"0"},"categories":[22],"tags":[122,42,38,40,39,41,123],"class_list":["post-670304","post","type-post","status-publish","format-standard","has-post-thumbnail","category-rozrywka","tag-entertainment","tag-pl","tag-poland","tag-polish","tag-polska","tag-polski","tag-rozrywka"],"share_on_mastodon":{"url":"https:\/\/pubeurope.com\/@pl\/117221649525649403","error":""},"_links":{"self":[{"href":"https:\/\/www.europesays.com\/pl\/wp-json\/wp\/v2\/posts\/670304","targetHints":{"allow":["GET"]}}],"collection":[{"href":"https:\/\/www.europesays.com\/pl\/wp-json\/wp\/v2\/posts"}],"about":[{"href":"https:\/\/www.europesays.com\/pl\/wp-json\/wp\/v2\/types\/post"}],"author":[{"embeddable":true,"href":"https:\/\/www.europesays.com\/pl\/wp-json\/wp\/v2\/users\/2"}],"replies":[{"embeddable":true,"href":"https:\/\/www.europesays.com\/pl\/wp-json\/wp\/v2\/comments?post=670304"}],"version-history":[{"count":0,"href":"https:\/\/www.europesays.com\/pl\/wp-json\/wp\/v2\/posts\/670304\/revisions"}],"wp:featuredmedia":[{"embeddable":true,"href":"https:\/\/www.europesays.com\/pl\/wp-json\/wp\/v2\/media\/670305"}],"wp:attachment":[{"href":"https:\/\/www.europesays.com\/pl\/wp-json\/wp\/v2\/media?parent=670304"}],"wp:term":[{"taxonomy":"category","embeddable":true,"href":"https:\/\/www.europesays.com\/pl\/wp-json\/wp\/v2\/categories?post=670304"},{"taxonomy":"post_tag","embeddable":true,"href":"https:\/\/www.europesays.com\/pl\/wp-json\/wp\/v2\/tags?post=670304"}],"curies":[{"name":"wp","href":"https:\/\/api.w.org\/{rel}","templated":true}]}}