{"id":670308,"date":"2026-09-06T02:08:12","date_gmt":"2026-09-06T02:08:12","guid":{"rendered":"https:\/\/www.europesays.com\/pl\/670308\/"},"modified":"2026-09-06T02:08:12","modified_gmt":"2026-09-06T02:08:12","slug":"3-latka-glaskala-zwierzeta-w-mini-zoo-kilka-tygodni-pozniej-zmarla","status":"publish","type":"post","link":"https:\/\/www.europesays.com\/pl\/670308\/","title":{"rendered":"3-latka g\u0142aska\u0142a zwierz\u0119ta w mini zoo. Kilka tygodni p\u00f3\u017aniej zmar\u0142a"},"content":{"rendered":"<p>Przez wiele tygodni lekarze ze Szpitala Dzieci\u0119cego Monash w Melbourne w Australii walczyli o \u017cycie dziewczynki na oddziale intensywnej terapii. Mimo leczenia dziecko zmar\u0142o po sze\u015bciu tygodniach od zaka\u017cenia. Rodzice potwierdzili \u015bmier\u0107 c\u00f3rki w publicznym o\u015bwiadczeniu.<\/p>\n<p>&#8222;Stracili\u015bmy nasz\u0105 ukochan\u0105 c\u00f3reczk\u0119&#8221; \u2014 napisali.<\/p>\n<p><a href=\"https:\/\/www.onet.pl\/\" title=\"Strona G\u0142\u00f3wna\" aria-label=\"Strona G\u0142\u00f3wna\" data-astro-prefetch=\"tap\" class=\"ods-a-logo-main-desktop\" rel=\"nofollow noopener\" target=\"_blank\"><img src=\"https:\/\/cdn.podroze.onet.pl\/img\/Logo_desktop_Onet.svg\" class=\"ods-a-logo-main-desktop__image\" alt=\"Logo\" width=\"107\" height=\"60\" fetchpriority=\"high\" decoding=\"sync\" style=\"height:60px\"\/><\/a><\/p>\n<p class=\"ods-m-google-article__text\">Czytaj nas cz\u0119\u015bciej w Google<\/p>\n<p><a href=\"https:\/\/google.com\/preferences\/source?q=podroze.onet.pl\" target=\"_blank\" rel=\"noopener noreferrer nofollow\" aria-label=\"Dodaj w Google\" title=\"Dodaj w Google\" class=\"ods-a-button ods-a-button__primary ods-a-button__default ods-a-button-l\">Dodaj w Google<\/a>Dalszy ci\u0105g artyku\u0142u pod materia\u0142em wideoGro\u017ane powik\u0142ania po zaka\u017ceniu bakteri\u0105<\/p>\n<p>U dziewczynki rozwin\u0105\u0142 si\u0119 tzw. zesp\u00f3\u0142 hemolityczno-mocznicowy (HUS), ci\u0119\u017cka i potencjalnie \u015bmiertelna choroba wywo\u0142ywana przez niekt\u00f3re szczepy bakterii E. coli. Mikroorganizmy te wyst\u0119puj\u0105 m.in. w przewodzie pokarmowym zwierz\u0105t hodowlanych.<\/p>\n<p>Infekcja mo\u017ce prowadzi\u0107 do niewydolno\u015bci nerek, uszkodzenia m\u00f3zgu, a w najci\u0119\u017cszych przypadkach do \u015bmierci. Jak podaje stacja 7News, po wizycie w tym samym mini zoo ci\u0119\u017cko zachorowa\u0142 r\u00f3wnie\u017c 2-letni ch\u0142opiec. Wymaga\u0142 wielotygodniowego leczenia, jednak prze\u017cy\u0142.<\/p>\n<p>Przyrost wagi zamiast masy mi\u0119\u015bniowej. Dietetyczka ostrzega przed bia\u0142kow\u0105 pu\u0142apk\u0105<img class=\"ods-a-photo ods-a-photo--background\" src=\"https:\/\/www.europesays.com\/pl\/wp-content\/uploads\/2026\/09\/8NOk9lBaHR0cHM6Ly9vY2RuLmV1L3B1bHNjbXMvTURBXy8yYzU5NTYwNTlhMWJkZGVhYjI4NDhhZDQ0MWYxZGM2My5qcGeRlQLNA.jpeg\" height=\"300\" width=\"450\" loading=\"lazy\" fetchpriority=\"low\" decoding=\"async\"\/>Kluczowa jest dok\u0142adna higiena r\u0105k<\/p>\n<p>S\u0142u\u017cby sanitarne badaj\u0105 okoliczno\u015bci zdarzenia. Nie potwierdzono dot\u0105d jednoznacznie, \u017ce dzieci zarazi\u0142y si\u0119 w\u0142a\u015bnie w mini zoo.<\/p>\n<p>Eksperci podkre\u015blaj\u0105 jednak, \u017ce <a href=\"https:\/\/www.fakt.pl\/wydarzenia\/swiat\/dzieci-w-belgii-zakazone-bakteria-stec-piecioro-ma-powiklania-nerkowe\/myygfg0\" id=\"605a0116-be36-4b8c-85f8-1ea652294e7f\" rel=\"nofollow noopener\" target=\"_blank\">bakterie E. coli<\/a> s\u0105 powszechnie obecne u wielu zwierz\u0105t gospodarskich i najcz\u0119\u015bciej przenosz\u0105 si\u0119 poprzez kontakt z odchodami. Dlatego po kontakcie ze zwierz\u0119tami szczeg\u00f3lnie wa\u017cne jest dok\u0142adne mycie r\u0105k, zw\u0142aszcza u dzieci.<\/p>\n<p>Zesp\u00f3\u0142 hemolityczno-mocznicowy najcz\u0119\u015bciej dotyka ma\u0142ych dzieci. Pocz\u0105tkowo choroba mo\u017ce przypomina\u0107 zwyk\u0142\u0105 infekcj\u0119 \u017co\u0142\u0105dkowo-jelitow\u0105 i objawia\u0107 si\u0119 biegunk\u0105 oraz b\u00f3lem brzucha.<\/p>\n<p>Do niepokoj\u0105cych sygna\u0142\u00f3w nale\u017c\u0105 m.in.:<\/p>\n<ul class=\"ods-m-bullet-list\">\n<li class=\"ods-a-bullet ods-a-bullet--normal\">krwawa biegunka,<\/li>\n<li class=\"ods-a-bullet ods-a-bullet--normal\">silne os\u0142abienie,<\/li>\n<li class=\"ods-a-bullet ods-a-bullet--normal\">nadmierna senno\u015b\u0107 i zm\u0119czenie,<\/li>\n<li class=\"ods-a-bullet ods-a-bullet--normal\">siniaki pojawiaj\u0105ce si\u0119 bez wyra\u017anej przyczyny,<\/li>\n<li class=\"ods-a-bullet ods-a-bullet--normal\">znacznie zmniejszona ilo\u015b\u0107 oddawanego moczu lub jego ca\u0142kowity brak.<\/li>\n<\/ul>\n<p><a href=\"https:\/\/www.medonet.pl\/zdrowie\/rodzice-prosza-o-lek-dla-chorych-dzieci\/kn9ztef\" id=\"7285199a-3cfa-4139-b9fb-4909aeb630da\" rel=\"nofollow noopener\" target=\"_blank\">HUS jest chorob\u0105 rzadk\u0105<\/a>. W ubieg\u0142ym roku w Niemczech odnotowano 175 przypadk\u00f3w tego schorzenia.<\/p>\n","protected":false},"excerpt":{"rendered":"Przez wiele tygodni lekarze ze Szpitala Dzieci\u0119cego Monash w Melbourne w Australii walczyli o \u017cycie dziewczynki na oddziale&hellip;\n","protected":false},"author":2,"featured_media":670309,"comment_status":"","ping_status":"","sticky":false,"template":"","format":"standard","meta":{"footnotes":"","_share_on_mastodon":"0"},"categories":[14],"tags":[210,995,8256,61195,32,33,532,27,34,35,31705,28,31,48,25,46,40,41,47,80,29,30,26,82,83,84,14599],"class_list":["post-670308","post","type-post","status-publish","format-standard","has-post-thumbnail","category-swiat","tag-aktualnosci","tag-australia","tag-bakterie","tag-bottomfeed_styl","tag-breaking-news","tag-breakingnews","tag-choroba","tag-headlines","tag-latest-news","tag-latestnews","tag-melbourne","tag-naglowki","tag-najwazniejsze-artykuly","tag-nat_styl","tag-news","tag-omp","tag-polish","tag-polski","tag-screening_general","tag-swiat","tag-top-stories","tag-topstories","tag-wiadomosci","tag-world","tag-world-news","tag-worldnews","tag-zakazenie"],"share_on_mastodon":{"url":"https:\/\/pubeurope.com\/@pl\/117221661523950879","error":""},"_links":{"self":[{"href":"https:\/\/www.europesays.com\/pl\/wp-json\/wp\/v2\/posts\/670308","targetHints":{"allow":["GET"]}}],"collection":[{"href":"https:\/\/www.europesays.com\/pl\/wp-json\/wp\/v2\/posts"}],"about":[{"href":"https:\/\/www.europesays.com\/pl\/wp-json\/wp\/v2\/types\/post"}],"author":[{"embeddable":true,"href":"https:\/\/www.europesays.com\/pl\/wp-json\/wp\/v2\/users\/2"}],"replies":[{"embeddable":true,"href":"https:\/\/www.europesays.com\/pl\/wp-json\/wp\/v2\/comments?post=670308"}],"version-history":[{"count":0,"href":"https:\/\/www.europesays.com\/pl\/wp-json\/wp\/v2\/posts\/670308\/revisions"}],"wp:featuredmedia":[{"embeddable":true,"href":"https:\/\/www.europesays.com\/pl\/wp-json\/wp\/v2\/media\/670309"}],"wp:attachment":[{"href":"https:\/\/www.europesays.com\/pl\/wp-json\/wp\/v2\/media?parent=670308"}],"wp:term":[{"taxonomy":"category","embeddable":true,"href":"https:\/\/www.europesays.com\/pl\/wp-json\/wp\/v2\/categories?post=670308"},{"taxonomy":"post_tag","embeddable":true,"href":"https:\/\/www.europesays.com\/pl\/wp-json\/wp\/v2\/tags?post=670308"}],"curies":[{"name":"wp","href":"https:\/\/api.w.org\/{rel}","templated":true}]}}