{"id":670314,"date":"2026-09-06T02:13:15","date_gmt":"2026-09-06T02:13:15","guid":{"rendered":"https:\/\/www.europesays.com\/pl\/670314\/"},"modified":"2026-09-06T02:13:15","modified_gmt":"2026-09-06T02:13:15","slug":"narodowe-czytanie-prezydent-oglosil-lekture-na-2027-rok","status":"publish","type":"post","link":"https:\/\/www.europesays.com\/pl\/670314\/","title":{"rendered":"Narodowe Czytanie. Prezydent og\u0142osi\u0142 lektur\u0119 na 2027 rok"},"content":{"rendered":"<p>Nawrocki: ciesz\u0119 si\u0119, \u017ce dzi\u015b spotykamy si\u0119 w wok\u00f3\u0142 tego dzie\u0142a<\/p>\n<p class=\"font-primary mb-8 text-lg leading-[1.55] [&amp;_a]:text-[#23437D] [&amp;_a]:underline [&amp;_a]:font-bold\">W sobot\u0119 o godz. 12.00 prezydent Karol Nawrocki wraz z Nawrock\u0105 wzi\u0119li udzia\u0142 w Narodowym Czytaniu &#8222;Dziad\u00f3w&#8221; na Skwerze Adama Mickiewicza w Warszawie.\u00a0&#8211;\u00a0Ca\u0142a akcja odnosi si\u0119 do tego, co najwa\u017cniejsze &#8211; literatura, j\u0119zyk polski, dziedzictwo narodowe &#8211; to pomaga wsp\u00f3lnocie trwa\u0107 przez wieki. <\/p>\n<p>Literatura przenosi polsko\u015b\u0107 przez pokolenia; ma moc przenoszenia jej ponad granicami. Sprawia, \u017ce jeste\u015bmy wsp\u00f3lnot\u0105. Tworzy imaginarium, w kt\u00f3rym jest miejsce dla przesz\u0142o\u015bci, przysz\u0142o\u015bci i tera\u017aniejszo\u015bci &#8211; powiedzia\u0142 prezydent Karol Nawrocki.\u00a0<\/p>\n<p class=\"font-primary mb-8 text-lg leading-[1.55] [&amp;_a]:text-[#23437D] [&amp;_a]:underline [&amp;_a]:font-bold\">&#8211; &#8222;Dziady&#8221; m\u00f3g\u0142 napisa\u0107 tylko Adam Mickiewicz. To jedyny autor, kt\u00f3ry m\u00f3g\u0142 po\u0142\u0105czy\u0107 tradycj\u0119, metafizyk\u0119, psychologi\u0119 z mesjanistycznym, politycznym pragnieniem wolno\u015bci. <\/p>\n<p>Ciesz\u0119 si\u0119, \u017ce dzi\u015b spotykamy si\u0119 w wok\u00f3\u0142 tego dzie\u0142a &#8211; zaznaczy\u0142.\u00a0<\/p>\n<p>Redakcja poleca<\/p>\n<p class=\"font-primary mb-8 text-lg leading-[1.55] [&amp;_a]:text-[#23437D] [&amp;_a]:underline [&amp;_a]:font-bold\">Prezydent powiadomi\u0142, \u017ce lektur\u0105 Narodowego Czytania w przysz\u0142ym roku b\u0119dzie &#8222;Lord Jim&#8221;\u00a0Josepha Conrada. To powie\u015b\u0107 wydana w 1900 roku, uwa\u017cana jest za jedno z najwybitniejszych dzie\u0142 autora.<\/p>\n<p>Narodowe Czytanie 2026. To rok &#8222;Dziad\u00f3w&#8221; Mickiewicza<\/p>\n<p class=\"font-primary mb-8 text-lg leading-[1.55] [&amp;_a]:text-[#23437D] [&amp;_a]:underline [&amp;_a]:font-bold\">&#8222;Dziady&#8221; Adama Mickiewicza lektur\u0105 tegorocznego Narodowego Czytania. To coroczna, og\u00f3lnopolska akcja spo\u0142eczna propaguj\u0105ca znajomo\u015b\u0107 polskiej literatury narodowej, podczas kt\u00f3rej dzie\u0142a klasyczne odczytywane s\u0105 publicznie.<\/p>\n<p><\/p>\n<p class=\"font-primary mb-8 text-lg leading-[1.55] [&amp;_a]:text-[#23437D] [&amp;_a]:underline [&amp;_a]:font-bold\">&#8222;Narodowe Czytanie&#8221; zosta\u0142o zainicjowane w 2012 roku wsp\u00f3ln\u0105 lektur\u0105 &#8222;Pana Tadeusza&#8221; Adama Mickiewicza. W kolejnych latach podczas wydarzenia czytane by\u0142y m.in. dzie\u0142a Aleksandra Fredry, &#8222;Trylogia&#8221; i &#8222;Quo vadis&#8221; Henryka Sienkiewicza, &#8222;Lalka&#8221; Boles\u0142awa Prusa, &#8222;Wesele&#8221; Stanis\u0142awa Wyspia\u0144skiego, &#8222;Przedwio\u015bnie&#8221; Stefana \u017beromskiego, &#8222;Balladyna&#8221; Juliusza S\u0142owackiego, &#8222;Moralno\u015b\u0107 pani Dulskiej&#8221; Gabrieli Zapolskiej czy &#8222;Nad Niemnem&#8221; Elizy Orzeszkowej. W ubieg\u0142ym roku lektur\u0105 by\u0142a poezja Jana Kochanowskiego.<br \/>Tradycyjnie honorowy patronat nad wydarzeniem obj\u0119\u0142a para prezydencka &#8211; prezydent Karol Nawrocki i pierwsza dama Marta Nawrocka.<\/p>\n<p><\/p>\n<p class=\"font-primary mb-8 text-lg leading-[1.55] [&amp;_a]:text-[#23437D] [&amp;_a]:underline [&amp;_a]:font-bold\">&#8211; &#8222;Dziady&#8221; Adama Mickiewicza to jedno z najwa\u017cniejszych dzie\u0142 polskiej kultury &#8211; prawdziwa &#8222;lektura lektur&#8221;. To narodowe misterium, w kt\u00f3rym ludowe rytua\u0142y staj\u0105 si\u0119 przestrzeni\u0105 rozmowy o polskich losach i fundamentalnych sprawach naszej wsp\u00f3lnoty, takich jak wolno\u015b\u0107 i niepodleg\u0142o\u015b\u0107 &#8211; zaznaczy\u0142 prezydent w specjalnym nagraniu, zach\u0119caj\u0105c do udzia\u0142u w wydarzeniu.\u00a0<\/p>\n","protected":false},"excerpt":{"rendered":"Nawrocki: ciesz\u0119 si\u0119, \u017ce dzi\u015b spotykamy si\u0119 w wok\u00f3\u0142 tego dzie\u0142a W sobot\u0119 o godz. 12.00 prezydent Karol&hellip;\n","protected":false},"author":2,"featured_media":670315,"comment_status":"","ping_status":"","sticky":false,"template":"","format":"standard","meta":{"footnotes":"","_share_on_mastodon":"0"},"categories":[62712],"tags":[690,1005],"class_list":["post-670314","post","type-post","status-publish","format-standard","has-post-thumbnail","category-karol-nawrocki","tag-karol-nawrocki","tag-prezydent"],"share_on_mastodon":{"url":"https:\/\/pubeurope.com\/@pl\/117221680923051525","error":""},"_links":{"self":[{"href":"https:\/\/www.europesays.com\/pl\/wp-json\/wp\/v2\/posts\/670314","targetHints":{"allow":["GET"]}}],"collection":[{"href":"https:\/\/www.europesays.com\/pl\/wp-json\/wp\/v2\/posts"}],"about":[{"href":"https:\/\/www.europesays.com\/pl\/wp-json\/wp\/v2\/types\/post"}],"author":[{"embeddable":true,"href":"https:\/\/www.europesays.com\/pl\/wp-json\/wp\/v2\/users\/2"}],"replies":[{"embeddable":true,"href":"https:\/\/www.europesays.com\/pl\/wp-json\/wp\/v2\/comments?post=670314"}],"version-history":[{"count":0,"href":"https:\/\/www.europesays.com\/pl\/wp-json\/wp\/v2\/posts\/670314\/revisions"}],"wp:featuredmedia":[{"embeddable":true,"href":"https:\/\/www.europesays.com\/pl\/wp-json\/wp\/v2\/media\/670315"}],"wp:attachment":[{"href":"https:\/\/www.europesays.com\/pl\/wp-json\/wp\/v2\/media?parent=670314"}],"wp:term":[{"taxonomy":"category","embeddable":true,"href":"https:\/\/www.europesays.com\/pl\/wp-json\/wp\/v2\/categories?post=670314"},{"taxonomy":"post_tag","embeddable":true,"href":"https:\/\/www.europesays.com\/pl\/wp-json\/wp\/v2\/tags?post=670314"}],"curies":[{"name":"wp","href":"https:\/\/api.w.org\/{rel}","templated":true}]}}