{"id":670338,"date":"2026-09-06T02:37:12","date_gmt":"2026-09-06T02:37:12","guid":{"rendered":"https:\/\/www.europesays.com\/pl\/670338\/"},"modified":"2026-09-06T02:37:12","modified_gmt":"2026-09-06T02:37:12","slug":"tlumy-na-kadzielni-podczas-xxiii-wielkiego-koncertu-charytatywnego-patrycja-markowska-roxie-i-liber-zaspiewali-dla-chorych-dzieci","status":"publish","type":"post","link":"https:\/\/www.europesays.com\/pl\/670338\/","title":{"rendered":"T\u0142umy na Kadzielni podczas XXIII Wielkiego Koncertu Charytatywnego. Patrycja Markowska, Roxie i Liber za\u015bpiewali dla chorych dzieci"},"content":{"rendered":"<p><a class=\"atomsArticleGalleryImage__mainImgLink\" href=\"https:\/\/kielce.naszemiasto.pl\/tlumy-na-kadzielni-podczas-xxiii-wielkiego-koncertu-charytatywnego-patrycja-markowska-roxie-i-liber-zaspiewali-dla-chorych-dzieci\/gh\/c1p2-29327473\" title=\"Tak si&#x119; bawili&#x15B;cie podczas sobotniego koncertu na Kadzielni. \" data-ec=\"atomsArticleGalleryImage\" data-event-position-el=\"mainImage\" aria-label=\"Zobacz galeri&#x119;\" rel=\"nofollow noopener\" target=\"_blank\"><img decoding=\"async\" loading=\"eager\" fetchpriority=\"high\" class=\"atomsArticleGalleryImage__mainImg\" src=\"https:\/\/www.europesays.com\/pl\/wp-content\/uploads\/2026\/09\/26090509e0_975466823,size,640x427,crop,270.0000x183.0000x1633.0000x855.0000,h,9a3a06.jpg\" alt=\"Tak si&#x119; bawili&#x15B;cie podczas sobotniego koncertu na Kadzielni. \" width=\"1920\" height=\"1280\"\/><\/a><\/p>\n<p>\n        Tak si\u0119 bawili\u015bcie podczas sobotniego koncertu na Kadzielni. <\/p>\n<p>          fot. Wojciech Stolicki\n        <\/p>\n<p>Kadzielnia w sobotni wiecz\u00f3r, 5 wrze\u015bnia, wype\u0142ni\u0142a si\u0119 publiczno\u015bci\u0105, kt\u00f3ra przysz\u0142a na XXIII Wielki Koncert Charytatywny. Podczas wydarzenia wyst\u0105pili Patrycja Markowska, Roxie oraz Liber. Arty\u015bci zach\u0119cili publiczno\u015b\u0107 do wsp\u00f3lnej zabawy i \u015bpiewania. Doch\u00f3d z koncertu, jak co roku, przeznaczony jest na spe\u0142nianie marze\u0144 dzieci chorych onkologicznie, leczonych w Wojew\u00f3dzkim Szpitalu Dzieci\u0119cym w Kielcach. Zobaczcie zdj\u0119cia.<\/p>\n","protected":false},"excerpt":{"rendered":"Tak si\u0119 bawili\u015bcie podczas sobotniego koncertu na Kadzielni. fot. Wojciech Stolicki Kadzielnia w sobotni wiecz\u00f3r, 5 wrze\u015bnia, wype\u0142ni\u0142a&hellip;\n","protected":false},"author":2,"featured_media":670339,"comment_status":"","ping_status":"","sticky":false,"template":"","format":"standard","meta":{"footnotes":"","_share_on_mastodon":"0"},"categories":[22],"tags":[122,129962,129961,42,38,40,39,41,123],"class_list":["post-670338","post","type-post","status-publish","format-standard","has-post-thumbnail","category-rozrywka","tag-entertainment","tag-kielce-kadzielnia","tag-kielce-koncert","tag-pl","tag-poland","tag-polish","tag-polska","tag-polski","tag-rozrywka"],"share_on_mastodon":{"url":"https:\/\/pubeurope.com\/@pl\/117221775486462679","error":""},"_links":{"self":[{"href":"https:\/\/www.europesays.com\/pl\/wp-json\/wp\/v2\/posts\/670338","targetHints":{"allow":["GET"]}}],"collection":[{"href":"https:\/\/www.europesays.com\/pl\/wp-json\/wp\/v2\/posts"}],"about":[{"href":"https:\/\/www.europesays.com\/pl\/wp-json\/wp\/v2\/types\/post"}],"author":[{"embeddable":true,"href":"https:\/\/www.europesays.com\/pl\/wp-json\/wp\/v2\/users\/2"}],"replies":[{"embeddable":true,"href":"https:\/\/www.europesays.com\/pl\/wp-json\/wp\/v2\/comments?post=670338"}],"version-history":[{"count":0,"href":"https:\/\/www.europesays.com\/pl\/wp-json\/wp\/v2\/posts\/670338\/revisions"}],"wp:featuredmedia":[{"embeddable":true,"href":"https:\/\/www.europesays.com\/pl\/wp-json\/wp\/v2\/media\/670339"}],"wp:attachment":[{"href":"https:\/\/www.europesays.com\/pl\/wp-json\/wp\/v2\/media?parent=670338"}],"wp:term":[{"taxonomy":"category","embeddable":true,"href":"https:\/\/www.europesays.com\/pl\/wp-json\/wp\/v2\/categories?post=670338"},{"taxonomy":"post_tag","embeddable":true,"href":"https:\/\/www.europesays.com\/pl\/wp-json\/wp\/v2\/tags?post=670338"}],"curies":[{"name":"wp","href":"https:\/\/api.w.org\/{rel}","templated":true}]}}