{"id":670350,"date":"2026-09-06T02:50:53","date_gmt":"2026-09-06T02:50:53","guid":{"rendered":"https:\/\/www.europesays.com\/pl\/670350\/"},"modified":"2026-09-06T02:50:53","modified_gmt":"2026-09-06T02:50:53","slug":"co-dalej-ze-szpitalem-w-lapach-wiemy-kiedy-bedzie-ostateczna-decyzja","status":"publish","type":"post","link":"https:\/\/www.europesays.com\/pl\/670350\/","title":{"rendered":"Co dalej ze szpitalem w \u0141apach? Wiemy, kiedy b\u0119dzie ostateczna decyzja"},"content":{"rendered":"\n<p>            <img decoding=\"async\" class=\"art-figimg\" src=\"https:\/\/www.europesays.com\/pl\/wp-content\/uploads\/2026\/09\/150672-e.jpg\" width=\"375\" height=\"250\" alt=\"Co dalej ze szpitalem w \u0141apach? Wiemy, kiedy b\u0119dzie ostateczna decyzja\" loading=\"lazy\" fetchpriority=\"high\"\/><br \/>\n            Fot: Powiat Bia\u0142ostocki<\/p>\n<p class=\"art-lid\">Rozw\u00f3j Szpitala Powiatowego w \u0141apach i dobro pacjent\u00f3w &#8211; to g\u0142\u00f3wne argumenty przedstawicieli Uniwersytetu Medycznego w Bia\u0142ymstoku i Uniwersyteckiego Szpitala Klinicznego za rozpocz\u0119ciem rozm\u00f3w o po\u0142\u0105czeniu obu plac\u00f3wek. <\/p>\n<p class=\"art-cont\">Trwaj\u0105 rozmowy <\/p>\n<p>W spotkaniu uczestniczyli m.in. rektor UMB prof. dr hab. Marcin Moniuszko, dyrektor USK prof. dr hab. n. med. Jan Kochanowicz oraz przedstawiciele w\u0142adz powiatu i radni.<\/p>\n<p>Rektor UMB prof. Marcin Moniuszko przekonywa\u0142, \u017ce zacie\u015bnienie wsp\u00f3\u0142pracy obu plac\u00f3wek by\u0142oby korzystne przede wszystkim dla pacjent\u00f3w. Wskazywa\u0142 na ogromny potencja\u0142 USK, w kt\u00f3rym liczba hospitalizacji wzros\u0142a z 44 tys. w 2015 roku do 82 tys. w ubieg\u0142ym roku. W 2026 roku mo\u017ce si\u0119gn\u0105\u0107 100 tys.<\/p>\n<p>A\u017c 21 tys. hospitalizowanych w USK stanowi\u0105 mieszka\u0144cy powiatu bia\u0142ostockiego. Dla por\u00f3wnania, szpital w \u0141apach ma oko\u0142o 3 tys. hospitalizacji rocznie. Jak wskazywa\u0142 rektor, wi\u0119kszo\u015b\u0107 mieszka\u0144c\u00f3w powiatu ma bli\u017cej do Bia\u0142egostoku, a USK oferuje szerok\u0105, wielodyscyplinarn\u0105 diagnostyk\u0119 w ramach 40 klinik. Prof. Moniuszko zwraca\u0142 r\u00f3wnie\u017c uwag\u0119 na \u201etsunami demograficzne\u201d i rosn\u0105c\u0105 liczb\u0119 starszych pacjent\u00f3w. Jego zdaniem za kilka lat w USK mo\u017ce zabrakn\u0105\u0107 miejsc, dlatego potrzebna jest wsp\u00f3\u0142praca i rozw\u00f3j sieci plac\u00f3wek.<\/p>\n<p>Nowe specjalizacje i obecno\u015b\u0107 UMB w \u0141apach <\/p>\n<p>Dyrektor szpitala w \u0141apach Urszula \u0141api\u0144ska przedstawi\u0142a problemy plac\u00f3wki, w tym trudno\u015bci kadrowe, rosn\u0105ce koszty i konieczno\u015b\u0107 zaci\u0105gania kolejnych kredyt\u00f3w zwi\u0105zanych ze zmianami zasad rozlicze\u0144 \u015bwiadcze\u0144 przez NFZ. Jednocze\u015bnie zaprezentowa\u0142a plan rozwoju. Zak\u0142ada on m.in. rozw\u00f3j rehabilitacji oraz utworzenie Zak\u0142adu Dydaktyki UMB. Oznacza\u0142oby to obecno\u015b\u0107 Uniwersytetu Medycznego w Bia\u0142ymstoku w \u0141apach.<\/p>\n<p>Rozwijane mia\u0142yby by\u0107 internistyka, chirurgia, planowana ginekologia, pulmonologia i endoskopia. Powsta\u0107 mia\u0142yby r\u00f3wnie\u017c nowe poradnie: neurologiczna, laryngologiczna i nefrologiczna. Plan obejmuje remont pi\u0119tra Zak\u0142adu Opieku\u0144czo-Leczniczego, rozbudow\u0119 transportu medycznego oraz przebudow\u0119 kuchni, kt\u00f3ra mog\u0142aby przygotowywa\u0107 posi\u0142ki dla ca\u0142ego USK. Dializy mia\u0142yby zosta\u0107 przeniesione do Bia\u0142egostoku.<\/p>\n<p>Rozw\u00f3j oznacza\u0142by tak\u017ce nowe miejsca pracy. Szpital funkcjonowa\u0142by pod nazw\u0105 \u201eSzpital Powiatowy w \u0141apach \u2013 Uniwersytecki Szpital Kliniczny\u201d.<\/p>\n<p>Powa\u017cne zad\u0142u\u017cenie szpitala <\/p>\n<p>Najwi\u0119kszym problemem pozostaje sytuacja finansowa. Prognozowana strata szpitala w \u0141apach za 2026 rok wynosi 10,8 mln z\u0142. W 2025 roku by\u0142o to 6 mln z\u0142, a w 2024 roku 6,2 mln z\u0142.<\/p>\n<p>Zad\u0142u\u017cenie plac\u00f3wki si\u0119ga prawie 40 mln z\u0142, a po odliczeniu nieop\u0142aconych nadwykona\u0144 oko\u0142o 33 mln z\u0142. Rektor Moniuszko przyzna\u0142, \u017ce jest to czynnik studz\u0105cy entuzjazm UMB i USK. Jednocze\u015bnie konsolidacja mog\u0142aby otworzy\u0107 mo\u017cliwo\u015b\u0107 refundacji inwestycji. USK przedstawi\u0142 propozycj\u0119 tak\u017ce szpitalom w Mo\u0144kach i Knyszynie. W przypadku pozytywnej oceny Ministerstwa Zdrowia mo\u017cliwa by\u0142aby refundacja inwestycji o warto\u015bci 70 mln z\u0142.<\/p>\n<p>Starosta Jan Boles\u0142aw Perkowski podkre\u015bla\u0142, \u017ce uchwa\u0142a intencyjna nie oznacza jeszcze zgody na po\u0142\u0105czenie. Ma jedynie rozpocz\u0105\u0107 rozmowy i umo\u017cliwi\u0107 przygotowanie projektu porozumienia. Je\u015bli strony nie osi\u0105gn\u0105 konsensusu, mog\u0105 si\u0119 z negocjacji wycofa\u0107. Przeciwnikiem uchwa\u0142y jest wicestarosta Roman Czepe. Jego zdaniem proces po\u0142\u0105czenia mo\u017ce by\u0107 nieodwracalny, a powiat straci wp\u0142yw na przysz\u0142o\u015b\u0107 plac\u00f3wki.<\/p>\n<p>Decyzja 9 wrze\u015bnia <\/p>\n<p>1 wrze\u015bnia Zarz\u0105d Powiatu Bia\u0142ostockiego zdecydowa\u0142 o zwo\u0142aniu nadzwyczajnej sesji Rady Powiatu. Trzech z czterech obecnych cz\u0142onk\u00f3w zarz\u0105du popar\u0142o ten wniosek. Radni maj\u0105 debatowa\u0107 nad uchwa\u0142\u0105 intencyjn\u0105 9 wrze\u015bnia 2026 roku o godz. 15:00.<\/p>\n<p>Je\u015bli zostanie przyj\u0119ta, rozpoczn\u0105 si\u0119 dalsze rozmowy. W przypadku osi\u0105gni\u0119cia porozumienia konsolidacja mog\u0142aby nast\u0105pi\u0107 w marcu 2027 roku. Mia\u0142aby powsta\u0107 rada konsolidacyjna z udzia\u0142em rektora UMB, starosty bia\u0142ostockiego, starosty monieckiego i burmistrza Knyszyna. Na razie nie ma wi\u0119c decyzji o po\u0142\u0105czeniu. Jest natomiast propozycja rozpocz\u0119cia rozm\u00f3w o przysz\u0142o\u015bci szpitala w \u0141apach.<\/p>\n<p class=\"art-autimg\">\n<p>                            <img decoding=\"async\" class=\"art-autimgi\" src=\"https:\/\/www.europesays.com\/pl\/wp-content\/uploads\/2026\/09\/1788663053_401_avatar_1x.jpg\" alt=\"Agnieszka Nowak\" width=\"64\" height=\"64\" loading=\"lazy\"\/><\/p>\n<p class=\"art-autname\">Agnieszka Nowak<\/p>\n<p>24@bialystokonline.pl<\/p>\n<p>Przeczytaj tak\u017ce<\/p>\n<p>&#13;<br \/>\n&#13;<br \/>\n&#13;<br \/>\n<img loading=\"lazy\" decoding=\"async\" src=\"https:\/\/www.europesays.com\/pl\/wp-content\/uploads\/2026\/09\/1788663053_26_adlog.gif\" width=\"0\" height=\"0\" alt=\"\" style=\"width: 0px; height: 0px;\"\/><\/p>\n<p>Popularne dzisiaj<\/p>\n","protected":false},"excerpt":{"rendered":"Fot: Powiat Bia\u0142ostocki Rozw\u00f3j Szpitala Powiatowego w \u0141apach i dobro pacjent\u00f3w &#8211; to g\u0142\u00f3wne argumenty przedstawicieli Uniwersytetu Medycznego&hellip;\n","protected":false},"author":2,"featured_media":670351,"comment_status":"","ping_status":"","sticky":false,"template":"","format":"standard","meta":{"footnotes":"","_share_on_mastodon":"0"},"categories":[51614],"tags":[2151,51731,113,51730,129963,3754,51738,51735,4041,1096,1089,399,17334,129964,51736,2921,3840,49427,51734,8736,1232,120,7116,17265,19285,42,5083,38,40,39,41,6309,102016,1756,8815,38950,123,129965,800,4278,62329,1323,51737,69489,2879,253],"class_list":["post-670350","post","type-post","status-publish","format-standard","has-post-thumbnail","category-bialystok","tag-bialystok","tag-bialystokonline","tag-biznes","tag-bstok","tag-co-dalej-ze-szpitalem-w-lapach-wiemy","tag-dom","tag-drobne","tag-firm","tag-firmy","tag-hotele","tag-imprezy","tag-informacje","tag-katalog","tag-kiedy-bedzie-ostateczna-decyzja","tag-kina","tag-koncert","tag-lokale","tag-lapy","tag-miejski","tag-mieszkanie","tag-motoryzacja","tag-nauka","tag-ogloszenia","tag-on-line","tag-online","tag-pl","tag-podlasie","tag-poland","tag-polish","tag-polska","tag-polski","tag-portal","tag-powiat-bialostocki","tag-praca","tag-repertuar","tag-rozklad","tag-rozrywka","tag-szpitalaktualnosci","tag-teatr","tag-turystyka","tag-umb","tag-uroda","tag-urzedy","tag-usk","tag-zakupy","tag-zdrowie"],"share_on_mastodon":{"url":"","error":"Validation failed: Text character limit of 500 exceeded"},"_links":{"self":[{"href":"https:\/\/www.europesays.com\/pl\/wp-json\/wp\/v2\/posts\/670350","targetHints":{"allow":["GET"]}}],"collection":[{"href":"https:\/\/www.europesays.com\/pl\/wp-json\/wp\/v2\/posts"}],"about":[{"href":"https:\/\/www.europesays.com\/pl\/wp-json\/wp\/v2\/types\/post"}],"author":[{"embeddable":true,"href":"https:\/\/www.europesays.com\/pl\/wp-json\/wp\/v2\/users\/2"}],"replies":[{"embeddable":true,"href":"https:\/\/www.europesays.com\/pl\/wp-json\/wp\/v2\/comments?post=670350"}],"version-history":[{"count":0,"href":"https:\/\/www.europesays.com\/pl\/wp-json\/wp\/v2\/posts\/670350\/revisions"}],"wp:featuredmedia":[{"embeddable":true,"href":"https:\/\/www.europesays.com\/pl\/wp-json\/wp\/v2\/media\/670351"}],"wp:attachment":[{"href":"https:\/\/www.europesays.com\/pl\/wp-json\/wp\/v2\/media?parent=670350"}],"wp:term":[{"taxonomy":"category","embeddable":true,"href":"https:\/\/www.europesays.com\/pl\/wp-json\/wp\/v2\/categories?post=670350"},{"taxonomy":"post_tag","embeddable":true,"href":"https:\/\/www.europesays.com\/pl\/wp-json\/wp\/v2\/tags?post=670350"}],"curies":[{"name":"wp","href":"https:\/\/api.w.org\/{rel}","templated":true}]}}