{"id":670352,"date":"2026-09-06T02:53:38","date_gmt":"2026-09-06T02:53:38","guid":{"rendered":"https:\/\/www.europesays.com\/pl\/670352\/"},"modified":"2026-09-06T02:53:38","modified_gmt":"2026-09-06T02:53:38","slug":"wiara-wieksza-niz-sygnal","status":"publish","type":"post","link":"https:\/\/www.europesays.com\/pl\/670352\/","title":{"rendered":"Wiara wi\u0119ksza ni\u017c Sygna\u0142"},"content":{"rendered":"<p>I rzeczywi\u015bcie tak mo\u017ce by\u0107, ale w pi\u0142ce no\u017cnej, nawet na tak lokalnym poziomie jak \u201eokr\u0119g\u00f3wka\u201d, swoje trzeba wybiega\u0107. Tymczasem Lublinianie przez ca\u0142\u0105 pierwsz\u0105 po\u0142ow\u0119 tylko dreptali po murawie, co \u0141\u0119cznianie brutalnie wykorzystywali. Ju\u017c w 6 min przeprowadzili sk\u0142adn\u0105 kontr\u0119, kt\u00f3r\u0105 wyko\u0144czy\u0142 Eryk G\u0142az. Chwil\u0119 przed ko\u0144cem pierwszej po\u0142owy kolejny kontratak zako\u0144czy\u0142 si\u0119 golem Huberta Kotowicza.<\/p>\n<p>Oszo\u0142omienie w obozie Sygna\u0142u by\u0142o spore, ale graj\u0105cy trener gospodarzy, Jacek Pa\u017adzior, w przerwie postanowi\u0142 wstrz\u0105sn\u0105\u0107 zespo\u0142em. Reprymenda oraz zmiany przynios\u0142y efekt i w drugiej po\u0142owie Sygna\u0142 gra\u0142 ju\u017c lepiej. Zacz\u0105\u0142 zdobywa\u0107 tak\u017ce gole. W 70 min do siatki trafi\u0142 Danylo Bondar. Tego gola poprzedzi\u0142o kilka poda\u0144, a pi\u0142ka momentami kr\u0105\u017cy\u0142a od nogi do nogi niemal jak na konsoli. Pi\u0119\u0107 minut p\u00f3\u017aniej bohaterem Sygna\u0142u zosta\u0142 Maksymilian Flis, kt\u00f3ry wykorzysta\u0142 doskona\u0142e do\u015brodkowanie Konrada Niegowskiego.<\/p>\n<p>Wydawa\u0142o si\u0119, \u017ce Sygna\u0142 opanowa\u0142 sytuacj\u0119. Nic bardziej mylnego, bo w 84 min Niegowski sfaulowa\u0142 rywala w polu karnym. I chocia\u017c w obozie Sygna\u0142u zapanowa\u0142a niezgoda zwi\u0105zana z t\u0105 sytuacj\u0105, to Kotowicz nic nie robi\u0142 sobie z tych okoliczno\u015bci. Podszed\u0142 bardzo spokojnie do wykonania rzutu karnego i zdoby\u0142 swoj\u0105 druga bramk\u0119 w tym meczu. Jak si\u0119 p\u00f3\u017aniej okaza\u0142o zapewni\u0142a ona go\u015bciom historyczny komplet punkt\u00f3w.<\/p>\n<p>Sygna\u0142 Lublin \u2013 KKS Wiara \u0141\u0119czna 2:3 (0:2)<\/p>\n<p>Bramki: Bondar (70), Flis (75) \u2013 G\u0142az (6), Kotowicz (41, 84 z karnego).<\/p>\n<p>Sygna\u0142: Chalabi\u015b \u2013 Kurylo (40 Czarnecki), Fiede\u0144, Pa\u017adzior, Niegowski, Jakimi\u0144ski (65 Flis), So\u0142decki, Ksi\u0105\u017cek, Bielecki (40 Makarenko),Bondar, Mateusz Chodkiewicz (4\\65 Pastwa).<\/p>\n<p>Wiara: Kowalik \u2013 Kocot, Kowal, Jasik, Kozyra, Kramek, G\u0142az, Lipski, Kotowicz, Brzozowski, D. Lipski.<\/p>\n<p>\u017b\u00f3\u0142te kartki: Makarenko, Fiede\u0144, NIegowski. Czerwona kartka: Niegowski (po meczu za dwie \u017c\u00f3\u0142te) S\u0119dziowa\u0142:. Widz\u00f3w: 150.<\/p>\n","protected":false},"excerpt":{"rendered":"I rzeczywi\u015bcie tak mo\u017ce by\u0107, ale w pi\u0142ce no\u017cnej, nawet na tak lokalnym poziomie jak \u201eokr\u0119g\u00f3wka\u201d, swoje trzeba&hellip;\n","protected":false},"author":2,"featured_media":670353,"comment_status":"","ping_status":"","sticky":false,"template":"","format":"standard","meta":{"footnotes":"","_share_on_mastodon":"0"},"categories":[51612],"tags":[129966,1081,13152,269,42,38,40,39,41,125811],"class_list":["post-670352","post","type-post","status-publish","format-standard","has-post-thumbnail","category-lublin","tag-kks-wiara-leczna","tag-lublin","tag-okregowka","tag-pilka-nozna","tag-pl","tag-poland","tag-polish","tag-polska","tag-polski","tag-sygnal-lublin"],"share_on_mastodon":{"url":"https:\/\/pubeurope.com\/@pl\/117221838316390588","error":""},"_links":{"self":[{"href":"https:\/\/www.europesays.com\/pl\/wp-json\/wp\/v2\/posts\/670352","targetHints":{"allow":["GET"]}}],"collection":[{"href":"https:\/\/www.europesays.com\/pl\/wp-json\/wp\/v2\/posts"}],"about":[{"href":"https:\/\/www.europesays.com\/pl\/wp-json\/wp\/v2\/types\/post"}],"author":[{"embeddable":true,"href":"https:\/\/www.europesays.com\/pl\/wp-json\/wp\/v2\/users\/2"}],"replies":[{"embeddable":true,"href":"https:\/\/www.europesays.com\/pl\/wp-json\/wp\/v2\/comments?post=670352"}],"version-history":[{"count":0,"href":"https:\/\/www.europesays.com\/pl\/wp-json\/wp\/v2\/posts\/670352\/revisions"}],"wp:featuredmedia":[{"embeddable":true,"href":"https:\/\/www.europesays.com\/pl\/wp-json\/wp\/v2\/media\/670353"}],"wp:attachment":[{"href":"https:\/\/www.europesays.com\/pl\/wp-json\/wp\/v2\/media?parent=670352"}],"wp:term":[{"taxonomy":"category","embeddable":true,"href":"https:\/\/www.europesays.com\/pl\/wp-json\/wp\/v2\/categories?post=670352"},{"taxonomy":"post_tag","embeddable":true,"href":"https:\/\/www.europesays.com\/pl\/wp-json\/wp\/v2\/tags?post=670352"}],"curies":[{"name":"wp","href":"https:\/\/api.w.org\/{rel}","templated":true}]}}