{"id":670370,"date":"2026-09-06T03:08:12","date_gmt":"2026-09-06T03:08:12","guid":{"rendered":"https:\/\/www.europesays.com\/pl\/670370\/"},"modified":"2026-09-06T03:08:12","modified_gmt":"2026-09-06T03:08:12","slug":"edward-miszczak-skrytykowal-ramowke-tvp-nie-ma-co-pokazac","status":"publish","type":"post","link":"https:\/\/www.europesays.com\/pl\/670370\/","title":{"rendered":"Edward Miszczak skrytykowa\u0142 ram\u00f3wk\u0119 TVP. &#8222;Nie ma co pokaza\u0107&#8221;"},"content":{"rendered":"<p><a href=\"https:\/\/plejada.pl\/temat\/edward-miszczak-dziennikarz-producent-telewizyjny-manager\/kbb98p7\" id=\"99a44f81-263d-4a57-bb9d-7f5b3ffbe05a\" rel=\"nofollow noopener\" target=\"_blank\">Edward Miszczak<\/a> jest znany z charakterystycznego poczucia humoru i uszczypliwo\u015bci, kt\u00f3re lubi kierowa\u0107 w stron\u0119 gwiazd lub konkurencyjnych stacji podczas wywiad\u00f3w. Nie ulega te\u017c w\u0105tpliwo\u015bci, \u017ce jak nikt inny zna si\u0119 na telewizji, a za jego kadencji Polsat pozyska\u0142 gwiazdy, kt\u00f3re s\u0105 w czo\u0142\u00f3wce polskiego show-biznesu. Ogromne do\u015bwiadczenie i sukcesy sprawiaj\u0105, \u017ce Miszczak ch\u0119tnie wypowiada si\u0119 na temat innych program\u00f3w, cz\u0119sto w bardzo krytyczny spos\u00f3b.Najwi\u0119ksze polskie stacje telewizyjne zaprezentowa\u0142y ju\u017c swoje jesienne oferty podczas imprez ram\u00f3wkowych. Wydarzenie zorganizowane przez TVP odby\u0142o si\u0119 3 wrze\u015bnia i <a href=\"https:\/\/plejada.pl\/newsy\/jacek-borkowski-z-zona-skradli-show-plejada-gwiazd-na-ramowce-telewizji-polskiej\/zvpl8zz\" id=\"35266836-4d58-4ff8-b3b1-a7046aec27dc\" rel=\"nofollow noopener\" target=\"_blank\">przyci\u0105gn\u0119\u0142o na czerwony dywan<\/a> takie gwiazdy, jak Artur Barci\u015b, Katarzyna Zieli\u0144ska, Daniel Olbrychski, Anna Dereszowska, Olaf Lubaszenko, Barbara Kurdej-Szatan, Kuba Badach, Emilia Komarnicka czy Miko\u0142aj Roznerski.<\/p>\n<p>Kilka dni p\u00f3\u017aniej na temat imprezy ram\u00f3wkowej Telewizji Polskiej postanowi\u0142 wypowiedzie\u0107 si\u0119 Edward Miszczak, nie szcz\u0119dz\u0105c przy tym krytyki.<\/p>\n<p>\u2014 oceni\u0142 podczas spotkania prasowego &#8222;Halo tu Polsat&#8221;.<\/p>\n<p>Na koniec pochwali\u0142 te\u017c prezenterki pogody, kt\u00f3re pracuj\u0105 w Polsacie \u2014 stwierdzi\u0142, \u017ce w przeciwie\u0144stwie do pogodynek konkurencji, nie musz\u0105 &#8222;eksponowa\u0107 tanich sztuczek&#8221;.<\/p>\n","protected":false},"excerpt":{"rendered":"Edward Miszczak jest znany z charakterystycznego poczucia humoru i uszczypliwo\u015bci, kt\u00f3re lubi kierowa\u0107 w stron\u0119 gwiazd lub konkurencyjnych&hellip;\n","protected":false},"author":2,"featured_media":670371,"comment_status":"","ping_status":"","sticky":false,"template":"","format":"standard","meta":{"footnotes":"","_share_on_mastodon":"0"},"categories":[22],"tags":[61195,17750,122,48,125,46,42,38,40,263,39,41,123,47,506],"class_list":["post-670370","post","type-post","status-publish","format-standard","has-post-thumbnail","category-rozrywka","tag-bottomfeed_styl","tag-edward_miszczak","tag-entertainment","tag-nat_styl","tag-newsy","tag-omp","tag-pl","tag-poland","tag-polish","tag-polsat","tag-polska","tag-polski","tag-rozrywka","tag-screening_general","tag-tvp"],"share_on_mastodon":{"url":"https:\/\/pubeurope.com\/@pl\/117221897357617031","error":""},"_links":{"self":[{"href":"https:\/\/www.europesays.com\/pl\/wp-json\/wp\/v2\/posts\/670370","targetHints":{"allow":["GET"]}}],"collection":[{"href":"https:\/\/www.europesays.com\/pl\/wp-json\/wp\/v2\/posts"}],"about":[{"href":"https:\/\/www.europesays.com\/pl\/wp-json\/wp\/v2\/types\/post"}],"author":[{"embeddable":true,"href":"https:\/\/www.europesays.com\/pl\/wp-json\/wp\/v2\/users\/2"}],"replies":[{"embeddable":true,"href":"https:\/\/www.europesays.com\/pl\/wp-json\/wp\/v2\/comments?post=670370"}],"version-history":[{"count":0,"href":"https:\/\/www.europesays.com\/pl\/wp-json\/wp\/v2\/posts\/670370\/revisions"}],"wp:featuredmedia":[{"embeddable":true,"href":"https:\/\/www.europesays.com\/pl\/wp-json\/wp\/v2\/media\/670371"}],"wp:attachment":[{"href":"https:\/\/www.europesays.com\/pl\/wp-json\/wp\/v2\/media?parent=670370"}],"wp:term":[{"taxonomy":"category","embeddable":true,"href":"https:\/\/www.europesays.com\/pl\/wp-json\/wp\/v2\/categories?post=670370"},{"taxonomy":"post_tag","embeddable":true,"href":"https:\/\/www.europesays.com\/pl\/wp-json\/wp\/v2\/tags?post=670370"}],"curies":[{"name":"wp","href":"https:\/\/api.w.org\/{rel}","templated":true}]}}