{"id":670372,"date":"2026-09-06T03:10:17","date_gmt":"2026-09-06T03:10:17","guid":{"rendered":"https:\/\/www.europesays.com\/pl\/670372\/"},"modified":"2026-09-06T03:10:17","modified_gmt":"2026-09-06T03:10:17","slug":"6-tys-zl-emerytury-ile-trzeba-zarabiac","status":"publish","type":"post","link":"https:\/\/www.europesays.com\/pl\/670372\/","title":{"rendered":"6 tys. z\u0142 emerytury. Ile trzeba zarabia\u0107?"},"content":{"rendered":"<p data-section=\"detail-body\">W Business Insider Polska od kilku tygodni publikujemy cykl, w kt\u00f3rym postanowili\u015bmy pokaza\u0107 dzisiejszym 25-, 35- i 45-latkom, ile musz\u0105 zarabia\u0107 dzisiaj, \u017ceby mie\u0107 niez\u0142\u0105 emerytur\u0119.<\/p>\n<p data-section=\"detail-body\">Dzi\u015b sprawdzamy, jaka pensja daje szanse na to, by tu\u017c po osi\u0105gni\u0119ciu wieku emerytalnego przej\u015b\u0107 na utrzymanie ZUS-u ze \u015bwiadczeniem na poziomie przynajmniej 6 tys. z\u0142.<\/p>\n<p data-section=\"detail-body\">Poni\u017cej przedstawiamy konkretne kwoty wynagrodze\u0144 dla ka\u017cdej z grup wiekowych oraz z podzia\u0142em na p\u0142e\u0107.<\/p>\n<p>            Czytaj tak\u017ce w BUSINESS INSIDER<\/p>\n<p class=\"article_p\" data-section=\"detail-body\">Z pomoc\u0105 przy oszacowaniu przyszed\u0142 nam \u0141ukasz Koz\u0142owski, g\u0142\u00f3wny ekonomista Federacji Przedsi\u0119biorc\u00f3w Polskich i cz\u0142onek rady nadzorczej ZUS.<\/p>\n<p class=\"article_p\" data-section=\"detail-body\">Ekspert przyj\u0105\u0142 pewne za\u0142o\u017cenia. Oszacowa\u0142 na przyk\u0142ad realny wzrost naszego wynagrodzenia (czyli powy\u017cej inflacji) w kolejnych latach na poziomie 1,5 proc. rocznie, a realn\u0105 waloryzacj\u0119 kapita\u0142u emerytalnego na poziomie 3 proc. rocznie.<\/p>\n<p class=\"article_p\" data-section=\"detail-body\">\u0141ukasz Koz\u0142owski przyj\u0105\u0142 te\u017c pochodz\u0105cy ze statystyk ZUS \u015bredni stan konta i subkonta w\u0142a\u015bnie dla tej konkretnie grupy wiekowej. W szacunkach eksperta 45-latkowie startuj\u0105 wi\u0119c z wy\u017cszego poziomu ni\u017c zaczynaj\u0105cy prac\u0119 25-latkowie.<\/p>\n<p class=\"article_p\" data-section=\"detail-body\">Wreszcie w symulacji dla uproszczenia pomin\u0105\u0142 fakt wyd\u0142u\u017caj\u0105cego si\u0119 \u017cycia Polak\u00f3w. Warto jednak pami\u0119ta\u0107, \u017ce ze wzgl\u0119du na to ostateczna sytuacja mo\u017ce by\u0107 jeszcze gorsza ni\u017c w poni\u017cszej tabeli.<\/p>\n<p class=\"article_p\" data-section=\"detail-body\">Zobacz tak\u017ce: <a href=\"https:\/\/businessinsider.com.pl\/praca\/jak-duzo-zarobic-te-zawody-daja-gwarancje-wysokich-dochodow\/kdvjex8?utm_medium=push\" id=\"c7297842-85c4-4064-9e7f-3f1deada0445\" rel=\"nofollow noopener\" target=\"_blank\">Deficyt fachowc\u00f3w narasta. W niekt\u00f3rych bran\u017cach nawet 26 tys. z\u0142 na r\u0119k\u0119<\/a><\/p>\n<p>        6 tys. z\u0142 emerytury. Ile trzeba zarabia\u0107?<\/p>\n<p class=\"article_p\" data-section=\"detail-body\">Oczywi\u015bcie trzeba pami\u0119ta\u0107, \u017ce im d\u0142u\u017cej pracujemy, tym wi\u0119ksze mamy szanse na wysokie \u015bwiadczenia. ZUS co roku pokazuje przyk\u0142ady ludzi, kt\u00f3rzy na rynku pracy byli nie standardowe 35 czy 40, ale np. 50 czy 60 lat. Oni d\u0142u\u017cej odprowadzali sk\u0142adki oraz kr\u00f3cej b\u0119d\u0105 je pobiera\u0107, wi\u0119c si\u0142\u0105 rzeczy ich emerytury b\u0119d\u0105 bardzo wysokie.<\/p>\n<p class=\"article_p\" data-section=\"detail-body\">W poni\u017cszej tabeli prezentujemy szacunki przy za\u0142o\u017ceniu, \u017ce na emerytur\u0119 wybieramy si\u0119 tu\u017c po osi\u0105gni\u0119ciu wieku emerytalnego i nie pracujemy d\u0142u\u017cej. Drugie zastrze\u017cenie to praca na etacie. Umowy cywilnoprawne czy dzia\u0142alno\u015b\u0107 gospodarcza sprawi\u0105, \u017ce prognozowane emerytury b\u0119d\u0105 znacznie ni\u017csze.<\/p>\n<p class=\"article_p\" data-section=\"detail-body\">Zobacz tak\u017ce: <a href=\"https:\/\/businessinsider.com.pl\/praca\/emerytury\/masz-25-lat-tyle-musisz-zarabiac-na-5-tys-zl-emerytury\/0sd5x5x\" id=\"32c37610-8570-42af-a384-ff4692aa7049\" rel=\"nofollow noopener\" target=\"_blank\">Chcesz 10 tys. z\u0142 emerytury? Dla 25-latk\u00f3w to wcale nie takie trudne<\/a><\/p>\n<tr class=\"article-table-tr\">\n<p>                            Tyle musisz zarabia\u0107 w okre\u015blonym wieku, \u017ceby dosta\u0107 6 tys. z\u0142 emerytury<\/p>\n<\/tr>\n<tr class=\"article-table-tr\">\n<p>                            p\u0142e\u0107\/wiek<\/p>\n<p>                            25 lat<\/p>\n<p>                            35 lat<\/p>\n<p>                            45 lat<\/p>\n<\/tr>\n<tr class=\"article-table-tr\">\n<td>\n<p>                                kobieta<\/p>\n<\/td>\n<td>\n<p>                                8 845 z\u0142<\/p>\n<\/td>\n<td>\n<p>                                14 195 z\u0142<\/p>\n<\/td>\n<td>\n<p>                                x<\/p>\n<\/td>\n<\/tr>\n<tr class=\"article-table-tr\">\n<td>\n<p>                                m\u0119\u017cczyzna<\/p>\n<\/td>\n<td>\n<p>                                5 640 z\u0142<\/p>\n<\/td>\n<td>\n<p>                                8 283 z\u0142<\/p>\n<\/td>\n<td>\n<p>                                14 273 z\u0142<\/p>\n<\/td>\n<\/tr>\n<p class=\"article_p\" data-section=\"detail-body\">Co si\u0119 okazuje? \u017be im starszy cz\u0142owiek, tym trudniej wypracowa\u0107 wysok\u0105 emerytur\u0119. To oczywi\u015bcie przez to, \u017ce 45-latek ma ju\u017c du\u017co mniej czasu ni\u017c wchodz\u0105cy na rynek pracy 20-latek.<\/p>\n<p class=\"article_p\" data-section=\"detail-body\">Po drugie za\u015b, kobiety z zasady maj\u0105 gorzej. Bo co prawda ko\u0144cz\u0105 prac\u0119 wcze\u015bniej, ale ich \u015bwiadczenia z regu\u0142y s\u0105 ni\u017csze.<\/p>\n<p class=\"article_p\" data-section=\"detail-body\">Zobacz tak\u017ce: <a href=\"https:\/\/businessinsider.com.pl\/praca\/emerytury\/masz-25-lat-tyle-musisz-zarabiac-na-5-tys-zl-emerytury\/0sd5x5x\" id=\"f092c089-0392-4e27-af6c-de0c9bd87973\" rel=\"nofollow noopener\" target=\"_blank\">Chcesz 10 tys. z\u0142 emerytury? Dla 25-latk\u00f3w to wcale nie takie trudne<\/a><\/p>\n<p class=\"article_p\" data-section=\"detail-body\">Efekt? Je\u015bli 45-letnia kobieta chce mie\u0107 6 tys. z\u0142 emerytury, a do tej pory odprowadza\u0142a \u015brednie sk\u0142adki, to w zasadzie jest to dla niej niemo\u017cliwe.<\/p>\n<p class=\"article_p\" data-section=\"detail-body\">Musia\u0142aby bowiem zarabia\u0107 wi\u0119cej ni\u017c tzw. 30-krotno\u015b\u0107, a powy\u017cej tej kwoty sk\u0142adki emerytalne nie s\u0105 ju\u017c odprowadzane. Nawet przy pensji 100 tys. z\u0142 miesi\u0119cznie sk\u0142adki p\u0142aci si\u0119 tylko do kwoty niespe\u0142na 24 tys. z\u0142. 45-latka musia\u0142aby zarabia\u0107 ponad norm\u0119 znacznie wcze\u015bniej.<\/p>\n<p class=\"article_p\" data-section=\"detail-body\">M\u0119\u017cczyzna ma o tyle \u0142atwiej, \u017ce wystarczy mu ju\u017c &#8222;zaledwie&#8221; 14 tys. z\u0142 brutto miesi\u0119cznie.<\/p>\n","protected":false},"excerpt":{"rendered":"W Business Insider Polska od kilku tygodni publikujemy cykl, w kt\u00f3rym postanowili\u015bmy pokaza\u0107 dzisiejszym 25-, 35- i 45-latkom,&hellip;\n","protected":false},"author":2,"featured_media":670373,"comment_status":"","ping_status":"","sticky":false,"template":"","format":"standard","meta":{"footnotes":"","_share_on_mastodon":"0"},"categories":[16],"tags":[113,112,42,38,40,39,41],"class_list":["post-670372","post","type-post","status-publish","format-standard","has-post-thumbnail","category-biznes","tag-biznes","tag-business","tag-pl","tag-poland","tag-polish","tag-polska","tag-polski"],"share_on_mastodon":{"url":"https:\/\/pubeurope.com\/@pl\/117221905216850342","error":""},"_links":{"self":[{"href":"https:\/\/www.europesays.com\/pl\/wp-json\/wp\/v2\/posts\/670372","targetHints":{"allow":["GET"]}}],"collection":[{"href":"https:\/\/www.europesays.com\/pl\/wp-json\/wp\/v2\/posts"}],"about":[{"href":"https:\/\/www.europesays.com\/pl\/wp-json\/wp\/v2\/types\/post"}],"author":[{"embeddable":true,"href":"https:\/\/www.europesays.com\/pl\/wp-json\/wp\/v2\/users\/2"}],"replies":[{"embeddable":true,"href":"https:\/\/www.europesays.com\/pl\/wp-json\/wp\/v2\/comments?post=670372"}],"version-history":[{"count":0,"href":"https:\/\/www.europesays.com\/pl\/wp-json\/wp\/v2\/posts\/670372\/revisions"}],"wp:featuredmedia":[{"embeddable":true,"href":"https:\/\/www.europesays.com\/pl\/wp-json\/wp\/v2\/media\/670373"}],"wp:attachment":[{"href":"https:\/\/www.europesays.com\/pl\/wp-json\/wp\/v2\/media?parent=670372"}],"wp:term":[{"taxonomy":"category","embeddable":true,"href":"https:\/\/www.europesays.com\/pl\/wp-json\/wp\/v2\/categories?post=670372"},{"taxonomy":"post_tag","embeddable":true,"href":"https:\/\/www.europesays.com\/pl\/wp-json\/wp\/v2\/tags?post=670372"}],"curies":[{"name":"wp","href":"https:\/\/api.w.org\/{rel}","templated":true}]}}