{"id":670374,"date":"2026-09-06T03:11:12","date_gmt":"2026-09-06T03:11:12","guid":{"rendered":"https:\/\/www.europesays.com\/pl\/670374\/"},"modified":"2026-09-06T03:11:12","modified_gmt":"2026-09-06T03:11:12","slug":"zaskakujace-slowa-wyslannika-donalda-trumpa-do-wladimira-putina-niesamowite-wspomnienia-wideo-wiadomosci-onet-pl","status":"publish","type":"post","link":"https:\/\/www.europesays.com\/pl\/670374\/","title":{"rendered":"Zaskakuj\u0105ce s\u0142owa wys\u0142annika Donalda Trumpa do W\u0142adimira Putina. &quot;Niesamowite wspomnienia&quot; [WIDEO] &#8211; wiadomosci.onet.pl"},"content":{"rendered":"<ol>\n<li><a href=\"https:\/\/news.google.com\/rss\/articles\/CBMiqgFBVV95cUxPSmhkMXhKcjdtdG1tYUdwTEMwdXN3ZENJVGRSQVhBQmNSWXdBYWRQU2lNVUN2U1ctNW1yQmdhYUlzcVpLaUZmVW5xMmpjNlN1S3R1Q0ZvMkZ2NW5iTUJkUlRoR2wxcXhvT0VxbXJXWmVPajNRN0ZuYmRJa2VJUkxpRVJBQVlUelNxeGlVNTVrY1Vjd2hpUloyZkYyV0pxRW15ck5YTWZBM2pQQQ?oc=5\" target=\"_blank\" rel=\"nofollow noopener\">Zaskakuj\u0105ce s\u0142owa wys\u0142annika Donalda Trumpa do W\u0142adimira Putina. &#8222;Niesamowite wspomnienia&#8221; [WIDEO]<\/a>&nbsp;&nbsp;wiadomosci.onet.pl<\/li>\n<li><a href=\"https:\/\/news.google.com\/rss\/articles\/CBMiswFBVV95cUxQVXFUbWZ3bk1oYmFGTVdLb3h6Ykd1U3JSMnBzQXUxVXk2WDdDRDdLQUNRWjR4aGNsSVI5emxZMDVYcUNiX09LdnFkeFR5VjhTZnBaUy1BdTRSSlhoNHZ1ZlFTdTRqNTBuWlRheFpsbEVRVFF2dkZHZ0Y1V3lBY0V6NTJpM3JucFNoTmdIMjZoclZaTnJTb2FzdktQUGZkRGtVYnZEZzlkUjBuVWNMMXpLV1BEQQ?oc=5\" target=\"_blank\" rel=\"nofollow noopener\">W\u0142adimir Putin wstrzymuje ataki na Kij\u00f3w. Jest potwierdzenie<\/a>&nbsp;&nbsp;wiadomosci.onet.pl<\/li>\n<li><a href=\"https:\/\/news.google.com\/rss\/articles\/CBMirAFBVV95cUxQQ3B6d1VNNUo5X1JvMnpWWXVUdUZRWUx0a0tBaXZDRHYzaUNjdTVxaDY5TElpLVdBTzN2RzNLZm9mNUxqYzd1Sl9uR1pXdU5mMHR6RTJkLUI3VFFrS0c5MjJyc3ZjZksxaUctb1R6U0N2cTI3dmxfUVVvQlJHOW4wbjhLaC01UG91MTlVWUY4dF9YcklGbG9BUGx0S21aUjNtSW5Pdkk3Q2FXcjhp?oc=5\" target=\"_blank\" rel=\"nofollow noopener\">Rosja zaatakowa\u0142a lotniska w Ukrainie. Tu\u017c przed wizyt\u0105 Amerykan\u00f3w<\/a>&nbsp;&nbsp;WP Wiadomo\u015bci<\/li>\n<li><a href=\"https:\/\/news.google.com\/rss\/articles\/CBMivwFBVV95cUxOWHFDRDdpZHUzSlpkdEk2dXk1MTQtUG92cHBHZkh2MXRoRlBST0NMOGc2TzRJOEJ4eU41Szc0U1VaUTI5V1F5ZXFXYlhqQUk3aWFOb0RLM0F4ZGtUc01BTmlIaVpuYWltNjNDWllSVl9ZNUx6bTcxZW9QbmQtU19lZ2YtVkhrVnFzWk1XOXRMY0ZtZ3dXdnZ0N2NZLWt1TC0ybFllM2hic2NhNFBDQTRNekwzR2JYU2o4RnhXUzNFcw?oc=5\" target=\"_blank\" rel=\"nofollow noopener\">Ze\u0142enski po rozmowie z wys\u0142annikami Trumpa. M\u00f3wi o zawieszeniu broni<\/a>&nbsp;&nbsp;wydarzenia.interia.pl<\/li>\n<li><a href=\"https:\/\/news.google.com\/rss\/articles\/CBMi0AFBVV95cUxNRFdqci1LYWFmajIxTGZNNmVVTGFlS2IxREdRODJOb21TN19BQU9RYjRLS2llM0owbENWZ1JZX294VmJiT3Q2Y1ZubVd2T2wtTGJuWEJCODVTeTBSRHZmNWhTRS0zbnp6b0stdXp2bXFuWU9sSDJEWW1nV2VrVUZuRXJSanF2YzB3Umx4UHJRWlpWRkhyQ2NkeHVCUDkwQU83YWluamIzakxPc25QUmt4dGkzelEwM0FLY09Bdk44LTYzODNhSERfZ0h2VV9yVEpC?oc=5\" target=\"_blank\" rel=\"nofollow noopener\">Wizyta przedstawicieli USA w Moskwie. Wo\u0142odymyr Ze\u0142enski: jeste\u015bmy gotowi przestrzega\u0107 zawieszenia broni<\/a>&nbsp;&nbsp;TVN24<\/li>\n<\/ol>\n","protected":false},"excerpt":{"rendered":"Zaskakuj\u0105ce s\u0142owa wys\u0142annika Donalda Trumpa do W\u0142adimira Putina. &#8222;Niesamowite wspomnienia&#8221; [WIDEO]&nbsp;&nbsp;wiadomosci.onet.pl W\u0142adimir Putin wstrzymuje ataki na Kij\u00f3w. Jest&hellip;\n","protected":false},"author":2,"featured_media":670375,"comment_status":"","ping_status":"","sticky":false,"template":"","format":"standard","meta":{"footnotes":"","_share_on_mastodon":"0"},"categories":[14],"tags":[61195,32,33,27,76,34,35,28,31,48,25,46,40,41,87,47,11050,80,29,30,26,408,82,83,84],"class_list":["post-670374","post","type-post","status-publish","format-standard","has-post-thumbnail","category-swiat","tag-bottomfeed_styl","tag-breaking-news","tag-breakingnews","tag-headlines","tag-inwazja_rosji_na_ukraine","tag-latest-news","tag-latestnews","tag-naglowki","tag-najwazniejsze-artykuly","tag-nat_styl","tag-news","tag-omp","tag-polish","tag-polski","tag-rosja","tag-screening_general","tag-steve_witkoff","tag-swiat","tag-top-stories","tag-topstories","tag-wiadomosci","tag-wladimir_putin","tag-world","tag-world-news","tag-worldnews"],"share_on_mastodon":{"url":"https:\/\/pubeurope.com\/@pl\/117221909015840171","error":""},"_links":{"self":[{"href":"https:\/\/www.europesays.com\/pl\/wp-json\/wp\/v2\/posts\/670374","targetHints":{"allow":["GET"]}}],"collection":[{"href":"https:\/\/www.europesays.com\/pl\/wp-json\/wp\/v2\/posts"}],"about":[{"href":"https:\/\/www.europesays.com\/pl\/wp-json\/wp\/v2\/types\/post"}],"author":[{"embeddable":true,"href":"https:\/\/www.europesays.com\/pl\/wp-json\/wp\/v2\/users\/2"}],"replies":[{"embeddable":true,"href":"https:\/\/www.europesays.com\/pl\/wp-json\/wp\/v2\/comments?post=670374"}],"version-history":[{"count":0,"href":"https:\/\/www.europesays.com\/pl\/wp-json\/wp\/v2\/posts\/670374\/revisions"}],"wp:featuredmedia":[{"embeddable":true,"href":"https:\/\/www.europesays.com\/pl\/wp-json\/wp\/v2\/media\/670375"}],"wp:attachment":[{"href":"https:\/\/www.europesays.com\/pl\/wp-json\/wp\/v2\/media?parent=670374"}],"wp:term":[{"taxonomy":"category","embeddable":true,"href":"https:\/\/www.europesays.com\/pl\/wp-json\/wp\/v2\/categories?post=670374"},{"taxonomy":"post_tag","embeddable":true,"href":"https:\/\/www.europesays.com\/pl\/wp-json\/wp\/v2\/tags?post=670374"}],"curies":[{"name":"wp","href":"https:\/\/api.w.org\/{rel}","templated":true}]}}