{"id":670382,"date":"2026-09-06T03:16:15","date_gmt":"2026-09-06T03:16:15","guid":{"rendered":"https:\/\/www.europesays.com\/pl\/670382\/"},"modified":"2026-09-06T03:16:15","modified_gmt":"2026-09-06T03:16:15","slug":"nowa-ekspansja-sieci-trzy-markety-na-raz","status":"publish","type":"post","link":"https:\/\/www.europesays.com\/pl\/670382\/","title":{"rendered":"Nowa ekspansja sieci. Trzy markety na raz"},"content":{"rendered":"<p>Dino w Kaliszu szuka pracownik\u00f3w, kt\u00f3rzy pomog\u0105 w rozeznaniu rynku i zakupie nieruchomo\u015bci pod kolejne inwestycje. Jedn\u0105 z najnowszych bud\u00f3w tej sieci ma by\u0107 ta przy ul. 3 Maja w Kaliszu, ale inwestycja jeszcze nie ruszy\u0142a.<\/p>\n<p>Ta sie\u0107 z Krotoszyna na cel postawi\u0142a sobie powiat turecki. Kilka miesi\u0119cy temu Dino otworzy\u0142o sw\u00f3j market m.in. w Tuliszkowie, a teraz proceduje jednocze\u015bnie trzy wnioski o budow\u0119 w bliskich do siebie lokalizacjach. Dino powstanie w Turku przy ul. Kwiatkowskiego, przy ul. \u0141\u0105kowej oraz w Rogowie pod Przykon\u0105 przy drodze krajowej nr 72.<\/p>\n<p>Dino ma ju\u017c ponad 3200 sklep\u00f3w w ca\u0142ej Polsce, a w ostatnich latach przeznaczy\u0142o 8 mld z\u0142 na inwestycje, m.in. w rozw\u00f3j sieci sklep\u00f3w. Grupa Dino zatrudnia ju\u017c 60 tysi\u0119cy pracownik\u00f3w i jak informuje jej biuro prasowe, Dino sta\u0142o si\u0119 trzecim najwi\u0119kszym pracodawcom w Polsce.<\/p>\n<p>PRZECZYTAJ TAK\u017bE:\u00a0<\/p>\n","protected":false},"excerpt":{"rendered":"Dino w Kaliszu szuka pracownik\u00f3w, kt\u00f3rzy pomog\u0105 w rozeznaniu rynku i zakupie nieruchomo\u015bci pod kolejne inwestycje. Jedn\u0105 z&hellip;\n","protected":false},"author":2,"featured_media":670383,"comment_status":"","ping_status":"","sticky":false,"template":"","format":"standard","meta":{"footnotes":"","_share_on_mastodon":"0"},"categories":[52249],"tags":[857,41997,42,38,40,39,41],"class_list":["post-670382","post","type-post","status-publish","format-standard","has-post-thumbnail","category-dino-polska","tag-dino","tag-dino-polska","tag-pl","tag-poland","tag-polish","tag-polska","tag-polski"],"share_on_mastodon":{"url":"https:\/\/pubeurope.com\/@pl\/117221928666263112","error":""},"_links":{"self":[{"href":"https:\/\/www.europesays.com\/pl\/wp-json\/wp\/v2\/posts\/670382","targetHints":{"allow":["GET"]}}],"collection":[{"href":"https:\/\/www.europesays.com\/pl\/wp-json\/wp\/v2\/posts"}],"about":[{"href":"https:\/\/www.europesays.com\/pl\/wp-json\/wp\/v2\/types\/post"}],"author":[{"embeddable":true,"href":"https:\/\/www.europesays.com\/pl\/wp-json\/wp\/v2\/users\/2"}],"replies":[{"embeddable":true,"href":"https:\/\/www.europesays.com\/pl\/wp-json\/wp\/v2\/comments?post=670382"}],"version-history":[{"count":0,"href":"https:\/\/www.europesays.com\/pl\/wp-json\/wp\/v2\/posts\/670382\/revisions"}],"wp:featuredmedia":[{"embeddable":true,"href":"https:\/\/www.europesays.com\/pl\/wp-json\/wp\/v2\/media\/670383"}],"wp:attachment":[{"href":"https:\/\/www.europesays.com\/pl\/wp-json\/wp\/v2\/media?parent=670382"}],"wp:term":[{"taxonomy":"category","embeddable":true,"href":"https:\/\/www.europesays.com\/pl\/wp-json\/wp\/v2\/categories?post=670382"},{"taxonomy":"post_tag","embeddable":true,"href":"https:\/\/www.europesays.com\/pl\/wp-json\/wp\/v2\/tags?post=670382"}],"curies":[{"name":"wp","href":"https:\/\/api.w.org\/{rel}","templated":true}]}}