{"id":670386,"date":"2026-09-06T03:23:39","date_gmt":"2026-09-06T03:23:39","guid":{"rendered":"https:\/\/www.europesays.com\/pl\/670386\/"},"modified":"2026-09-06T03:23:39","modified_gmt":"2026-09-06T03:23:39","slug":"lublin-wyda-blisko-20-mln-zl-na-przystanki-autobusowe","status":"publish","type":"post","link":"https:\/\/www.europesays.com\/pl\/670386\/","title":{"rendered":"Lublin wyda blisko 20 mln z\u0142 na przystanki autobusowe"},"content":{"rendered":"<p>\t\t\t    \t<img decoding=\"async\" src=\"https:\/\/www.europesays.com\/pl\/wp-content\/uploads\/2026\/09\/299287_r0_940.jpg\" itemprop=\"image\" alt=\"Lublin wyda blisko 20 mln z\u0142 na przystanki autobusowe\" title=\"Miasto zmodernizuje 48 przystank\u00f3w komunikacji miejskiej.\" class=\"gallery-image\" fetchpriority=\"high\"\/><\/p>\n<p>\t\t\t\t\t\t\tMiasto zmodernizuje 48 przystank\u00f3w komunikacji miejskiej.<\/p>\n<p>\n\t\t\t\t\t\t\t\t\tMateria\u0142y prasowe \/ UM w Lublinie \/ Miasto Lublin\n\t\t\t\t\t\t\t\t<\/p>\n<p>\n\t\t\t&#8211; Nowe wy\u015bwietlacze dynamicznej informacji pasa\u017cerskiej, nowoczesne wiaty, przebudowane zatoki przystankowe, chodniki i \u015bcie\u017cki rowerowe &#8211; to najwa\u017cniejsze efekty nowych inwestycji w komunikacj\u0119 miejsk\u0105 Lublina.\n\t\t<\/p>\n<p>W\u0142adze Lublina podpisa\u0142y umow\u0119 o dofinansowanie projektu \u201eInfrastruktura przystankowa na terenie miasta Lublin\u201d o warto\u015bci 19,9 mln z\u0142, z czego 13,5 mln z\u0142 b\u0119dzie pochodzi\u0142o z dofinansowania unijnego &#8211; poinformowa\u0142y s\u0142u\u017cby prasowe miasta.\u00a0<\/p>\n<p>&#13;<\/p>\n<p>\t\t\t\t\t<a href=\"https:\/\/www.portalsamorzadowy.pl\/inwestycje\/obserwatorium-na-sniezce-doczeka-sie-gruntownego-remontu,675000.html\" class=\"read-more-box-img-cnt\" rel=\"nofollow noopener\" target=\"_blank\"><br \/>\n\t\t\t\t<img decoding=\"async\" loading=\"lazy\" width=\"300\" height=\"200\" src=\"https:\/\/www.europesays.com\/pl\/wp-content\/uploads\/2026\/09\/299259_r0_300.jpg\" alt=\"Obserwatorium na \u015anie\u017cce doczeka si\u0119 gruntownego remontu\" class=\"read-more-box-img\"\/><br \/>\n\t\t\t<\/a><\/p>\n<p>&#13;<br \/>\nModernizacja b\u0119dzie kompleksowa i obejmie r\u00f3\u017cne cz\u0119\u015bci miasta&#13;<\/p>\n<p>\u2013 W Lublinie inwestujemy nie tylko w nowe, ekologiczne autobusy i trolejbusy, ale r\u00f3wnie\u017c w ca\u0142\u0105 infrastruktur\u0119, z kt\u00f3rej na co dzie\u0144 korzystaj\u0105 pasa\u017cerowie komunikacji miejskiej. Teraz przed nami kolejny projekt i kolejne pozyskane \u015brodki europejskie, dzi\u0119ki kt\u00f3rym mo\u017cemy kompleksowo modernizowa\u0107 przystanki w r\u00f3\u017cnych cz\u0119\u015bciach Lublina, zapewniaj\u0105c mieszkankom i mieszka\u0144com wygodny i bezpieczny dost\u0119p do komunikacji, czytelne rozk\u0142ady jazdy oraz bie\u017c\u0105c\u0105 informacj\u0119 o przyjazdach pojazd\u00f3w \u2013 m\u00f3wi prezydent Lublina Krzysztof \u017buk.<\/p>\n<p>&#13;<\/p>\n<p>W ramach projektu z zakresu transportu publicznego przebudowane zostan\u0105 ca\u0142e przestrzenie przystankowe \u2013 zatoki i perony\u00a0oraz przyleg\u0142e do przystank\u00f3w chodniki i drogi rowerowe.<\/p>\n<p>&#13;<\/p>\n<p>Zastosowane zostan\u0105 rozwi\u0105zania u\u0142atwiaj\u0105ce korzystanie z przystank\u00f3w osobom niewidomym i s\u0142abowidz\u0105cym, w tym systemy prowadzenia i oznacze\u0144 ostrzegawczych. W wi\u0119kszo\u015bci miejsc pojawi\u0105 si\u0119\u00a0nowe wiaty z fotowoltaik\u0105, b\u0119d\u0105 te\u017c dwa zielone przystanki &#8211; przy Drodze M\u0119czennik\u00f3w Majdanka i ul. Zemborzyckiej.<\/p>\n<p>&#13;<\/p>\n<p>\t\t\t\t\t<a href=\"https:\/\/www.portalsamorzadowy.pl\/inwestycje\/miasto-bedzie-mialo-filharmonie-z-prawdziwego-zdarzenia-juz-za-rok,675060.html\" class=\"read-more-box-img-cnt\" rel=\"nofollow noopener\" target=\"_blank\"><br \/>\n\t\t\t\t<img decoding=\"async\" loading=\"lazy\" width=\"300\" height=\"200\" src=\"https:\/\/www.europesays.com\/pl\/wp-content\/uploads\/2026\/09\/299282_r0_300.jpg\" alt=\"Miasto b\u0119dzie mia\u0142o filharmoni\u0119 z prawdziwego zdarzenia. Ju\u017c za rok\" class=\"read-more-box-img\"\/><br \/>\n\t\t\t<\/a><\/p>\n<p>&#13;<\/p>\n<p>Projekt zak\u0142ada tak\u017ce budow\u0119 wiat i stojak\u00f3w rowerowych, wykonanie o\u015bwietlenia czy za\u0142o\u017cenie ziele\u0144c\u00f3w. Prace b\u0119d\u0105 wykonane w r\u00f3\u017cnym zakresie, w zale\u017cno\u015bci od potrzeb danej lokalizacji.\u00a0<\/p>\n<p>&#13;<br \/>\nProjekt zak\u0142ada przebudow\u0119 48 przystank\u00f3w oraz uruchomienie b\u0105d\u017a wymian\u0119 20 punkt\u00f3w dynamicznej informacji pasa\u017cerskiej&#13;<\/p>\n<p>W ramach projektu zostanie zmodernizowanych 48 przystank\u00f3w komunikacji miejskiej i uruchomienie lub wymian\u0119 20 punkt\u00f3w dynamicznej informacji pasa\u017cerskiej.<\/p>\n<p>&#13;<\/p>\n<p>Dodatkowo, 170 pojazd\u00f3w komunikacji miejskiej zostanie wyposa\u017conych w nowoczesne urz\u0105dzenia systemu informacji pasa\u017cerskiej z komputerami pok\u0142adowymi, modu\u0142ami komunikacyjnymi oraz GPS.<\/p>\n<p>&#13;<\/p>\n<p>Projekt \u201eInfrastruktura przystankowa na terenie miasta Lublin\u201d o warto\u015bci blisko 19,9 mln z\u0142, w tym 13,5 mln z\u0142 dofinansowania z Unii Europejskiej, realizowany b\u0119dzie w ramach programu Fundusze Europejskie dla Lubelskiego 2021-2027, z priorytetu \u201eZr\u00f3wnowa\u017cona mobilno\u015b\u0107 miejska\u201d, do ko\u0144ca 2028 roku.<\/p>\n<p>&#13;<\/p>\n<p>\t\t\t\t\t<a href=\"https:\/\/www.portalsamorzadowy.pl\/ochrona-zdrowia\/od-1-pazdziernika-zmiany-dla-pacjentow-przyjecia-na-nowych-zasadach,675042.html\" class=\"read-more-box-img-cnt\" rel=\"nofollow noopener\" target=\"_blank\"><br \/>\n\t\t\t\t<img decoding=\"async\" loading=\"lazy\" width=\"300\" height=\"200\" src=\"https:\/\/www.europesays.com\/pl\/wp-content\/uploads\/2026\/09\/299277_r0_300.jpg\" alt=\"Od 1 pa\u017adziernika zmiany dla pacjent\u00f3w. Przyj\u0119cia na nowych zasadach\" class=\"read-more-box-img\"\/><br \/>\n\t\t\t<\/a><\/p>\n<p>&#13;<br \/>\nKolejny projekt pozwoli na modernizacj\u0119 kolejnych 54 przystank\u00f3w&#13;<\/p>\n<p>Z projektu \u201eRozw\u00f3j zintegrowanego systemu transportu publicznego na terenie miasta Lublin\u201d zmodernizowanych i doposa\u017conych zostanie kolejnych 54 lokalizacji przystankowych. Prace obejm\u0105 m.in. przebudow\u0119 zatok i peron\u00f3w, monta\u017c nowych wiat oraz rozw\u00f3j systemu dynamicznej informacji pasa\u017cerskiej.<\/p>\n<p>\t\t\t\t<img decoding=\"async\" src=\"https:\/\/www.europesays.com\/pl\/wp-content\/uploads\/2026\/09\/1788665019_714_copyright.png\"\/><\/p>\n<p>Materia\u0142 chroniony prawem autorskim &#8211; zasady przedruk\u00f3w okre\u015bla <a href=\"https:\/\/www.portalsamorzadowy.pl\/korzystanie-z-serwisu.html\" rel=\"nofollow noopener\" target=\"_blank\">regulamin<\/a>.<\/p>\n","protected":false},"excerpt":{"rendered":"Miasto zmodernizuje 48 przystank\u00f3w komunikacji miejskiej. Materia\u0142y prasowe \/ UM w Lublinie \/ Miasto Lublin &#8211; Nowe wy\u015bwietlacze&hellip;\n","protected":false},"author":2,"featured_media":670387,"comment_status":"","ping_status":"","sticky":false,"template":"","format":"standard","meta":{"footnotes":"","_share_on_mastodon":"0"},"categories":[51612],"tags":[664,54130,58881,55419,1081,54128,55417,58879,42,38,40,39,41,54129,55418,58880],"class_list":["post-670386","post","type-post","status-publish","format-standard","has-post-thumbnail","category-lublin","tag-typedefinedterm","tag-151-html","tag-17911-html","tag-75-html","tag-lublin","tag-namekomunikacja-miejska","tag-namelublin","tag-nameserwis-inwestycje","tag-pl","tag-poland","tag-polish","tag-polska","tag-polski","tag-urlhttps-www-portalsamorzadowy-pl-klucze-komunikacja-miejska","tag-urlhttps-www-portalsamorzadowy-pl-klucze-lublin","tag-urlhttps-www-portalsamorzadowy-pl-klucze-serwis-inwestycje"],"share_on_mastodon":{"url":"https:\/\/pubeurope.com\/@pl\/117221957524834566","error":""},"_links":{"self":[{"href":"https:\/\/www.europesays.com\/pl\/wp-json\/wp\/v2\/posts\/670386","targetHints":{"allow":["GET"]}}],"collection":[{"href":"https:\/\/www.europesays.com\/pl\/wp-json\/wp\/v2\/posts"}],"about":[{"href":"https:\/\/www.europesays.com\/pl\/wp-json\/wp\/v2\/types\/post"}],"author":[{"embeddable":true,"href":"https:\/\/www.europesays.com\/pl\/wp-json\/wp\/v2\/users\/2"}],"replies":[{"embeddable":true,"href":"https:\/\/www.europesays.com\/pl\/wp-json\/wp\/v2\/comments?post=670386"}],"version-history":[{"count":0,"href":"https:\/\/www.europesays.com\/pl\/wp-json\/wp\/v2\/posts\/670386\/revisions"}],"wp:featuredmedia":[{"embeddable":true,"href":"https:\/\/www.europesays.com\/pl\/wp-json\/wp\/v2\/media\/670387"}],"wp:attachment":[{"href":"https:\/\/www.europesays.com\/pl\/wp-json\/wp\/v2\/media?parent=670386"}],"wp:term":[{"taxonomy":"category","embeddable":true,"href":"https:\/\/www.europesays.com\/pl\/wp-json\/wp\/v2\/categories?post=670386"},{"taxonomy":"post_tag","embeddable":true,"href":"https:\/\/www.europesays.com\/pl\/wp-json\/wp\/v2\/tags?post=670386"}],"curies":[{"name":"wp","href":"https:\/\/api.w.org\/{rel}","templated":true}]}}