{"id":670394,"date":"2026-09-06T03:27:15","date_gmt":"2026-09-06T03:27:15","guid":{"rendered":"https:\/\/www.europesays.com\/pl\/670394\/"},"modified":"2026-09-06T03:27:15","modified_gmt":"2026-09-06T03:27:15","slug":"widzew-lodz-byl-zainteresowany-arkadiuszem-milikiem","status":"publish","type":"post","link":"https:\/\/www.europesays.com\/pl\/670394\/","title":{"rendered":"Widzew \u0141\u00f3d\u017a by\u0142 zainteresowany Arkadiuszem Milikiem?"},"content":{"rendered":"<p><img alt=\"Obrazek newsa : Widzew \u0141\u00f3d\u017a by\u0142 zainteresowany Arkadiuszem Milikiem?\" loading=\"lazy\" width=\"1200\" height=\"800\" decoding=\"async\" data-nimg=\"1\" class=\"img-fluid rounded\" style=\"color:transparent\"  src=\"https:\/\/www.europesays.com\/pl\/wp-content\/uploads\/2026\/09\/1788665235_312_image.jpeg\"\/>Lens Strong \/ Shutterstock.com<\/p>\n<p data-path-to-node=\"1\">Arkadiusz Milik znalaz\u0142 si\u0119 na zakr\u0119cie w stolicy Piemontu po tym, jak zosta\u0142 skre\u015blony z listy zawodnik\u00f3w uprawnionych do gry w Serie A. Jak ujawni\u0142 Piotr Ko\u017ami\u0144ski, w ostatnich tygodniach sytuacj\u0119 wychowanka Rozwoju Katowice niespodziewanie sondowa\u0142&#8230; Widzew \u0141\u00f3d\u017a. Powr\u00f3t do PKO BP Ekstraklasy nie jest jednak obecnie priorytetem dla 73-krotnego reprezentanta Polski.<\/p>\n<p data-path-to-node=\"4\">W ostatnich godzinach w\u0142oski serwis \u201eTuttoJuve\u201d przekaza\u0142 niepokoj\u0105ce wie\u015bci dotycz\u0105ce przysz\u0142o\u015bci polskiego snajpera. Sztab szkoleniowy Juventusu podj\u0105\u0142 decyzj\u0119 o nieuwzgl\u0119dnieniu Milika na li\u015bcie pi\u0142karzy zg\u0142oszonych do rozgrywek Serie A. Decyzja ta podyktowana by\u0142a ocen\u0105 formy fizycznej zawodnika oraz jego nik\u0142ymi szansami na regularne wyst\u0119py w trwaj\u0105cym sezonie.<\/p>\n<p data-path-to-node=\"5\">Brak perspektyw w Turynie naturalnie zrodzi\u0142 pytania o potencjalny transfer. Do nowych informacji dotar\u0142 Piotr Ko\u017ami\u0144ski, kt\u00f3ry poinformowa\u0142 o zainteresowaniu ze strony czterokrotnego mistrza Polski:<\/p>\n<p data-path-to-node=\"5\">-Z moich informacji wynika, \u017ce w tym momencie nie ma jednak konkretnych\/interesuj\u0105cych ofert dla wychowanka Rozwoju Katowice. Cho\u0107 ciekawostka: dotar\u0142y do mnie wie\u015bci, \u017ce kilka tygodni temu jego sytuacj\u0119 sprawdza\u0142 Widzew \u0141\u00f3d\u017a! Powr\u00f3t do Polski nie wydaje si\u0119 jednak w tym momencie priorytetem dla reprezentanta Polski \u2013 napisa\u0142 dziennikarz na platformie X.<\/p>\n<p>Dwa lata walki ze zdrowiem<\/p>\n<p data-path-to-node=\"10\">Obecna sytuacja Milika to przede wszystkim pok\u0142osie dramatycznych problem\u00f3w zdrowotnych. Przez ostatnie dwa lata kontuzje niemal ca\u0142kowicie wybi\u0142y go z rytmu meczowego.\u00a0Do\u015b\u0107 powiedzie\u0107, \u017ce od zako\u0144czenia sezonu 2023\/24 Polak wyst\u0105pi\u0142 w zaledwie dw\u00f3ch oficjalnych spotkaniach na boiskach Serie A, sp\u0119dzaj\u0105c na murawie zaledwie 34 minuty.<\/p>\n<p data-path-to-node=\"10\">\u0141\u0105czny dorobek Milika w barwach \u201eStarej Damy\u201d zamyka si\u0119 obecnie w\u00a077 wyst\u0119pach, 17 bramkach i 2 asystach.<\/p>\n","protected":false},"excerpt":{"rendered":"Lens Strong \/ Shutterstock.com Arkadiusz Milik znalaz\u0142 si\u0119 na zakr\u0119cie w stolicy Piemontu po tym, jak zosta\u0142 skre\u015blony&hellip;\n","protected":false},"author":2,"featured_media":670395,"comment_status":"","ping_status":"","sticky":false,"template":"","format":"standard","meta":{"footnotes":"","_share_on_mastodon":"0"},"categories":[51608],"tags":[18386,3652,52076,52075,52077,52074,52078,42,38,40,39,41,52079,52080,52081],"class_list":["post-670394","post","type-post","status-publish","format-standard","has-post-thumbnail","category-lodz","tag-gdzie-ogladac","tag-lodz","tag-mecze-live","tag-mecze-na-zywo","tag-mecze-online","tag-mecze24","tag-meczyki","tag-pl","tag-poland","tag-polish","tag-polska","tag-polski","tag-transmisje-online","tag-transmisje-tv","tag-transmisje-za-darmo"],"share_on_mastodon":{"url":"https:\/\/pubeurope.com\/@pl\/117221973104216390","error":""},"_links":{"self":[{"href":"https:\/\/www.europesays.com\/pl\/wp-json\/wp\/v2\/posts\/670394","targetHints":{"allow":["GET"]}}],"collection":[{"href":"https:\/\/www.europesays.com\/pl\/wp-json\/wp\/v2\/posts"}],"about":[{"href":"https:\/\/www.europesays.com\/pl\/wp-json\/wp\/v2\/types\/post"}],"author":[{"embeddable":true,"href":"https:\/\/www.europesays.com\/pl\/wp-json\/wp\/v2\/users\/2"}],"replies":[{"embeddable":true,"href":"https:\/\/www.europesays.com\/pl\/wp-json\/wp\/v2\/comments?post=670394"}],"version-history":[{"count":0,"href":"https:\/\/www.europesays.com\/pl\/wp-json\/wp\/v2\/posts\/670394\/revisions"}],"wp:featuredmedia":[{"embeddable":true,"href":"https:\/\/www.europesays.com\/pl\/wp-json\/wp\/v2\/media\/670395"}],"wp:attachment":[{"href":"https:\/\/www.europesays.com\/pl\/wp-json\/wp\/v2\/media?parent=670394"}],"wp:term":[{"taxonomy":"category","embeddable":true,"href":"https:\/\/www.europesays.com\/pl\/wp-json\/wp\/v2\/categories?post=670394"},{"taxonomy":"post_tag","embeddable":true,"href":"https:\/\/www.europesays.com\/pl\/wp-json\/wp\/v2\/tags?post=670394"}],"curies":[{"name":"wp","href":"https:\/\/api.w.org\/{rel}","templated":true}]}}