{"id":670408,"date":"2026-09-06T03:40:24","date_gmt":"2026-09-06T03:40:24","guid":{"rendered":"https:\/\/www.europesays.com\/pl\/670408\/"},"modified":"2026-09-06T03:40:24","modified_gmt":"2026-09-06T03:40:24","slug":"vat-2027-r-czeka-na-podpis-prezydenta-co-sie-zmieni-dla-przedsiebiorcow","status":"publish","type":"post","link":"https:\/\/www.europesays.com\/pl\/670408\/","title":{"rendered":"VAT 2027 r. czeka na podpis prezydenta. Co si\u0119 zmieni dla przedsi\u0119biorc\u00f3w?"},"content":{"rendered":"<p data-section=\"detail-body\">Pos\u0142owie w pi\u0105tek przyj\u0119li wszystkie poprawki do nowelizacji ustawy o VAT (z 17 lipca 2026 r.) zg\u0142oszone przez Senat. Teraz ustawa trafi do podpisu prezydenta. Ma wej\u015b\u0107 w \u017cycie 1 stycznia 2027 r.<\/p>\n<p data-section=\"detail-body\">Gdy rok temu Ministerstwo Finans\u00f3w przedstawi\u0142o za\u0142o\u017cenia 25 zmian w VAT, eksperci m\u00f3wili, \u017ce jest to &#8222;mieszanka uproszcze\u0144 i niepokoj\u0105cych rozwi\u0105za\u0144&#8221;. Gdy nied\u0142ugo p\u00f3\u017aniej resort przedstawi\u0142 projekt nowelizacji, doradcy podatkowi wskazywali, \u017ce spowoduje on, \u017ce firmy b\u0119d\u0105 udowadnia\u0107, \u017ce <a href=\"https:\/\/businessinsider.com.pl\/prawo\/podatki\/projekt-zmian-w-vat-solidarna-odpowiedzialnosc-bedzie-rozszerzona\/mnfmvy0\" id=\"2f888042-1f86-4fdf-83b8-63bc7b9830e0\" rel=\"nofollow noopener\" target=\"_blank\">&#8222;nie s\u0105 wielb\u0142\u0105dem&#8221;<\/a>. Takie mia\u0142y by\u0107 efekty zmiany w solidarnej odpowiedzialno\u015bci i podzielonej p\u0142atno\u015bci (split payment). Zap\u0142ata w modelu podzielonej p\u0142atno\u015bci (split payment) mia\u0142a ju\u017c nie chroni\u0107 nabywcy przed solidarn\u0105 odpowiedzialno\u015bci\u0105 za VAT sprzedawcy. Innymi s\u0142owy, nawet je\u015bli sprzedawca oszuka\u0142 na VAT, to podatek mia\u0142 p\u0142aci\u0107 nabywca, st\u0105d alarmistyczny ton wypowiedzi ekspert\u00f3w.<\/p>\n<p data-section=\"detail-body\">W trakcie prac nad nowelizacj\u0105 w parlamencie uda\u0142o si\u0119 jednak obroni\u0107 split payment. Nadal zap\u0142ata t\u0105 metod\u0105 b\u0119dzie chroni\u0142a podatnik\u00f3w.<\/p>\n<p data-section=\"detail-body\">Kontrowersje budzi jednak rozszerzenie solidarnej odpowiedzialno\u015bci za VAT. \u2014 To jedna z wa\u017cniejszych zmian dla rynku us\u0142ug profesjonalnych w ostatnich latach \u2014 komentuje Dorota Pokrop, doradca podatkowy i partner w EY.<\/p>\n<p data-section=\"detail-body\">T\u0142umaczymy te\u017c, jakie uproszczenia dla podatnik\u00f3w niesie nowelizacja.<\/p>\n<p>            Czytaj tak\u017ce w BUSINESS INSIDER<\/p>\n<p>        Czy podzielona p\u0142atno\u015b\u0107 nadal b\u0119dzie chroni\u0142a nabywc\u00f3w?<\/p>\n<p class=\"article_p\" data-section=\"detail-body\">Przypomnijmy, \u017ce pierwotnie Ministerstwo Finans\u00f3w chcia\u0142o wy\u0142\u0105czy\u0107 ochron\u0119, jak\u0105 niesie split payment, poniewa\u017c resort wskazywa\u0142, \u017ce mechanizm nie jest ju\u017c skuteczny przy oszustwach VAT. Daje ochron\u0119 nabywcy, a sprzedawcy \u2014 oszu\u015bci wykorzystuj\u0105 pieni\u0105dze z konta VAT do op\u0142acenia fikcyjnych faktur.<\/p>\n<p class=\"article_p\" data-section=\"detail-body\">Dopiero Senat uzna\u0142, \u017ce zmniejszenie ochrony nabywc\u00f3w by\u0142oby nadmiernym rygoryzmem. A Sejm si\u0119 ostatecznie z tym zgodzi\u0142.<\/p>\n<p class=\"article_p\" data-section=\"detail-body\">Solidarna odpowiedzialno\u015b\u0107 b\u0119dzie wi\u0119c nadal wy\u0142\u0105czona w przypadku, gdy podatnik-nabywca zap\u0142aci za towar w mechanizmie podzielonej p\u0142atno\u015bci (split payment). W takim przypadku p\u0142atno\u015b\u0107 jest rozdzielana i trafia na dwa konta: kwota VAT trafia na rachunek VAT, do kt\u00f3rego podatnik ma ograniczony dost\u0119p, a pozosta\u0142a cz\u0119\u015b\u0107 na zwyk\u0142e konto przedsi\u0119biorcy. Co wi\u0119cej, dzi\u015b obowi\u0105zek stosowania split paymentu dotyczy tzw. towar\u00f3w wra\u017cliwych, wymienionych w za\u0142\u0105czniku nr 15 do ustawy o VAT, gdy kwota nale\u017cno\u015bci og\u00f3\u0142em przekracza 15 000 z\u0142.<\/p>\n<p>        Rozszerzenie solidarnej odpowiedzialno\u015bci za VAT <\/p>\n<p class=\"article_p\" data-section=\"detail-body\">Nowelizacja rozszerza jednak solidarn\u0105 odpowiedzialno\u015b\u0107 nabywcy za VAT m.in. na us\u0142ugi doradcze, zarz\u0105dcze, rachunkowo-ksi\u0119gowe, reklamowe czy badawcze (wskazane w nowym za\u0142\u0105czniku nr 16 do ustawy o VAT). Nabywca takich us\u0142ug b\u0119dzie odpowiada\u0142 za VAT sprzedawcy w dw\u00f3ch przypadkach:<\/p>\n<p class=\"article_p\" data-section=\"detail-body\">\u2014 gdy zakup us\u0142ug z za\u0142\u0105cznika przekroczy 15 tys. z\u0142 lub<\/p>\n<p class=\"article_p\" data-section=\"detail-body\">\u2014 gdy \u0142\u0105czna warto\u015b\u0107 takich us\u0142ug nabytych od jednego podmiotu w danym miesi\u0105cu bez kwoty podatku przekroczy 50 tys. z\u0142.<\/p>\n<p class=\"article_p\" data-section=\"detail-body\">Jak t\u0142umaczy Daniel Wi\u0119ckowski, doradca podatkowy i partner zarz\u0105dzaj\u0105cy LTCA, cho\u0107 nowelizacja niesie wiele rozwi\u0105za\u0144 korzystnych dla podatnik\u00f3w, to niestety ten pozytywny obraz psuje m.in. wprowadzenie za\u0142\u0105cznika nr 16. Jak m\u00f3wi Daniel Wi\u0119ckowski, pierwotnie projekt nowelizacji VAT zak\u0142ada\u0142, \u017ce odpowiedzialno\u015b\u0107 za VAT od zakupu us\u0142ug z za\u0142\u0105cznika nr 16 istnia\u0142aby ju\u017c od przys\u0142owiowej z\u0142ot\u00f3wki. Dobrze, \u017ce uda\u0142o si\u0119 te przepisy zmodyfikowa\u0107.<\/p>\n<p class=\"article_p\" data-section=\"detail-body\">W efekcie nabywca us\u0142ug m.in. doradczych i zarz\u0105dczych nie b\u0119dzie odpowiada\u0142 solidarnie za VAT sprzedawcy, je\u015bli zap\u0142aci za us\u0142ugi, stosuj\u0105c mechanizm podzielonej p\u0142atno\u015bci.<\/p>\n<p class=\"article_p\" data-section=\"detail-body\"> Us\u0142ugi wskazane w za\u0142\u0105czniku nr 16 to:<\/p>\n<ul class=\"article_ul\">\n<li class=\"article_ul_li\">us\u0142ugi zwi\u0105zane z oprogramowaniem<\/li>\n<li class=\"article_ul_li\">us\u0142ugi zwi\u0105zane z doradztwem w zakresie oprogramowania komputerowego<\/li>\n<li class=\"article_ul_li\">us\u0142ugi zarz\u0105dzania stronami internetowymi (hosting)<\/li>\n<li class=\"article_ul_li\">us\u0142ugi rachunkowo-ksi\u0119gowe<\/li>\n<li class=\"article_ul_li\">pozosta\u0142e us\u0142ugi doradztwa zwi\u0105zane z prowadzeniem dzia\u0142alno\u015bci gospodarczej i us\u0142ugi zarz\u0105dzania<\/li>\n<li class=\"article_ul_li\">us\u0142ugi doradcze w zakresie projekt\u00f3w architektoniczno-budowlanych<\/li>\n<li class=\"article_ul_li\">us\u0142ugi w zakresie bada\u0144 naukowych i prac rozwojowych<\/li>\n<li class=\"article_ul_li\">us\u0142ugi reklamowe<\/li>\n<li class=\"article_ul_li\">us\u0142ugi badania rynku i opinii publicznej<\/li>\n<li class=\"article_ul_li\">pozosta\u0142e us\u0142ugi profesjonalne, naukowe i techniczne, gdzie indziej niesklasyfikowane<\/li>\n<li class=\"article_ul_li\">us\u0142ugi zwi\u0105zane z zatrudnieniem<\/li>\n<li class=\"article_ul_li\">us\u0142ugi zwi\u0105zane z administracyjn\u0105 obs\u0142ug\u0105 biura i pozosta\u0142e us\u0142ugi wspomagaj\u0105ce prowadzenie dzia\u0142alno\u015bci gospodarczej.<\/li>\n<\/ul>\n<p>        Dochowanie nale\u017cytej staranno\u015bci b\u0119dzie jeszcze wa\u017cniejsze<\/p>\n<p class=\"article_p\" data-section=\"detail-body\">Jak m\u00f3wi Dorota Pokrop, zmiany zasady odpowiedzialno\u015bci solidarnej s\u0105 bardzo wa\u017cne dla rynku us\u0142ug profesjonalnych. \u2014 Dotychczas regulacje te by\u0142y kojarzone g\u0142\u00f3wnie z obrotem tzw. towarami wra\u017cliwymi. Od 2027 r. obejm\u0105 r\u00f3wnie\u017c szereg us\u0142ug, m.in. IT, ksi\u0119gowych, doradczych, reklamowych czy rekrutacyjnych. Dla przedsi\u0119biorc\u00f3w oznacza to przede wszystkim wzrost znaczenia procedur weryfikacji kontrahent\u00f3w \u2014 m\u00f3wi Dorota Pokrop. T\u0142umaczy, \u017ce je\u017celi organ podatkowy wyka\u017ce, \u017ce nabywca wiedzia\u0142 lub mia\u0142 uzasadnione podstawy przypuszcza\u0107, \u017ce sprzedawca nie odprowadzi VAT, b\u0119dzie m\u00f3g\u0142 poci\u0105gn\u0105\u0107 go do odpowiedzialno\u015bci za jego zaleg\u0142o\u015bci podatkowe.<\/p>\n<p class=\"article_p\" data-section=\"detail-body\">\u2014 Nowelizacja jednocze\u015bnie doprecyzowuje przes\u0142anki tej odpowiedzialno\u015bci, wskazuj\u0105c m.in. na nierynkowe warunki transakcji lub ceny odbiegaj\u0105ce od reali\u00f3w gospodarczych \u2014 wskazuje Dorota Pokrop. <\/p>\n<p class=\"article_p\" data-section=\"detail-body\">Jej zdaniem przedsi\u0119biorcy nie s\u0105 jednak pozbawieni narz\u0119dzi ochrony. <\/p>\n<p class=\"article_p\" data-section=\"detail-body\">\u2014 Kluczowe znaczenie nadal b\u0119dzie mia\u0142o dochowanie nale\u017cytej staranno\u015bci przy wyborze kontrahenta, odpowiednie udokumentowanie biznesowych powod\u00f3w zawarcia transakcji oraz stosowanie wewn\u0119trznych procedur podatkowych i zakupowych \u2014 m\u00f3wi Dorota Pokrop. Jednocze\u015bnie dodaje, \u017ce w\u0142a\u015bnie obszar nale\u017cytej staranno\u015bci mo\u017ce sta\u0107 si\u0119 jednym z najwi\u0119kszych wyzwa\u0144 praktycznych po wej\u015bciu w \u017cycie nowych przepis\u00f3w. \u2014 Ustawa pos\u0142uguje si\u0119 bowiem poj\u0119ciami ocennymi, takimi jak &#8222;uzasadnione podstawy do przypuszcze\u0144&#8221;, co oznacza, \u017ce samo sprawdzenie statusu VAT mo\u017ce nie wystarczy\u0107. Coraz wi\u0119kszego znaczenia nabior\u0105 wi\u0119c dobrze udokumentowane procedury compliance (rozlicze\u0144) \u2014 podkre\u015bla nasza rozm\u00f3wczyni.<\/p>\n<p>        Rola split payment wzro\u015bnie <\/p>\n<p class=\"article_p\" data-section=\"detail-body\">Daniel Wi\u0119ckowski dodaje, \u017ce po zmianach podatnicy b\u0119d\u0105 mieli wyb\u00f3r: albo dochowa\u0107 nale\u017cytej staranno\u015bci, co zawsze by\u0142o zmor\u0105 przedsi\u0119biorc\u00f3w, albo stosowa\u0107 split payment, kt\u00f3ry chroni przed solidarn\u0105 odpowiedzialno\u015bci\u0105 za VAT. <\/p>\n<p class=\"article_p\" data-section=\"detail-body\">Zdaniem eksperta nadal aktualne pozostaje te\u017c pytanie: dlaczego podatnicy maj\u0105 wprowadza\u0107 szczeg\u00f3lne zasady rozlicze\u0144 (np. dochowania nale\u017cytej staranno\u015bci), nabywaj\u0105c us\u0142ugi rachunkowo-ksi\u0119gowe czy zwi\u0105zane z oprogramowaniem. \u2014 To organy skarbowe dysponuj\u0105 obecnie niemal nieograniczonymi danymi na temat rozlicze\u0144 podatnik\u00f3w w Polsce (i to praktycznie w czasie rzeczywistym, dzi\u0119ki KSeF) \u2014 podkre\u015bla Daniel Wi\u0119ckowski.<\/p>\n<p class=\"article_p\" data-section=\"detail-body\">Zdaniem Doroty Pokrop, po zmianach praktyczna rola split paymentu mo\u017ce wzrosn\u0105\u0107. \u2014 Ustawa przewiduje wy\u0142\u0105czenie odpowiedzialno\u015bci solidarnej dla transakcji op\u0142aconych z wykorzystaniem mechanizmu podzielonej p\u0142atno\u015bci, z wyj\u0105tkiem szczeg\u00f3lnych przypadk\u00f3w zwi\u0105zanych z nadu\u017cyciem prawa. Oznacza to, \u017ce pozostanie on wa\u017cnym elementem ochrony nabywcy, cho\u0107 nie b\u0119dzie stanowi\u0142 pe\u0142nej gwarancji bezpiecze\u0144stwa w sytuacjach, gdy organ wyka\u017ce uczestnictwo podatnika w nierzetelnych lub sztucznych rozliczeniach VAT \u2014 zwraca uwag\u0119 ekspertka. <\/p>\n<p class=\"article_p\" data-section=\"detail-body\">Jak m\u00f3wi Dorota Pokrop, najbardziej odczuwalnym skutkiem tych zmian b\u0119dzie nie tylko szersze wykorzystanie mechanizmu split payment, ale przede wszystkim konieczno\u015b\u0107 przegl\u0105du procedur zakupowych i podatkowych przez przedsi\u0119biorc\u00f3w nabywaj\u0105cych us\u0142ugi niematerialne. Dla wielu firm ryzyko odpowiedzialno\u015bci solidarnej po raz pierwszy stanie si\u0119 bowiem realnym elementem procesu zakupowego.<\/p>\n<p>        Co jeszcze zmieni nowelizacja VAT od 2027 r.?<\/p>\n<p class=\"article_p\" data-section=\"detail-body\">Nowelizacja VAT przewiduje te\u017c wiele innych zmian, w tym:<\/p>\n<p class=\"article_p\" data-section=\"detail-body\">\u2014 wprowadzenie tzw. sk\u0142adu VAT, kt\u00f3ry ma upro\u015bci\u0107 rozliczenia i pob\u00f3r VAT dla podmiot\u00f3w prowadz\u0105cych dzia\u0142alno\u015b\u0107 w obszarze mi\u0119dzynarodowego obrotu towarowego,<\/p>\n<p class=\"article_p\" data-section=\"detail-body\">\u2014 modyfikacj\u0119 przepis\u00f3w dotycz\u0105cych wykre\u015blania podatnik\u00f3w z rejestru VAT. Nie b\u0119dzie tu ju\u017c automatyzmu (np. gdy podatnik przez pewien czas nie wykazuje sprzeda\u017cy opodatkowanej VAT)<\/p>\n<p class=\"article_p\" data-section=\"detail-body\">\u2014 mo\u017cliwo\u015b\u0107 sprawdzenia, czy kontrahent w momencie transakcji by\u0142 podatnikiem VAT. Podatnicy b\u0119d\u0105 mogli te\u017c sprawdzi\u0107 na tzw. bia\u0142ej li\u015bcie (w wykazie podatnik\u00f3w VAT), czy ich kontrahent w momencie transakcji by\u0142 podatnikiem VAT czynnym, maksymalnie do pi\u0119ciu lat wstecz<\/p>\n<p class=\"article_p\" data-section=\"detail-body\">\u2014 likwidacj\u0119 obowi\u0105zku zap\u0142aty VAT w ci\u0105gu 14 dni od wewn\u0105trzwsp\u00f3lnotowego nabycia \u015brodka transportu,<\/p>\n<p class=\"article_p\" data-section=\"detail-body\">\u2014 zmiana danych adresowych nie b\u0119dzie wymaga\u0142a sk\u0142adania aktualizacji VAT-R,<\/p>\n<p class=\"article_p\" data-section=\"detail-body\">\u2014 podatnik nie b\u0119dzie musia\u0142 sk\u0142ada\u0107 odr\u0119bnej informacji o dokonanym spisie z natury w przypadku likwidacji dzia\u0142alno\u015bci (informacje te i tak s\u0105 wykazywane w JPK_VAT),<\/p>\n<p class=\"article_p\" data-section=\"detail-body\">\u2014 podatnik nie b\u0119dzie musia\u0142 wskazywa\u0107 w JPK_VAT podstawy opodatkowania w przypadku nabycia towar\u00f3w i us\u0142ug korzystaj\u0105cych ze zwolnienia od podatku,<\/p>\n<p class=\"article_p\" data-section=\"detail-body\">\u2014 podatnik stosuj\u0105cy kas\u0119 fiskaln\u0105, kt\u00f3ry przestanie z niej korzysta\u0107, b\u0119dzie musia\u0142 z\u0142o\u017cy\u0107 w urz\u0119dzie skarbowym wniosek o wyrejestrowanie kasy,<\/p>\n<p class=\"article_p\" data-section=\"detail-body\">\u2014 podatnik, kt\u00f3ry b\u0119dzie chcia\u0142 skorzysta\u0107 ze zwrotu VAT w ramach systemu TAX FREE, b\u0119dzie m\u00f3g\u0142 dokonywa\u0107 tzw. e-odprawy w terminalu TAX FREE.<\/p>\n<p class=\"article_p\" data-section=\"detail-body\">Nowelizacja ma wej\u015b\u0107 w \u017cycie 1 stycznia 2027 r., o ile wcze\u015bniej podpisze j\u0105 prezydent Karol Nawrocki.<\/p>\n<p class=\"article_p\" data-section=\"detail-body\">Autor: \u0141ukasz Zalewski, dziennikarz Business Insider Polska, dzia\u0142 Prawo <\/p>\n","protected":false},"excerpt":{"rendered":"Pos\u0142owie w pi\u0105tek przyj\u0119li wszystkie poprawki do nowelizacji ustawy o VAT (z 17 lipca 2026 r.) zg\u0142oszone przez&hellip;\n","protected":false},"author":2,"featured_media":670409,"comment_status":"","ping_status":"","sticky":false,"template":"","format":"standard","meta":{"footnotes":"","_share_on_mastodon":"0"},"categories":[16],"tags":[113,112,42,38,40,39,41],"class_list":["post-670408","post","type-post","status-publish","format-standard","has-post-thumbnail","category-biznes","tag-biznes","tag-business","tag-pl","tag-poland","tag-polish","tag-polska","tag-polski"],"share_on_mastodon":{"url":"https:\/\/pubeurope.com\/@pl\/117222023307407643","error":""},"_links":{"self":[{"href":"https:\/\/www.europesays.com\/pl\/wp-json\/wp\/v2\/posts\/670408","targetHints":{"allow":["GET"]}}],"collection":[{"href":"https:\/\/www.europesays.com\/pl\/wp-json\/wp\/v2\/posts"}],"about":[{"href":"https:\/\/www.europesays.com\/pl\/wp-json\/wp\/v2\/types\/post"}],"author":[{"embeddable":true,"href":"https:\/\/www.europesays.com\/pl\/wp-json\/wp\/v2\/users\/2"}],"replies":[{"embeddable":true,"href":"https:\/\/www.europesays.com\/pl\/wp-json\/wp\/v2\/comments?post=670408"}],"version-history":[{"count":0,"href":"https:\/\/www.europesays.com\/pl\/wp-json\/wp\/v2\/posts\/670408\/revisions"}],"wp:featuredmedia":[{"embeddable":true,"href":"https:\/\/www.europesays.com\/pl\/wp-json\/wp\/v2\/media\/670409"}],"wp:attachment":[{"href":"https:\/\/www.europesays.com\/pl\/wp-json\/wp\/v2\/media?parent=670408"}],"wp:term":[{"taxonomy":"category","embeddable":true,"href":"https:\/\/www.europesays.com\/pl\/wp-json\/wp\/v2\/categories?post=670408"},{"taxonomy":"post_tag","embeddable":true,"href":"https:\/\/www.europesays.com\/pl\/wp-json\/wp\/v2\/tags?post=670408"}],"curies":[{"name":"wp","href":"https:\/\/api.w.org\/{rel}","templated":true}]}}