{"id":670420,"date":"2026-09-06T03:53:39","date_gmt":"2026-09-06T03:53:39","guid":{"rendered":"https:\/\/www.europesays.com\/pl\/670420\/"},"modified":"2026-09-06T03:53:39","modified_gmt":"2026-09-06T03:53:39","slug":"motor-lublin-legia-warszawa-raport-pilka-nozna-wynik-i-najlepsze-momenty","status":"publish","type":"post","link":"https:\/\/www.europesays.com\/pl\/670420\/","title":{"rendered":"Motor Lublin &#8211; Legia Warszawa &#8211; Raport &#8211; Pi\u0142ka no\u017cna &#8211; Wynik i najlepsze momenty"},"content":{"rendered":"<p>\u015aled\u017a na \u017cywo mecz Pi\u0142ka no\u017cna <a href=\"https:\/\/eurosport.tvn24.pl\/pilka-nozna\/pko-bp-ekstraklasa\/2026-2027\/\" rel=\"nofollow noopener\" target=\"_blank\">PKO BP Ekstraklasa 2026\/2027<\/a> pomi\u0119dzy <a href=\"https:\/\/eurosport.tvn24.pl\/pilka-nozna\/teams\/motor-lublin-1\/druzyna.shtml\" rel=\"nofollow noopener\" target=\"_blank\">Motor Lublin<\/a> i <a href=\"https:\/\/eurosport.tvn24.pl\/pilka-nozna\/teams\/legia-warszawa-2\/druzyna.shtml\" rel=\"nofollow noopener\" target=\"_blank\">Legia Warszawa<\/a> na Eurosport. Mecz rozpoczyna si\u0119 o 20:15 dnia 5 wrze\u015bnia 2026.<\/p>\n<p>B\u0105d\u017a na bie\u017c\u0105co z najnowszymi informacjami dotycz\u0105cymi dru\u017cyn <a href=\"https:\/\/eurosport.tvn24.pl\/pilka-nozna\/teams\/motor-lublin-1\/druzyna.shtml\" rel=\"nofollow noopener\" target=\"_blank\">Motor Lublin<\/a> i <a href=\"https:\/\/eurosport.tvn24.pl\/pilka-nozna\/teams\/legia-warszawa-2\/druzyna.shtml\" rel=\"nofollow noopener\" target=\"_blank\">Legia Warszawa<\/a>, sprawd\u017a aktualne <a href=\"https:\/\/eurosport.tvn24.pl\/pilka-nozna\/pko-bp-ekstraklasa\/2026-2027\/standing.shtml\" rel=\"nofollow noopener\" target=\"_blank\">, <a href=\"https:\/\/eurosport.tvn24.pl\/pilka-nozna\/pko-bp-ekstraklasa\/2026-2027\/calendar-result.shtml\" rel=\"nofollow noopener\" target=\"_blank\">, <a href=\"https:\/\/eurosport.tvn24.pl\/pilka-nozna\/pko-bp-ekstraklasa\/2026-2027\/standingperson.shtml\" rel=\"nofollow noopener\" target=\"_blank\"> oraz <a href=\"https:\/\/eurosport.tvn24.pl\/pilka-nozna\/pko-bp-ekstraklasa\/2026-2027\/palmares.shtml\" rel=\"nofollow noopener\" target=\"_blank\"> w <a href=\"https:\/\/eurosport.tvn24.pl\/pilka-nozna\/pko-bp-ekstraklasa\/2026-2027\/\" rel=\"nofollow noopener\" target=\"_blank\">PKO BP Ekstraklasa 2026\/2027<\/a>.<\/p>\n<p>Fani Pi\u0142ka no\u017cna mog\u0105 czyta\u0107 naj\u015bwie\u017csze nag\u0142\u00f3wki z wiadomo\u015bciami, wywiady, komentarze ekspert\u00f3w i ogl\u0105da\u0107 powt\u00f3rki. B\u0105d\u017a na bie\u017c\u0105co z tym, co dzieje si\u0119 w Premier League, Lidze Mistrz\u00f3w i innych rozgrywkach.<\/p>\n<p>Wybierz Eurosport jako swoje \u017ar\u00f3d\u0142o informacji sportowych online &#8211; od pi\u0142ki no\u017cnej, po tenis, kolarstwo, snooker i wiele wi\u0119cej. Ciesz si\u0119 najlepszymi zawodami sportowymi tej sezonu.<\/p>\n","protected":false},"excerpt":{"rendered":"\u015aled\u017a na \u017cywo mecz Pi\u0142ka no\u017cna PKO BP Ekstraklasa 2026\/2027 pomi\u0119dzy Motor Lublin i Legia Warszawa na Eurosport.&hellip;\n","protected":false},"author":2,"featured_media":670421,"comment_status":"","ping_status":"","sticky":false,"template":"","format":"standard","meta":{"footnotes":"","_share_on_mastodon":"0"},"categories":[51612],"tags":[1081,42,38,40,39,41],"class_list":["post-670420","post","type-post","status-publish","format-standard","has-post-thumbnail","category-lublin","tag-lublin","tag-pl","tag-poland","tag-polish","tag-polska","tag-polski"],"share_on_mastodon":{"url":"https:\/\/pubeurope.com\/@pl\/117222074222627461","error":""},"_links":{"self":[{"href":"https:\/\/www.europesays.com\/pl\/wp-json\/wp\/v2\/posts\/670420","targetHints":{"allow":["GET"]}}],"collection":[{"href":"https:\/\/www.europesays.com\/pl\/wp-json\/wp\/v2\/posts"}],"about":[{"href":"https:\/\/www.europesays.com\/pl\/wp-json\/wp\/v2\/types\/post"}],"author":[{"embeddable":true,"href":"https:\/\/www.europesays.com\/pl\/wp-json\/wp\/v2\/users\/2"}],"replies":[{"embeddable":true,"href":"https:\/\/www.europesays.com\/pl\/wp-json\/wp\/v2\/comments?post=670420"}],"version-history":[{"count":0,"href":"https:\/\/www.europesays.com\/pl\/wp-json\/wp\/v2\/posts\/670420\/revisions"}],"wp:featuredmedia":[{"embeddable":true,"href":"https:\/\/www.europesays.com\/pl\/wp-json\/wp\/v2\/media\/670421"}],"wp:attachment":[{"href":"https:\/\/www.europesays.com\/pl\/wp-json\/wp\/v2\/media?parent=670420"}],"wp:term":[{"taxonomy":"category","embeddable":true,"href":"https:\/\/www.europesays.com\/pl\/wp-json\/wp\/v2\/categories?post=670420"},{"taxonomy":"post_tag","embeddable":true,"href":"https:\/\/www.europesays.com\/pl\/wp-json\/wp\/v2\/tags?post=670420"}],"curies":[{"name":"wp","href":"https:\/\/api.w.org\/{rel}","templated":true}]}}