{"id":670428,"date":"2026-09-06T03:59:25","date_gmt":"2026-09-06T03:59:25","guid":{"rendered":"https:\/\/www.europesays.com\/pl\/670428\/"},"modified":"2026-09-06T03:59:25","modified_gmt":"2026-09-06T03:59:25","slug":"skrot-meczu-widzew-lodz-radomiak-radom-bramki-i-najciekawsze-momenty-05-09-2026","status":"publish","type":"post","link":"https:\/\/www.europesays.com\/pl\/670428\/","title":{"rendered":"Skr\u00f3t meczu Widzew \u0141\u00f3d\u017a &#8211; Radomiak Radom. Bramki i najciekawsze momenty (05.09.2026)"},"content":{"rendered":"<p><img alt=\"Obrazek newsa : Skr\u00f3t meczu Widzew \u0141\u00f3d\u017a - Radomiak Radom. Bramki i najciekawsze momenty (05.09.2026)\" loading=\"lazy\" width=\"1200\" height=\"800\" decoding=\"async\" data-nimg=\"1\" class=\"img-fluid rounded\" style=\"color:transparent\"  src=\"https:\/\/www.europesays.com\/pl\/wp-content\/uploads\/2026\/09\/1788667165_952_image.jpeg\"\/>Shutterstock\/brunocoelho<\/p>\n<p>Widzew \u0141\u00f3d\u017a zremisowa\u0142 bezbramkowo z Radomiakiem Radom, a poni\u017cej przedstawiamy skr\u00f3t meczu wideo. W materiale mo\u017cna zobaczy\u0107 najciekawsze akcje i najlepsze okazje bramkowe z tego spotkania. Mecz Widzew \u0141\u00f3d\u017a \u2013 Radomiak Radom rozegrano w sobot\u0119 5 wrze\u015bnia 2026 roku.<\/p>\n<p>Widzew \u0141\u00f3d\u017a &#8211; Radomiak Radom skr\u00f3t meczu<\/p>\n<p>Spotkanie Widzewa \u0141\u00f3d\u017a z Radomiakiem Radom zako\u0144czy\u0142o si\u0119 remisem 0:0.<\/p>\n<p>Wi\u0119cej informacji o meczu<\/p>\n<p>Widzew \u0141\u00f3d\u017a<\/p>\n<p>Wyj\u015bciowy sk\u0142ad: Bart\u0142omiej Dr\u0105gowski, Steve Kapuadi, Przemys\u0142aw Wi\u015bniewski, Mario Garc\u00eda, Marcel Krajewski, Giannis Papanikolaou, Fran \u00c1lvarez, Dani Silva, Stipe Biuk, Mariusz Fornalczyk, Karol \u015awiderski.<br \/>\nRezerwowi: Veljko Ili\u0107, Ricardo Visus, Mateusz \u017byro, Darian Males, Emil Kornvig, Lindon Selahi, Sebastian Bergier, Antoni Klukowski, Paulinho Boia.<\/p>\n<p>Radomiak Radom<\/p>\n<p>Wyj\u015bciowy sk\u0142ad: Filip Majchrowicz, Filip Koperski, Kryspin Szcz\u0119sniak, Jan Grzesik, Zi\u00e9 Ouattara, Christos Donis, Rafa\u0142 Wolski, Luquinhas, Ronaldo Afonso, Conrado, Guilherme Luiz.<br \/>\nRezerwowi: Bart\u0142omiej Gradecki, Steve Kingue, Oskar Markiewicz, Ibrahima, Kacper Karasek, Rom\u00e1rio Bar\u00f3, Manu, Fernand Gour\u00e9, Ch\u00e9 Nunnely, Abdoul Tapsoba.<\/p>\n<p>Zmiany:<\/p>\n<p>Widzew \u0141\u00f3d\u017a: Dani Silva (Emil Kornvig 46&#8242;), Mariusz Fornalczyk (Sebastian Bergier 75&#8242;), Stipe Biuk (Antoni Klukowski 94&#8242;).<br \/>\nRadomiak Radom: Conrado (Abdoul Tapsoba 20&#8242;), Abdoul Tapsoba (Ibrahima 75&#8242;), Guilherme Luiz (Fernand Gour\u00e9 76&#8242;), Ronaldo Afonso (Rom\u00e1rio Bar\u00f3 89&#8242;), Rafa\u0142 Wolski (Kacper Karasek 89&#8242;).<\/p>\n<p>\u017b\u00f3\u0142te kartki:<\/p>\n<p>Widzew \u0141\u00f3d\u017a: Marcel Krajewski 93&#8242;, Sebastian Bergier 84&#8242;, Fran \u00c1lvarez 71&#8242;, Przemys\u0142aw Wi\u015bniewski 60&#8242;.<br \/>\nRadomiak Radom: Rafa\u0142 Wolski 74&#8242;.<\/p>\n","protected":false},"excerpt":{"rendered":"Shutterstock\/brunocoelho Widzew \u0141\u00f3d\u017a zremisowa\u0142 bezbramkowo z Radomiakiem Radom, a poni\u017cej przedstawiamy skr\u00f3t meczu wideo. W materiale mo\u017cna zobaczy\u0107&hellip;\n","protected":false},"author":2,"featured_media":670429,"comment_status":"","ping_status":"","sticky":false,"template":"","format":"standard","meta":{"footnotes":"","_share_on_mastodon":"0"},"categories":[51608],"tags":[18386,3652,52076,52075,52077,52074,52078,42,38,40,39,41,52079,52080,52081],"class_list":["post-670428","post","type-post","status-publish","format-standard","has-post-thumbnail","category-lodz","tag-gdzie-ogladac","tag-lodz","tag-mecze-live","tag-mecze-na-zywo","tag-mecze-online","tag-mecze24","tag-meczyki","tag-pl","tag-poland","tag-polish","tag-polska","tag-polski","tag-transmisje-online","tag-transmisje-tv","tag-transmisje-za-darmo"],"share_on_mastodon":{"url":"https:\/\/pubeurope.com\/@pl\/117222098912213749","error":""},"_links":{"self":[{"href":"https:\/\/www.europesays.com\/pl\/wp-json\/wp\/v2\/posts\/670428","targetHints":{"allow":["GET"]}}],"collection":[{"href":"https:\/\/www.europesays.com\/pl\/wp-json\/wp\/v2\/posts"}],"about":[{"href":"https:\/\/www.europesays.com\/pl\/wp-json\/wp\/v2\/types\/post"}],"author":[{"embeddable":true,"href":"https:\/\/www.europesays.com\/pl\/wp-json\/wp\/v2\/users\/2"}],"replies":[{"embeddable":true,"href":"https:\/\/www.europesays.com\/pl\/wp-json\/wp\/v2\/comments?post=670428"}],"version-history":[{"count":0,"href":"https:\/\/www.europesays.com\/pl\/wp-json\/wp\/v2\/posts\/670428\/revisions"}],"wp:featuredmedia":[{"embeddable":true,"href":"https:\/\/www.europesays.com\/pl\/wp-json\/wp\/v2\/media\/670429"}],"wp:attachment":[{"href":"https:\/\/www.europesays.com\/pl\/wp-json\/wp\/v2\/media?parent=670428"}],"wp:term":[{"taxonomy":"category","embeddable":true,"href":"https:\/\/www.europesays.com\/pl\/wp-json\/wp\/v2\/categories?post=670428"},{"taxonomy":"post_tag","embeddable":true,"href":"https:\/\/www.europesays.com\/pl\/wp-json\/wp\/v2\/tags?post=670428"}],"curies":[{"name":"wp","href":"https:\/\/api.w.org\/{rel}","templated":true}]}}