{"id":670442,"date":"2026-09-06T04:12:26","date_gmt":"2026-09-06T04:12:26","guid":{"rendered":"https:\/\/www.europesays.com\/pl\/670442\/"},"modified":"2026-09-06T04:12:26","modified_gmt":"2026-09-06T04:12:26","slug":"czternasta-emerytura-w-2026-r-jednak-w-kwocie-wyzszej-niz-1-97849-zl-i-nie-tylko-dla-seniorow-zus-poinformowal-o-terminach-wyplat-a-co-z-kwota-swiadczenia","status":"publish","type":"post","link":"https:\/\/www.europesays.com\/pl\/670442\/","title":{"rendered":"Czternasta emerytura w 2026 r. jednak w kwocie wy\u017cszej ni\u017c 1 978,49 z\u0142 i nie tylko dla senior\u00f3w \u2013 ZUS poinformowa\u0142 o terminach wyp\u0142at, a co z kwot\u0105 \u015bwiadczenia?"},"content":{"rendered":"<p>ZUS poinformowa\u0142 o harmonogramie wyp\u0142at dodatkowego rocznego \u015bwiadczenia pieni\u0119\u017cnego, potocznie okre\u015blanego czternast\u0105 emerytur\u0105 lub po prostu czternastk\u0105, w 2026 r. \u015awiadczenie to przys\u0142uguje nie tylko seniorom, ale nawet osobom, kt\u00f3re uko\u0144czy\u0142y 18 rok \u017cycia, je\u017celi spe\u0142niaj\u0105 okre\u015blone warunki ustawowe do jej otrzymania. Nie zawsze czternasta emerytura odpowiada\u0107 b\u0119dzie kwocie najni\u017cszej, gwarantowanej ustawowo wysoko\u015bci emerytury. Mo\u017ce to by\u0107 kwota odpowiednio ni\u017csza, ale ustawodawca pozostawi\u0142 tak\u017ce \u201efurtk\u0119\u201d dla rz\u0105du do przyznania uprawnionym beneficjentom \u015bwiadczenia w kwocie wy\u017cszej. Jakiej czternastki nale\u017cy spodziewa\u0107 si\u0119 w 2026 r.?<\/p>\n<p>rozwi\u0144 &gt;<\/p>\n<p>Czternasta emerytura 2026 [czyli tzw. czternastka] \u2013 komu przys\u0142uguje dodatkowe \u015bwiadczenie i na jakiej podstawie nale\u017cy si\u0119 ono nie tylko seniorom?<\/p>\n<p>Dodatkowe roczne \u015bwiadczenie pieni\u0119\u017cne, bo tak potoczna \u201eczternastka\u201d okre\u015blana jest w ustawie z dnia 26 maja 2023 r. o kolejnym dodatkowym rocznym \u015bwiadczeniu pieni\u0119\u017cnym dla emeryt\u00f3w i rencist\u00f3w \u2013 przys\u0142uguje osobom, kt\u00f3re na ostatni dzie\u0144 miesi\u0105ca poprzedzaj\u0105cego miesi\u0105c wyp\u0142aty dodatkowego \u015bwiadczenia (kt\u00f3ry okre\u015blany jest rokrocznie przez Rad\u0119 Ministr\u00f3w w drodze rozporz\u0105dzenia i zgodnie z rozporz\u0105dzeniem Rady Ministr\u00f3w z dnia 10 sierpnia 2026 r. w sprawie okre\u015blenia miesi\u0105ca wyp\u0142aty kolejnego dodatkowego rocznego \u015bwiadczenia pieni\u0119\u017cnego dla emeryt\u00f3w i rencist\u00f3w w 2026 r. \u2013 podobnie jak w roku ubieg\u0142ym \u2013 jest nim wrzesie\u0144 2026, a zatem \u2013 omawiany warunek trzeba spe\u0142nia\u0107 na dzie\u0144 31 sierpnia 2026 r.) b\u0119d\u0105 mia\u0142y ustalone prawo do jednego ze \u015bwiadcze\u0144 emerytalno-rentowych, tj. m.in.:<\/p>\n<ul style=\"list-style-type: disc;\">\n<li value=\"1\">emerytury lub renty w systemie powszechnym,<\/li>\n<li value=\"2\">emerytury lub renty rolnik\u00f3w,<\/li>\n<li value=\"3\">emerytury lub renty s\u0142u\u017cb mundurowych,<\/li>\n<li value=\"4\">emerytury pomostowej,<\/li>\n<li value=\"5\">\u015bwiadczenia lub zasi\u0142ku przedemerytalnego,<\/li>\n<li value=\"6\">renty socjalnej,<\/li>\n<li value=\"7\">nauczycielskiego \u015bwiadczenia kompensacyjnego,<\/li>\n<li value=\"8\">rodzicielskiego \u015bwiadczenia uzupe\u0142niaj\u0105cego,<\/li>\n<li value=\"9\">renty inwalid\u00f3w wojennych i wojskowych.<\/li>\n<\/ul>\n<p>Co r\u00f3wnie\u017c istotne \u2013 ka\u017cdy uprawniony mo\u017ce otrzyma\u0107 tylko jedn\u0105 czternastk\u0119. W zwi\u0105zku z powy\u017cszym \u2013 w przypadku renty rodzinnej, kt\u00f3r\u0105 pobiera kilka os\u00f3b \u2013 dodatkowe roczne \u015bwiadczenie pieni\u0119\u017cne podlega podzia\u0142owi, po r\u00f3wno, pomi\u0119dzy wszystkich uprawnionych.<\/p>\n<p>Z powy\u017cszego zestawienia wynika, \u017ce czternasta emerytura przys\u0142uguje nie tylko seniorom, ale r\u00f3wnie\u017c osobom uprawnionym np. do renty z tytu\u0142u niezdolno\u015bci do pracy. Zgodnie z najnowszymi, opublikowanymi przez GUS danymi statystycznymi dot. emerytur i rent \u2013 w 2024 r. renty z tytu\u0142u niezdolno\u015bci do pracy wyp\u0142acono 705,86 tys. uprawnionym.1 W\u015br\u00f3d nich s\u0105 osoby w r\u00f3\u017cnym wieku, pocz\u0105wszy od os\u00f3b 18-letnich, kt\u00f3re r\u00f3wnie\u017c mog\u0105 ubiega\u0107 si\u0119 o przyznanie ww. renty i to nawet je\u017celi nie spe\u0142niaj\u0105 warunku dotycz\u0105cego wymaganego okresu sk\u0142adkowego i niesk\u0142adkowego, ale pod warunkiem, \u017ce:<\/p>\n<ul style=\"list-style-type: disc;\">\n<li value=\"1\">zosta\u0142y zg\u0142oszone do ubezpieczenia przed uko\u0144czeniem 18 lat albo<\/li>\n<li value=\"2\">w ci\u0105gu 6 miesi\u0119cy po uko\u0144czeniu nauki w szkole ponadpodstawowej, ponadgimnazjalnej lub w szkole wy\u017cszej oraz<\/li>\n<li value=\"3\">do dnia powstania niezdolno\u015bci do pracy mia\u0142y, bez przerwy lub z przerwami nieprzekraczaj\u0105cymi 6 miesi\u0119cy, okresy sk\u0142adkowe i niesk\u0142adkowe.<\/li>\n<\/ul>\n<p>Czternasta emerytura 2026 [czyli tzw. czternastka 2026] \u2013 w jaki spos\u00f3b MRPiPS uzasadnia wprowadzenie \u015bwiadczenia?<\/p>\n<p>Ministerstwo Rodziny i Polityki Spo\u0142ecznej, wypowiadaj\u0105c si\u0119 na temat trzynastych jak i czternastych emerytur, niejednokrotnie podkre\u015bla\u0142o, \u017ce \u2013 \u201ecelem dodatkowych rocznych \u015bwiadcze\u0144 pieni\u0119\u017cnych jest poprawa sytuacji materialnej emeryt\u00f3w i rencist\u00f3w, przede wszystkim tych znajduj\u0105cych si\u0119 w najtrudniejszej sytuacji. Dlatego te\u017c, ta forma pomocy wychodzi naprzeciw oczekiwaniom wi\u0119kszo\u015bci \u015bwiadczeniobiorc\u00f3w, stanowi\u0105c wsparcie finansowe szczeg\u00f3lnie znacz\u0105ce dla senior\u00f3w pobieraj\u0105cych ni\u017csze \u015bwiadczenia emerytalno-rentowe oraz os\u00f3b pobieraj\u0105cych m.in. \u015bwiadczenia przedemerytalne, renty socjalne czy rodzicielskie \u015bwiadczenia uzupe\u0142niaj\u0105ce.\u201d<\/p>\n<p>Kolejne dodatkowe roczne \u015bwiadczenie pieni\u0119\u017cne dla emeryt\u00f3w i rencist\u00f3w (czyli tzw. czternasta emerytura), od pocz\u0105tku jej wprowadzenia, mia\u0142a by\u0107 dzia\u0142aniem dora\u017anym, zastosowanym jednorazowo wy\u0142\u0105cznie w 2021 r. (zgodnie z ustaw\u0105 z dnia 21 stycznia 2021 r. o kolejnym w 2021 roku dodatkowym rocznym \u015bwiadczeniu pieni\u0119\u017cnym dla emeryt\u00f3w i rencist\u00f3w). Jednak\u017ce \u2013 z uwagi na wzrost cen towar\u00f3w i us\u0142ug konsumpcyjnych \u2013 podj\u0119to decyzj\u0119 o wyp\u0142acie tego \u015bwiadczenia r\u00f3wnie\u017c w 2022 r. (zgodnie z ustaw\u0105 z dnia 26 maja 2022 r. o kolejnym w 2022 roku dodatkowym rocznym \u015bwiadczeniu pieni\u0119\u017cnym dla emeryt\u00f3w i rencist\u00f3w). Od 2023 r. wyp\u0142ata czternastki jest coroczna (nie stanowi decyzji uznaniowej rz\u0105du), na podstawie ustawy z dnia 26 maja 2023 r. o kolejnym dodatkowym rocznym \u015bwiadczeniu pieni\u0119\u017cnym dla emeryt\u00f3w i rencist\u00f3w.<\/p>\n<p>Jednocze\u015bnie nale\u017cy wskaza\u0107, \u017ce ustawodawca maj\u0105c na uwadze fakt skierowania przedmiotowego \u015bwiadczenia do os\u00f3b najbardziej potrzebuj\u0105cych ustanowi\u0142 pr\u00f3g (na poziomie 2 900 z\u0142), do poziomu kt\u00f3rego kolejne dodatkowe roczne \u015bwiadczenie pieni\u0119\u017cne wyp\u0142acane jest w wysoko\u015bci najni\u017cszej emerytury. Chc\u0105c przyzna\u0107 to \u015bwiadczenie wi\u0119kszej grupie os\u00f3b wprowadzono jednak jednocze\u015bnie rozwi\u0105zanie, zgodnie z kt\u00f3rym \u2013 powy\u017cej wskazanego progu zastosowana zosta\u0142a zasada \u201ez\u0142ot\u00f3wka za z\u0142ot\u00f3wk\u0119\u201d.<\/p>\n<p>Dalszy ci\u0105g materia\u0142u pod wideo<\/p>\n<p>Czternasta emerytura 2026 [czyli tzw. czternastka 2026] \u2013 komu nie przys\u0142uguje \u015bwiadczenie, pomimo, \u017ce posiada status emeryta lub rencisty?<\/p>\n<p>Na czternast\u0105 emerytur\u0119 nie maj\u0105 natomiast co liczy\u0107 osoby, kt\u00f3re \u2013 na ostatni dzie\u0144 miesi\u0105ca poprzedzaj\u0105cego miesi\u0105c wyp\u0142aty dodatkowego \u015bwiadczenia (w 2026 r. jest to 31 sierpnia 2026 r.) \u2013 mia\u0142y zawieszone prawo do \u015bwiadczenia emerytalno-rentowego (od przys\u0142ugiwania kt\u00f3rego uzale\u017cnione jest prawo do czternastki), np. z tego powodu, \u017ce przekroczy\u0142y ustawowy pr\u00f3g dorabiania do emerytury lub renty.<\/p>\n<p>Prawo do emerytury, renty z tytu\u0142u niezdolno\u015bci do pracy oraz renty rodzinnej (je\u017celi jest do niej uprawniona tylko jedna osoba), ulega zawieszeniu (z wy\u0142\u0105czeniem ni\u017cej wymienionych wyj\u0105tk\u00f3w od powy\u017cszej zasady), w razie osi\u0105gania przychodu w kwocie wy\u017cszej ni\u017c 130% przeci\u0119tnego miesi\u0119cznego wynagrodzenia za kwarta\u0142 kalendarzowy, ostatnio og\u0142oszonego przez Prezesa GUS.<\/p>\n<p>Ww. kwota przychodu, kt\u00f3rej osi\u0105gni\u0119cie skutkuje zawieszeniem prawa do \u015bwiadczenia emerytalno-rentowego, og\u0142aszana jest w ka\u017cdym kwartale w Dzienniku Urz\u0119dowym Rzeczypospolitej Polskiej \u201eMonitor Polski\u201d przez Prezesa <a class=\"seoMapping\" href=\"https:\/\/kadry.infor.pl\/zus\/\" title=\"ZUS\" rel=\"nofollow noopener\" target=\"_blank\">ZUS<\/a>, w terminie do 14 dnia roboczego drugiego miesi\u0105ca ka\u017cdego kwarta\u0142u kalendarzowego, a ponadto \u2013 dla ca\u0142ego mijaj\u0105cego roku kalendarzowego \u2013 w terminie do 14 roboczego dnia listopada.<\/p>\n<p>Zgodnie z komunikatem Prezesa ZUS z dnia 14 maja 2026 r. w sprawie kwot przychodu odpowiadaj\u0105cych 70% i 130% przeci\u0119tnego miesi\u0119cznego wynagrodzenia og\u0142oszonego za I kwarta\u0142 2026 r. stosowanych przy zmniejszaniu albo zawieszaniu emerytur i rent \u2013 od 1 czerwca 2026 r. do 31 sierpnia 2026 r. \u2013 limit przychodu, powy\u017cej kt\u00f3rego \u015bwiadczenie emerytalno-rentowe ulega\u0142o zawieszeniu, wynosi\u0142 12 431,80 z\u0142 (kt\u00f3re stanowi\u0142o r\u00f3wnowarto\u015b\u0107 130% przeci\u0119tnego miesi\u0119cznego wynagrodzenia og\u0142oszonego za I kwarta\u0142 2026 r.).<\/p>\n<p>Od powy\u017cszej zasady, ustawodawca przewidzia\u0142 jednak pewne wyj\u0105tki. Prawo do emerytury lub odpowiednio \u2013 renty, nie ulegnie zawieszeniu (bez wzgl\u0119du na wysoko\u015b\u0107 osi\u0105ganych przychod\u00f3w), w przypadku:<\/p>\n<ol style=\"list-style-type: decimal;\">\n<li value=\"1\">emeryt\u00f3w, kt\u00f3rzy osi\u0105gn\u0119li wiek emerytalny 60 lat (w przypadku kobiet) lub 65 lat (w przypadku m\u0119\u017cczyzn), chyba, \u017ce osoba taka, kontynuuje zatrudnienie u pracodawcy, u kt\u00f3rego by\u0142a zatrudniona bezpo\u015brednio przed dniem nabycia prawa do emerytury \u2013 w\u00f3wczas prawo do pobierania przez ni\u0105 emerytury, ulegnie zawieszeniu bez wzgl\u0119du na wysoko\u015b\u0107 uzyskiwanego przychodu do czasu, a\u017c powy\u017cszy stosunek pracy zostanie rozwi\u0105zany i z\u0142o\u017cy ona wniosek o podj\u0119cie wyp\u0142aty emerytury,<\/li>\n<li value=\"2\">posiadania prawa do emerytury cz\u0119\u015bciowej,<\/li>\n<li value=\"3\">posiadania prawa do renty inwalidy wojennego z tytu\u0142u pobytu w obozie i w miejscach odosobnienia lub do renty rodzinnej po takim inwalidzie albo<\/li>\n<li value=\"4\">posiadania prawa do renty inwalidy wojskowego w zwi\u0105zku ze s\u0142u\u017cb\u0105 wojskow\u0105 lub renty rodzinnej po \u017co\u0142nierzu, kt\u00f3rego \u015bmier\u0107 mia\u0142a zwi\u0105zek ze s\u0142u\u017cb\u0105 wojskow\u0105.<\/li>\n<\/ol>\n<p>Co do zasady \u2013 emeryci, kt\u00f3rzy osi\u0105gn\u0119li powszechny wiek emerytalny, mog\u0105 wi\u0119c dorabia\u0107 bez ogranicze\u0144 i niezale\u017cnie od osi\u0105ganych przychod\u00f3w, a je\u017celi na ostatni dzie\u0144 miesi\u0105ca poprzedzaj\u0105cego miesi\u0105c wyp\u0142aty dodatkowego \u015bwiadczenia (tj. na dzie\u0144 31 sierpnia 2026 r.), mieli ustalone prawo do emerytury \u2013 otrzymaj\u0105 r\u00f3wnie\u017c czternastk\u0119.<\/p>\n<p>Czternasta emerytura 2026 [czyli tzw. czternastka 2026] \u2013 w jakiej wysoko\u015bci przys\u0142uguje \u015bwiadczenie i czy mo\u017ce ono zosta\u0107 przyznane w kwocie wy\u017cszej ni\u017c r\u00f3wnowarto\u015b\u0107 najni\u017cszej zagwarantowanej ustawowo emerytury?<\/p>\n<p>Czternasta emerytura w 2026 r. przys\u0142uguje:<\/p>\n<ul style=\"list-style-type: disc;\">\n<li value=\"1\">w kwocie odpowiadaj\u0105cej r\u00f3wnowarto\u015bci najni\u017cszej emerytury, czyli 1 978,49 z\u0142 brutto, je\u017celi wysoko\u015b\u0107 \u015bwiadczenia emerytalnego lub rentowego, kt\u00f3re przys\u0142ugiwa\u0142o na ostatni dzie\u0144 miesi\u0105ca poprzedzaj\u0105cego miesi\u0105c wyp\u0142aty dodatkowego \u015bwiadczenia (tj. na dzie\u0144 31 sierpnia 2026 r.) \u2013 nie przekracza\u0142o kwoty 2 900 z\u0142 (przed dokonaniem odlicze\u0144, potr\u0105ce\u0144 i zmniejsze\u0144) lub odpowiednio<\/li>\n<li value=\"2\">w kwocie pomniejszonej o kwot\u0119 r\u00f3\u017cnicy pomi\u0119dzy wysoko\u015bci\u0105 \u015bwiadczenia emerytalnego lub rentowego a kwot\u0105 2 900 z\u0142 (wed\u0142ug zasady \u201ez\u0142ot\u00f3wka za z\u0142ot\u00f3wk\u0119\u201d), je\u017celi wysoko\u015b\u0107 \u015bwiadczenia emerytalnego lub rentowego, kt\u00f3re przys\u0142ugiwa\u0142o na ostatni dzie\u0144 miesi\u0105ca poprzedzaj\u0105cego miesi\u0105c wyp\u0142aty dodatkowego \u015bwiadczenia (tj. na dzie\u0144 31 sierpnia 2026 r.) \u2013 przekracza\u0142o kwot\u0119 2 900 z\u0142 (przed dokonaniem odlicze\u0144, potr\u0105ce\u0144 i zmniejsze\u0144).<\/li>\n<\/ul>\n<p>Dla przyk\u0142adu \u2013 je\u017celi na ostatni dzie\u0144 miesi\u0105ca poprzedzaj\u0105cego miesi\u0105c wyp\u0142aty dodatkowego \u015bwiadczenia (tj. na dzie\u0144 31 sierpnia 2026 r.) przys\u0142ugiwa\u0142a emerytura w wysoko\u015bci 3 500 z\u0142 (przed dokonaniem odlicze\u0144, potr\u0105ce\u0144 i zmniejsze\u0144) \u2013 czternastka przys\u0142uguje w kwocie pomniejszonej o 600 z\u0142 (bo 3 500\u20132 900=600), czyli w kwocie 1 378,49 z\u0142 (bo 1 978,49\u2013600=1 378,49).<\/p>\n<p>Czternasta emerytura nie przys\u0142uguje jedynie w\u00f3wczas, je\u017celi wyliczona w powy\u017cszy spos\u00f3b kwota \u015bwiadczenia b\u0119dzie ni\u017csza ni\u017c 50 z\u0142. B\u0119dzie to mia\u0142o miejsce, w przypadku przys\u0142ugiwania \u015bwiadczenia emerytalno-rentowego (na ostatni dzie\u0144 miesi\u0105ca poprzedzaj\u0105cego miesi\u0105c wyp\u0142aty dodatkowego \u015bwiadczenia, tj. na dzie\u0144 31 sierpnia 2026 r.) w wysoko\u015bci przekraczaj\u0105cej 4 828,49 z\u0142 (przed dokonaniem odlicze\u0144, potr\u0105ce\u0144 i zmniejsze\u0144). Przy kwocie \u015bwiadczenia 4 828,49 z\u0142, z uwzgl\u0119dnieniem zasady \u201ez\u0142ot\u00f3wka za z\u0142ot\u00f3wk\u0119\u201d, przys\u0142uguje bowiem czternastka w wysoko\u015bci 50 z\u0142 (bo 4 828,49\u20132 900=1 928,49, a 1 978,49\u20131 928,49=50 z\u0142). Je\u017celi zatem wysoko\u015b\u0107 emerytury lub renty (na dzie\u0144 31 sierpnia 2026 r.) przekracza\u0142o ww. kwot\u0119 4 828,49 z\u0142 \u2013 wyliczona w powy\u017cszy spos\u00f3b kwota czternastki, zawsze b\u0119dzie wynosi\u0107 mniej ni\u017c 50 z\u0142, a zatem \u2013 \u015bwiadczenie nie zostanie wyp\u0142acone.<\/p>\n<p>Czy jest mo\u017cliwe, \u017ce czternasta emerytura w 2026 r. zostanie przyznana w kwocie wy\u017cszej ni\u017c r\u00f3wnowarto\u015b\u0107 najni\u017cszej emerytury? Co do zasady, mo\u017cliwo\u015b\u0107 ustalenia kwoty czternastej emerytury na poziomie wy\u017cszym ni\u017c r\u00f3wnowarto\u015b\u0107 najni\u017cszej emerytury \u2013 zosta\u0142a przewidziana przez ustawodawc\u0119 w art. 3 ust. 6 ustawy z dnia 26 maja 2023 r. o kolejnym dodatkowym rocznym \u015bwiadczeniu pieni\u0119\u017cnym dla emeryt\u00f3w i rencist\u00f3w, zgodnie z kt\u00f3rym \u2013 bior\u0105c pod uwag\u0119 aktualn\u0105 sytuacj\u0119 spo\u0142eczno-gospodarcz\u0105 oraz stan finans\u00f3w publicznych \u2013 Rada Ministr\u00f3w mo\u017ce okre\u015bli\u0107, w drodze rozporz\u0105dzenia, kwot\u0119 wy\u017csz\u0105 ni\u017c kwota najni\u017cszej emerytury, stosowan\u0105 do ustalenia wysoko\u015bci dodatkowego \u015bwiadczenia (tj. czternastej emerytury). Zgodnie z art. 3 ust. 7 ww. ustawy \u2013 rozporz\u0105dzenie podwy\u017cszaj\u0105ce kwot\u0119 czternastej emerytury, mo\u017ce zosta\u0107 wydane przez Rad\u0119 Ministr\u00f3w najp\u00f3\u017aniej do dnia 31 pa\u017adziernika 2026 r. Ju\u017c dzi\u015b wiemy jednak, \u017ce rz\u0105d nie wyda\u0142 takiego rozporz\u0105dzenia w 2026 r., a skoro wyp\u0142aty czternastek zosta\u0142y zaplanowane na wrzesie\u0144 br. \u2013 oczywistym jest, \u017ce zmiana kwoty \u015bwiadczenia nie zostanie r\u00f3wnie\u017c dokonana przez Rad\u0119 Ministr\u00f3w w pa\u017adzierniku br.<\/p>\n<p>Po raz ostatni rz\u0105d skorzysta\u0142 z powy\u017cszego uprawnienia do zwi\u0119kszenia kwoty dodatkowego rocznego \u015bwiadczenia pieni\u0119\u017cnego dla emeryt\u00f3w i rencist\u00f3w w roku 2023 (w ramach rozporz\u0105dzenia Rady Ministr\u00f3w z dnia 22 sierpnia 2023 r. w sprawie okre\u015blenia kwoty wy\u017cszej ni\u017c kwota najni\u017cszej emerytury stosowanej do ustalenia wysoko\u015bci kolejnego dodatkowego rocznego \u015bwiadczenia pieni\u0119\u017cnego dla emeryt\u00f3w i rencist\u00f3w w 2023 r.).<\/p>\n<p>W kontek\u015bcie kwoty czternastej emerytury, warto r\u00f3wnie\u017c nadmieni\u0107, \u017ce \u015bwiadczenie to jest wolne od wszelkich potr\u0105ce\u0144 i egzekucji, co oznacza \u017ce w polskim systemie prawnym kwoty dodatkowych rocznych \u015bwiadcze\u0144 pieni\u0119\u017cnych (gdy\u017c dotyczy to zar\u00f3wno czternastej, jak i trzynastej emerytury) s\u0105 wy\u0142\u0105czone spod post\u0119powania egzekucyjnego, w tym post\u0119powania egzekucyjnego w administracji, jak i s\u0105dowego post\u0119powania egzekucyjnego. Czternastej emerytury nie wlicza si\u0119 tak\u017ce do dochodu przy ubieganiu si\u0119 o pomoc spo\u0142eczn\u0105, alimenty czy o \u015bwiadczenie uzupe\u0142niaj\u0105ce dla os\u00f3b niezdolnych do samodzielnej egzystencji. Od czternastki odliczany jest wy\u0142\u0105cznie <a class=\"seoMapping\" href=\"https:\/\/kadry.infor.pl\/tematy\/podatek-dochodowy\/\" title=\"podatek dochodowy\" rel=\"nofollow noopener\" target=\"_blank\">podatek dochodowy<\/a> od os\u00f3b fizycznych oraz odprowadzana jest sk\u0142adka na ubezpieczenie zdrowotne.<\/p>\n<p>Czternasta <a class=\"seoMapping\" href=\"https:\/\/www.infor.pl\/prawo\/prawa-seniora\/emerytura\/\" title=\"emerytura\" rel=\"nofollow noopener\" target=\"_blank\">emerytura<\/a> 2026 [czyli tzw. czternastka 2026] \u2013 w jakim terminie \u015bwiadczenie trafi do emeryt\u00f3w i rencist\u00f3w? ZUS poinformowa\u0142 o harmonogramie wyp\u0142at<\/p>\n<p>Zgodnie z rozporz\u0105dzeniem Rady Ministr\u00f3w z dnia 10 sierpnia 2026 r. w sprawie okre\u015blenia miesi\u0105ca wyp\u0142aty kolejnego dodatkowego rocznego \u015bwiadczenia pieni\u0119\u017cnego dla emeryt\u00f3w i rencist\u00f3w w 2026 r. \u2013 w tym roku, podobnie jak w ubieg\u0142ym \u2013 czternaste <a class=\"seoMapping\" href=\"https:\/\/www.infor.pl\/prawo\/prawa-seniora\/emerytura\/\" title=\"emerytury\" rel=\"nofollow noopener\" target=\"_blank\">emerytury<\/a> zostan\u0105 wyp\u0142acone we wrze\u015bniu. <\/p>\n<p>Dodatkowe \u015bwiadczenie wyp\u0142acane jest uprawnionym beneficjentom przez ZUS razem z podstawowym \u015bwiadczeniem emerytalno-rentowym, czyli z emerytur\u0105 lub rent\u0105. Zgodnie z harmonogramem wyp\u0142at ZUS we wrze\u015bniu 2026 r. \u2013 pierwsze czternastki trafi\u0142y do emeryt\u00f3w i rencist\u00f3w ju\u017c 1 wrze\u015bnia br. Kolejne terminy to 6, 10, 15, 20 i 25 wrze\u015bnia. Osoby pobieraj\u0105ce \u015bwiadczenia przedemerytalne natomiast \u2013 otrzymaj\u0105 dodatkowe \u015bwiadczenie 1 pa\u017adziernika.<\/p>\n<p>Czternasta emerytura 2026 [czyli tzw. czternastka 2026] \u2013 czy trzeba wyst\u0105pi\u0107 z wnioskiem, aby otrzyma\u0107 \u015bwiadczenie?<\/p>\n<p>Czternasta emerytura wyp\u0142acana jest z urz\u0119du. Nie trzeba w tej sprawie sk\u0142ada\u0107 \u017cadnych wniosk\u00f3w. Do ka\u017cdego uprawnionego emeryta i rencisty zostanie natomiast wys\u0142ana decyzja o przyznaniu kolejnego dodatkowego rocznego \u015bwiadczenia pieni\u0119\u017cnego.<\/p>\n<p>1 GUS, Emerytury i <a class=\"seoMapping\" href=\"https:\/\/kadry.infor.pl\/tematy\/renty\/\" title=\"renty\" rel=\"nofollow noopener\" target=\"_blank\">renty<\/a> w 2024 r., <a class=\"seoMapping\" href=\"https:\/\/mojafirma.infor.pl\/tematy\/warszawa\/\" title=\"Warszawa\" rel=\"nofollow noopener\" target=\"_blank\">Warszawa<\/a> 2025<\/p>\n<p>Podstawa prawna:<\/p>\n<ul style=\"list-style-type: disc;\">\n<li value=\"1\">Ustawa z dnia 26 maja 2023 r. o kolejnym dodatkowym rocznym \u015bwiadczeniu pieni\u0119\u017cnym dla emeryt\u00f3w i rencist\u00f3w (t.j. Dz.U. z 2025 r., poz. 183)<\/li>\n<li value=\"2\">Rozporz\u0105dzenie Rady Ministr\u00f3w z dnia 10 sierpnia 2026 r. w sprawie okre\u015blenia miesi\u0105ca wyp\u0142aty kolejnego dodatkowego rocznego <a class=\"seoMapping\" href=\"https:\/\/samorzad.infor.pl\/tematy\/swiadczenia\/\" title=\"\u015bwiadczenia\" rel=\"nofollow noopener\" target=\"_blank\">\u015bwiadczenia<\/a> pieni\u0119\u017cnego dla emeryt\u00f3w i rencist\u00f3w w 2026 r. (Dz.U. z 2026 r., poz. 1092)<\/li>\n<li value=\"3\">Ustawa z dnia 26 lipca 1991 r. o podatku dochodowym od os\u00f3b fizycznych (t.j. Dz.U. z 2026 r., poz. 592 z p\u00f3\u017an. zm.)<\/li>\n<\/ul>\n","protected":false},"excerpt":{"rendered":"ZUS poinformowa\u0142 o harmonogramie wyp\u0142at dodatkowego rocznego \u015bwiadczenia pieni\u0119\u017cnego, potocznie okre\u015blanego czternast\u0105 emerytur\u0105 lub po prostu czternastk\u0105, w&hellip;\n","protected":false},"author":2,"featured_media":670443,"comment_status":"","ping_status":"","sticky":false,"template":"","format":"standard","meta":{"footnotes":"","_share_on_mastodon":"0"},"categories":[16],"tags":[113,112,27571,5698,4287,42,38,40,39,41,2058,3278,11540,660],"class_list":["post-670442","post","type-post","status-publish","format-standard","has-post-thumbnail","category-biznes","tag-biznes","tag-business","tag-czternasta-emerytura","tag-czternastka","tag-emerytury","tag-pl","tag-poland","tag-polish","tag-polska","tag-polski","tag-senior","tag-swiadczenie","tag-termin","tag-zus"],"share_on_mastodon":{"url":"https:\/\/pubeurope.com\/@pl\/117222148984619535","error":""},"_links":{"self":[{"href":"https:\/\/www.europesays.com\/pl\/wp-json\/wp\/v2\/posts\/670442","targetHints":{"allow":["GET"]}}],"collection":[{"href":"https:\/\/www.europesays.com\/pl\/wp-json\/wp\/v2\/posts"}],"about":[{"href":"https:\/\/www.europesays.com\/pl\/wp-json\/wp\/v2\/types\/post"}],"author":[{"embeddable":true,"href":"https:\/\/www.europesays.com\/pl\/wp-json\/wp\/v2\/users\/2"}],"replies":[{"embeddable":true,"href":"https:\/\/www.europesays.com\/pl\/wp-json\/wp\/v2\/comments?post=670442"}],"version-history":[{"count":0,"href":"https:\/\/www.europesays.com\/pl\/wp-json\/wp\/v2\/posts\/670442\/revisions"}],"wp:featuredmedia":[{"embeddable":true,"href":"https:\/\/www.europesays.com\/pl\/wp-json\/wp\/v2\/media\/670443"}],"wp:attachment":[{"href":"https:\/\/www.europesays.com\/pl\/wp-json\/wp\/v2\/media?parent=670442"}],"wp:term":[{"taxonomy":"category","embeddable":true,"href":"https:\/\/www.europesays.com\/pl\/wp-json\/wp\/v2\/categories?post=670442"},{"taxonomy":"post_tag","embeddable":true,"href":"https:\/\/www.europesays.com\/pl\/wp-json\/wp\/v2\/tags?post=670442"}],"curies":[{"name":"wp","href":"https:\/\/api.w.org\/{rel}","templated":true}]}}