{"id":670452,"date":"2026-09-06T04:24:17","date_gmt":"2026-09-06T04:24:17","guid":{"rendered":"https:\/\/www.europesays.com\/pl\/670452\/"},"modified":"2026-09-06T04:24:17","modified_gmt":"2026-09-06T04:24:17","slug":"przeglad-pogody-na-dzis-06-09-dla-bialegostoku-poznaj-wszystkie-szczegoly","status":"publish","type":"post","link":"https:\/\/www.europesays.com\/pl\/670452\/","title":{"rendered":"Przegl\u0105d pogody na dzi\u015b (06.09) dla Bia\u0142egostoku. Poznaj wszystkie szczeg\u00f3\u0142y"},"content":{"rendered":"<p><img decoding=\"async\" loading=\"eager\" fetchpriority=\"high\" class=\"atomsArticleGalleryImage__mainImg\" src=\"https:\/\/www.europesays.com\/pl\/wp-content\/uploads\/2026\/09\/1788668657_663_il20260623_969928115_medium.jpg\" alt=\"Czy dzisiaj w Bia&#x142;ymstoku zapanuje z&#x142;ota polska jesie&#x144;? Sprawd&#x17A; prognoz&#x119; pogody na niedziel&#x119;, 06.09\" width=\"1920\" height=\"1280\"\/><\/p>\n<p>\n        Czy dzisiaj w Bia\u0142ymstoku zapanuje z\u0142ota polska jesie\u0144? Sprawd\u017a prognoz\u0119 pogody na niedziel\u0119, 06.09<\/p>\n<p>          fot. Raimund Linke\/ Getty Images\n        <\/p>\n<p>Czy pogoda w Bia\u0142ymstoku b\u0119dzie dzisiaj przyjemna? Sprawd\u017a, jakie s\u0105 prognozy pogody na dzisiaj, a temperatura na zewn\u0105trz ci\u0119 nie zaskoczy. Zawsze przed wyj\u015bciem z domu sprawdzaj aktualn\u0105 prognoz\u0119 pogody dla Bia\u0142egostoku. Mo\u017cesz przypi\u0105\u0107 t\u0119 stron\u0119 do ulubionych i codziennie sprawdza\u0107, jaka b\u0119dzie dzisiaj (niedziela, 06.09) i w kolejnych dniach pogoda w Bia\u0142ymstoku.<\/p>\n","protected":false},"excerpt":{"rendered":"Czy dzisiaj w Bia\u0142ymstoku zapanuje z\u0142ota polska jesie\u0144? Sprawd\u017a prognoz\u0119 pogody na niedziel\u0119, 06.09 fot. Raimund Linke\/ Getty&hellip;\n","protected":false},"author":2,"featured_media":670453,"comment_status":"","ping_status":"","sticky":false,"template":"","format":"standard","meta":{"footnotes":"","_share_on_mastodon":"0"},"categories":[51614],"tags":[2151,101806,101807,42,38,40,39,41,1600],"class_list":["post-670452","post","type-post","status-publish","format-standard","has-post-thumbnail","category-bialystok","tag-bialystok","tag-meteo","tag-meteorologia","tag-pl","tag-poland","tag-polish","tag-polska","tag-polski","tag-prognoza-pogody"],"share_on_mastodon":{"url":"https:\/\/pubeurope.com\/@pl\/117222197213133268","error":""},"_links":{"self":[{"href":"https:\/\/www.europesays.com\/pl\/wp-json\/wp\/v2\/posts\/670452","targetHints":{"allow":["GET"]}}],"collection":[{"href":"https:\/\/www.europesays.com\/pl\/wp-json\/wp\/v2\/posts"}],"about":[{"href":"https:\/\/www.europesays.com\/pl\/wp-json\/wp\/v2\/types\/post"}],"author":[{"embeddable":true,"href":"https:\/\/www.europesays.com\/pl\/wp-json\/wp\/v2\/users\/2"}],"replies":[{"embeddable":true,"href":"https:\/\/www.europesays.com\/pl\/wp-json\/wp\/v2\/comments?post=670452"}],"version-history":[{"count":0,"href":"https:\/\/www.europesays.com\/pl\/wp-json\/wp\/v2\/posts\/670452\/revisions"}],"wp:featuredmedia":[{"embeddable":true,"href":"https:\/\/www.europesays.com\/pl\/wp-json\/wp\/v2\/media\/670453"}],"wp:attachment":[{"href":"https:\/\/www.europesays.com\/pl\/wp-json\/wp\/v2\/media?parent=670452"}],"wp:term":[{"taxonomy":"category","embeddable":true,"href":"https:\/\/www.europesays.com\/pl\/wp-json\/wp\/v2\/categories?post=670452"},{"taxonomy":"post_tag","embeddable":true,"href":"https:\/\/www.europesays.com\/pl\/wp-json\/wp\/v2\/tags?post=670452"}],"curies":[{"name":"wp","href":"https:\/\/api.w.org\/{rel}","templated":true}]}}