{"id":670456,"date":"2026-09-06T04:26:44","date_gmt":"2026-09-06T04:26:44","guid":{"rendered":"https:\/\/www.europesays.com\/pl\/670456\/"},"modified":"2026-09-06T04:26:44","modified_gmt":"2026-09-06T04:26:44","slug":"lublin-przyszedl-ze-szlifierka-wycial-przydrozny-krzyz-grozil-tez-dzieciom-zostal-zatrzymany","status":"publish","type":"post","link":"https:\/\/www.europesays.com\/pl\/670456\/","title":{"rendered":"Lublin: Przyszed\u0142 ze szlifierk\u0105, wyci\u0105\u0142 przydro\u017cny krzy\u017c, grozi\u0142 te\u017c dzieciom. Zosta\u0142 zatrzymany"},"content":{"rendered":"<p>Szlifierk\u0105 akumulatorow\u0105 wyci\u0105\u0142 metalowy krzy\u017c, a nast\u0119pnie mia\u0142 stwierdzi\u0107, \u017ce podobny los spotka wszystkie krzy\u017ce w okolicy. 27-latek zosta\u0142 ju\u017c zatrzymany przez policj\u0119. \u015awiadkowie twierdz\u0105 r\u00f3wnie\u017c, \u017ce m\u0119\u017cczyzna mia\u0142 grozi\u0107 mieszka\u0144com, w tym znajduj\u0105cym si\u0119 w pobli\u017cu dzieciom.<\/p>\n<p>    <img decoding=\"async\" src=\"https:\/\/www.europesays.com\/pl\/wp-content\/uploads\/2026\/09\/M2JkMjBhYlMrCTtZbRNvRmhRbwMrSmEQP0l3SG1ZfwJ6E3tdd0crWyYOPw8yB2NVOB49CzUYY0ImRCwaK0c7A2UPJBkyBCxLZQ4g.jpeg\" width=\"1200\" height=\"675\" loading=\"eager\" fetchpriority=\"high\" class=\"wp-media-image\" alt=\"Fot. Licencjodawca\"\/>Fot. Licencjodawca  <\/p>\n<p> Redakcja Lublin112.pl  <\/p>\n<p>5 wrze\u015bnia 2026, 19:372 komentarze  Udost\u0119pnij na Facebooku    Udost\u0119pnij na X   Udost\u0119pnij na WhatsApp   Kopiuj link <\/p>\n","protected":false},"excerpt":{"rendered":"Szlifierk\u0105 akumulatorow\u0105 wyci\u0105\u0142 metalowy krzy\u017c, a nast\u0119pnie mia\u0142 stwierdzi\u0107, \u017ce podobny los spotka wszystkie krzy\u017ce w okolicy. 27-latek&hellip;\n","protected":false},"author":2,"featured_media":670457,"comment_status":"","ping_status":"","sticky":false,"template":"","format":"standard","meta":{"footnotes":"","_share_on_mastodon":"0"},"categories":[51612],"tags":[1081,42,38,40,39,41],"class_list":["post-670456","post","type-post","status-publish","format-standard","has-post-thumbnail","category-lublin","tag-lublin","tag-pl","tag-poland","tag-polish","tag-polska","tag-polski"],"share_on_mastodon":{"url":"https:\/\/pubeurope.com\/@pl\/117222204997905352","error":""},"_links":{"self":[{"href":"https:\/\/www.europesays.com\/pl\/wp-json\/wp\/v2\/posts\/670456","targetHints":{"allow":["GET"]}}],"collection":[{"href":"https:\/\/www.europesays.com\/pl\/wp-json\/wp\/v2\/posts"}],"about":[{"href":"https:\/\/www.europesays.com\/pl\/wp-json\/wp\/v2\/types\/post"}],"author":[{"embeddable":true,"href":"https:\/\/www.europesays.com\/pl\/wp-json\/wp\/v2\/users\/2"}],"replies":[{"embeddable":true,"href":"https:\/\/www.europesays.com\/pl\/wp-json\/wp\/v2\/comments?post=670456"}],"version-history":[{"count":0,"href":"https:\/\/www.europesays.com\/pl\/wp-json\/wp\/v2\/posts\/670456\/revisions"}],"wp:featuredmedia":[{"embeddable":true,"href":"https:\/\/www.europesays.com\/pl\/wp-json\/wp\/v2\/media\/670457"}],"wp:attachment":[{"href":"https:\/\/www.europesays.com\/pl\/wp-json\/wp\/v2\/media?parent=670456"}],"wp:term":[{"taxonomy":"category","embeddable":true,"href":"https:\/\/www.europesays.com\/pl\/wp-json\/wp\/v2\/categories?post=670456"},{"taxonomy":"post_tag","embeddable":true,"href":"https:\/\/www.europesays.com\/pl\/wp-json\/wp\/v2\/tags?post=670456"}],"curies":[{"name":"wp","href":"https:\/\/api.w.org\/{rel}","templated":true}]}}