{"id":670480,"date":"2026-09-06T04:46:11","date_gmt":"2026-09-06T04:46:11","guid":{"rendered":"https:\/\/www.europesays.com\/pl\/670480\/"},"modified":"2026-09-06T04:46:11","modified_gmt":"2026-09-06T04:46:11","slug":"wyslannicy-trumpa-spotkali-sie-z-putinem-jest-komentarz-kremla","status":"publish","type":"post","link":"https:\/\/www.europesays.com\/pl\/670480\/","title":{"rendered":"Wys\u0142annicy Trumpa spotkali si\u0119 z Putinem. Jest komentarz Kremla"},"content":{"rendered":"<p>Doradca Kremla Jurij Uszakow przekaza\u0142 dziennikarzom szczeg\u00f3\u0142y <a href=\"https:\/\/wiadomosci.onet.pl\/swiat\/steve-witkoff-i-jared-kushner-spotkali-sie-z-wladimirem-putinem\/s9kr703\" id=\"e767c55e-1e5e-42bb-b200-c5d2f3b5da0f\" rel=\"nofollow noopener\" target=\"_blank\">sobotniej wizyty ameryka\u0144skich negocjator\u00f3w<\/a>. \u2014 Ameryka\u0144scy przedstawiciele skrupulatnie przygotowali si\u0119 do tej podr\u00f3\u017cy. Nie tylko potwierdzili swoje zwyczajowe zainteresowanie szybkim zako\u0144czeniem dzia\u0142a\u0144 wojennych, ale tak\u017ce przedstawili szereg pomys\u0142\u00f3w na mo\u017cliwe \u015bcie\u017cki doj\u015bcia do porozumienia \u2014 powiedzia\u0142 Uszakow.Dalszy ci\u0105g artyku\u0142u pod materia\u0142em wideo<\/p>\n<p>Przedstawiciel rosyjskich w\u0142adz podkre\u015bli\u0142 charakter przeprowadzonych negocjacji. \u2014 Rozmowa by\u0142a konstruktywna, niezwykle szczera i oparta na zaufaniu \u2014 doda\u0142.<\/p>\n<p><a href=\"https:\/\/www.onet.pl\/\" title=\"Strona G\u0142\u00f3wna\" aria-label=\"Strona G\u0142\u00f3wna\" data-astro-prefetch=\"tap\" class=\"ods-a-logo-main-desktop\" rel=\"nofollow noopener\" target=\"_blank\"><img src=\"https:\/\/cdn.wiadomosci.onet.pl\/img\/Logo_desktop_Onet.svg\" class=\"ods-a-logo-main-desktop__image\" alt=\"Logo\" width=\"107\" height=\"60\" fetchpriority=\"high\" decoding=\"sync\" style=\"height:60px\"\/><\/a><\/p>\n<p class=\"ods-m-google-article__text\">Czytaj nas cz\u0119\u015bciej w Google<\/p>\n<p><a href=\"https:\/\/google.com\/preferences\/source?q=wiadomosci.onet.pl\" target=\"_blank\" rel=\"noopener noreferrer nofollow\" aria-label=\"Dodaj w Google\" title=\"Dodaj w Google\" class=\"ods-a-button ods-a-button__primary ods-a-button__default ods-a-button-l\">Dodaj w Google<\/a>Doradca Putina komentuje misj\u0119 Amerykan\u00f3w<\/p>\n<p>Inny doradca Putina, Kiri\u0142\u0142 Dmitrijew, okre\u015bli\u0142 spotkanie mianem wa\u017cnego wydarzenia. Wizyt\u0119 ameryka\u0144skich wys\u0142annik\u00f3w w Moskwie nazwa\u0142 &#8222;wa\u017cn\u0105 wizyt\u0105 pokojow\u0105&#8221;. Dmitrijew, uczestnicz\u0105cy w trzygodzinnych rozmowach na Kremlu, zamie\u015bci\u0142 komentarz wraz ze zdj\u0119ciami na X. Fotografie przedstawiaj\u0105 po\u017cegnanie z negocjatorami na moskiewskim lotnisku Wnukowo.<\/p>\n<p>&#8222;Fronty Wojny&#8221;. Fala rosyjskich akt\u00f3w sabota\u017cu w Europie. &#8222;Musimy si\u0119 przygotowa\u0107 do realnej pr\u00f3by&#8221;<\/p>\n<p class=\"ods-o-frame-in-text__paragraph\"><a href=\"https:\/\/wiadomosci.onet.pl\/tylko-w-onecie\/fala-rosyjskich-atakow-w-europie-musimy-sie-przygotowac-do-realnej-proby\/wjss5jr?tpcc=202608_bloczek_newsroom\" id=\"e0ba3a0b-89ce-4300-b32f-8b741d5d0693\" rel=\"nofollow noopener\" target=\"_blank\">Pos\u0142uchaj podcastu Onetu!<\/a><\/p>\n<p><img class=\"ods-a-photo ods-a-photo--background\" src=\"https:\/\/www.europesays.com\/pl\/wp-content\/uploads\/2026\/09\/1788669971_979_bbmk9lBaHR0cHM6Ly9vY2RuLmV1L3B1bHNjbXMvTURBXy9hODM5M2VhMjNlMDVkMDI4NzUzNTJiMDY0NDgxNjg2MC5wbmeRlQLNA.jpeg\" height=\"253\" width=\"450\" alt=\"Po lewej: niemiecka policja przeszukuj\u0105ca samoch\u00f3d, kt\u00f3ry mo\u017ce by\u0107 powi\u0105zany z aktami sabota\u017cu w Niemczech; po prawej: prof. Dariusz Kozerawski\" loading=\"lazy\" fetchpriority=\"low\" decoding=\"async\"\/><a href=\"https:\/\/wiadomosci.onet.pl\/swiat\/wyslannicy-trumpa-leca-do-kijowa-przyniosa-propozycje-zakonczenia-wojny\/gk54m3w\" id=\"c0c706c8-c3ff-4a46-8d37-2f9dacd6af92\" rel=\"nofollow noopener\" target=\"_blank\">Witkoff i Kushner zamierzaj\u0105 kontynuowa\u0107 misj\u0119 w Kijowie<\/a>, gdzie w niedziel\u0119 planuj\u0105 rozmowy z prezydentem Ukrainy Wo\u0142odymyrem Ze\u0142enskim. Wys\u0142annicy Donalda Trumpa prowadz\u0105 negocjacje dotycz\u0105ce zako\u0144czenia konfliktu od 2025 r., jednak dotychczas nie odwiedzili ukrai\u0144skiej stolicy. W tym czasie wielokrotnie przebywali w Moskwie na spotkaniach z Putinem.<a href=\"https:\/\/wiadomosci.onet.pl\/swiat\/wladimir-putin-wydal-rozkaz-wstrzymania-ognia-rzecznik-kremla-potwierdza\/3vnh3ye\" id=\"5e203b5c-7d84-47ee-b856-954210c9aa4e\" rel=\"nofollow noopener\" target=\"_blank\">Przyw\u00f3dca Rosji zarz\u0105dzi\u0142 w sobot\u0119 trzydniowe zawieszenie uderze\u0144 na stolic\u0119 Ukrainy<\/a>. Decyzja ma obowi\u0105zywa\u0107 do poniedzia\u0142ku. Ze\u0142enski zapewni\u0142, \u017ce ukrai\u0144skie si\u0142y zachowaj\u0105 podobne ograniczenie wobec Moskwy, o ile strona rosyjska dotrzyma z\u0142o\u017conej deklaracji.<\/p>\n<p>Opracowanie:Patrycja Klimek<\/p>\n<p>Data utworzenia:6 wrze\u015bnia 2026, 01:13<\/p>\n","protected":false},"excerpt":{"rendered":"Doradca Kremla Jurij Uszakow przekaza\u0142 dziennikarzom szczeg\u00f3\u0142y sobotniej wizyty ameryka\u0144skich negocjator\u00f3w. \u2014 Ameryka\u0144scy przedstawiciele skrupulatnie przygotowali si\u0119 do&hellip;\n","protected":false},"author":2,"featured_media":670481,"comment_status":"","ping_status":"","sticky":false,"template":"","format":"standard","meta":{"footnotes":"","_share_on_mastodon":"0"},"categories":[14],"tags":[61195,32,33,27,76,25220,1709,34,35,28,31,48,25,46,40,41,87,47,11050,80,29,30,415,26,408,82,83,84],"class_list":["post-670480","post","type-post","status-publish","format-standard","has-post-thumbnail","category-swiat","tag-bottomfeed_styl","tag-breaking-news","tag-breakingnews","tag-headlines","tag-inwazja_rosji_na_ukraine","tag-jurij_uszakow","tag-kreml","tag-latest-news","tag-latestnews","tag-naglowki","tag-najwazniejsze-artykuly","tag-nat_styl","tag-news","tag-omp","tag-polish","tag-polski","tag-rosja","tag-screening_general","tag-steve_witkoff","tag-swiat","tag-top-stories","tag-topstories","tag-ukraina","tag-wiadomosci","tag-wladimir_putin","tag-world","tag-world-news","tag-worldnews"],"share_on_mastodon":{"url":"https:\/\/pubeurope.com\/@pl\/117222283892516638","error":""},"_links":{"self":[{"href":"https:\/\/www.europesays.com\/pl\/wp-json\/wp\/v2\/posts\/670480","targetHints":{"allow":["GET"]}}],"collection":[{"href":"https:\/\/www.europesays.com\/pl\/wp-json\/wp\/v2\/posts"}],"about":[{"href":"https:\/\/www.europesays.com\/pl\/wp-json\/wp\/v2\/types\/post"}],"author":[{"embeddable":true,"href":"https:\/\/www.europesays.com\/pl\/wp-json\/wp\/v2\/users\/2"}],"replies":[{"embeddable":true,"href":"https:\/\/www.europesays.com\/pl\/wp-json\/wp\/v2\/comments?post=670480"}],"version-history":[{"count":0,"href":"https:\/\/www.europesays.com\/pl\/wp-json\/wp\/v2\/posts\/670480\/revisions"}],"wp:featuredmedia":[{"embeddable":true,"href":"https:\/\/www.europesays.com\/pl\/wp-json\/wp\/v2\/media\/670481"}],"wp:attachment":[{"href":"https:\/\/www.europesays.com\/pl\/wp-json\/wp\/v2\/media?parent=670480"}],"wp:term":[{"taxonomy":"category","embeddable":true,"href":"https:\/\/www.europesays.com\/pl\/wp-json\/wp\/v2\/categories?post=670480"},{"taxonomy":"post_tag","embeddable":true,"href":"https:\/\/www.europesays.com\/pl\/wp-json\/wp\/v2\/tags?post=670480"}],"curies":[{"name":"wp","href":"https:\/\/api.w.org\/{rel}","templated":true}]}}