{"id":670490,"date":"2026-09-06T04:54:19","date_gmt":"2026-09-06T04:54:19","guid":{"rendered":"https:\/\/www.europesays.com\/pl\/670490\/"},"modified":"2026-09-06T04:54:19","modified_gmt":"2026-09-06T04:54:19","slug":"ligowa-klasyfikacja-kanadyjska-po-zaleglym-meczu-5-kolejki-pko-bp-ekstraklasy-2026-2027-w-ofensywie-janicki","status":"publish","type":"post","link":"https:\/\/www.europesays.com\/pl\/670490\/","title":{"rendered":"Ligowa Klasyfikacja Kanadyjska po zaleg\u0142ym meczu 5. kolejki PKO BP Ekstraklasy 2026\/2027: W ofensywie \u2013 JANICKI"},"content":{"rendered":"<p>&#13;<br \/>\n        &#13;<br \/>\n&#13;<br \/>\n        &#13;<\/p>\n<p><a href=\"https:\/\/www.europesays.com\/pl\/wp-content\/uploads\/2026\/09\/rakow_gornik-27.jpg\"><img fetchpriority=\"high\" decoding=\"async\" class=\"aligncenter size-full wp-image-272649\" src=\"https:\/\/www.europesays.com\/pl\/wp-content\/uploads\/2026\/09\/rakow_gornik-27.jpg\" alt=\"\" width=\"2000\" height=\"1333\"  \/><\/a>W czwartek 3.09 G\u00f3rnik rozegra\u0142 zaleg\u0142e, wyjazdowe spotkanie 5. kolejki PKO BP Ekstraklasy z Rakowem Cz\u0119stochowa. Zabrzanie pokonali rywali 2:1 po dw\u00f3ch bramkach w 1. po\u0142owie.<\/p>\n<p>W meczy rozgrywanym w Cz\u0119stochowie G\u00f3rnik bardzo szybko otworzy\u0142 wynik. Ju\u017c w 6. minucie spotkania po d\u0142ugim podaniu Kacpra Urba\u0144skiego, pi\u0142k\u0119 g\u0142ow\u0105 zgra\u0142 Rafa\u0142 Janicki, Futbol\u00f3wka trafi\u0142a pod nogi niepilnowanego Janisa Antiste, kt\u00f3ry pewnie skierowa\u0142 j\u0105 do siatki. Bramk\u0119 na 2:0 G\u00f3rnik zdoby\u0142 w 34. minucie. Pi\u0142k\u0119 z rzutu wolnego do\u015brodkowa\u0142 Erik Jan\u017ca. Tu\u017c przed bramk\u0105 zdo\u0142a\u0142 j\u0105 jeszcze tr\u0105ci\u0107 Rafa\u0142 Janicki myl\u0105c tym samym bramkarza Cz\u0119stochowian. Tym samym defensor G\u00f3rnika do asysty w tym meczu do\u0142o\u017cy\u0142 r\u00f3wnie\u017c bramk\u0119. Po przerwie, w 51. minucie gro\u017anym strza\u0142em popisa\u0142 si\u0119 Yvan Ikia Dimi jednak pi\u0142ka minimalnie min\u0119\u0142a bramk\u0119 gospodarzy. W 67. minucie gospodarzy uratowa\u0142 Fran Tudor, kt\u00f3ry niemal z linii bramkowej wybija\u0142 pi\u0142k\u0119 po strzale g\u0142ow\u0105 Josemy. W 73. minucie niezwykle blisko podwy\u017cszenia prowadzenia by\u0142 Kacper Urba\u0144ski, jednak pi\u0142ka po jego strzale trafi\u0142a w s\u0142upek. Co prawda nieceln\u0105 pr\u00f3b\u0119 dobicia pi\u0142ki podj\u0105\u0142 Janis Antiste, jednak nawet w przypadku celnego uderzenia, napastnik G\u00f3rnika znajdowa\u0142 si\u0119 na spalonym. W 79. minucie golem kontaktowym odpowiedzieli gospodarze. Mahir Emreli dobi\u0142 pi\u0142k\u0119, kt\u00f3ra odbi\u0142a si\u0119 wcze\u015bniej od poprzeczki, ustalaj\u0105c tym samym wynik spotkania.<\/p>\n<p>Rak\u00f3w Cz\u0119stochowa- G\u00f3rnik Zabrze 1:2<br \/>0:1 &#8211; Antiste 6&#8242; as. Janicki<br \/>0:2 &#8211; Janicki 34&#8242; as. Jan\u017ca<br \/>1:2 &#8211; Emreli 79&#8242; as. Janicki<\/p>\n<p><a href=\"https:\/\/www.europesays.com\/pl\/wp-content\/uploads\/2026\/09\/rakow_gornik-24.jpg\"><img loading=\"lazy\" decoding=\"async\" class=\"aligncenter size-full wp-image-272647\" src=\"https:\/\/www.europesays.com\/pl\/wp-content\/uploads\/2026\/09\/rakow_gornik-24.jpg\" alt=\"\" width=\"2000\" height=\"1333\"  \/><\/a><\/p>\n<p>Strzelcy:<\/p>\n<p>Peter Federico Gonz\u00e1lez<br \/>\n2<\/p>\n<p>Kacper Urba\u0144ski<br \/>\n2<\/p>\n<p>Yvan Ikia Dimi<br \/>\n1<\/p>\n<p>Maksym Ch\u0142a\u0144<br \/>\n1<\/p>\n<p>Lukas Sadilek<br \/>\n1<\/p>\n<p>Josema<br \/>\n1<\/p>\n<p>Janis Antiste<br \/>\n1<\/p>\n<p>Rafaj Janicki<br \/>\n1<\/p>\n<p>Asystenci:<\/p>\n<p>Rafaj Janicki<br \/>\n2<\/p>\n<p>Josema<br \/>\n1<\/p>\n<p>Erik Jan\u017ca<br \/>\n1<\/p>\n<p>\u00a0<\/p>\n<p><a href=\"https:\/\/www.europesays.com\/pl\/wp-content\/uploads\/2026\/09\/rakow_gornik-14.jpg\"><img loading=\"lazy\" decoding=\"async\" class=\"aligncenter size-full wp-image-272644\" src=\"https:\/\/www.europesays.com\/pl\/wp-content\/uploads\/2026\/09\/rakow_gornik-14.jpg\" alt=\"\" width=\"2000\" height=\"1333\"  \/><\/a>Klasyfikacja kanadyjska:<\/p>\n<p>Rafa\u0142 Janicki<br \/>\n3 (1+2)<\/p>\n<p>Peter Federico Gonz\u00e1lez<br \/>\n2 (2+0)<\/p>\n<p>Josema<br \/>\n2 (1+1)<\/p>\n<p>Yvan Ikia Dimi<br \/>\n1 (1+0)<\/p>\n<p>Kacper Urba\u0144ski<br \/>\n1 (1+0)<\/p>\n<p>Maksym Ch\u0142a\u0144<br \/>\n1 (1+0)<\/p>\n<p>Lukas Sadilek<br \/>\n1 (1+0)<\/p>\n<p>Janis Antiste<br \/>\n1 (1+0)<\/p>\n<p>Erik Jan\u017ca<br \/>\n1 (0+1)<\/p>\n<p>\u0179r\u00f3d\u0142o: Roosevelta81.pl \/ sofascore.com \/ ekstraklasa.org<br \/>Foto: Roosevelta81.pl \/<\/p>\n<p>        &#13;<br \/>\n&#13;<br \/>\n        &#13;<br \/>\n                        &#13;<br \/>\n            &#13;<br \/>\n&#13;<br \/>\n                                                        &#13;<br \/>\n&#13;<\/p>\n","protected":false},"excerpt":{"rendered":"&#13; &#13; &#13; &#13; W czwartek 3.09 G\u00f3rnik rozegra\u0142 zaleg\u0142e, wyjazdowe spotkanie 5. kolejki PKO BP Ekstraklasy z&hellip;\n","protected":false},"author":2,"featured_media":670491,"comment_status":"","ping_status":"","sticky":false,"template":"","format":"standard","meta":{"footnotes":"","_share_on_mastodon":"0"},"categories":[52122],"tags":[6010,752,42,38,40,39,41],"class_list":["post-670490","post","type-post","status-publish","format-standard","has-post-thumbnail","category-pko-bank-polski","tag-pko-bank-polski","tag-pko-bp","tag-pl","tag-poland","tag-polish","tag-polska","tag-polski"],"share_on_mastodon":{"url":"https:\/\/pubeurope.com\/@pl\/117222315382434523","error":""},"_links":{"self":[{"href":"https:\/\/www.europesays.com\/pl\/wp-json\/wp\/v2\/posts\/670490","targetHints":{"allow":["GET"]}}],"collection":[{"href":"https:\/\/www.europesays.com\/pl\/wp-json\/wp\/v2\/posts"}],"about":[{"href":"https:\/\/www.europesays.com\/pl\/wp-json\/wp\/v2\/types\/post"}],"author":[{"embeddable":true,"href":"https:\/\/www.europesays.com\/pl\/wp-json\/wp\/v2\/users\/2"}],"replies":[{"embeddable":true,"href":"https:\/\/www.europesays.com\/pl\/wp-json\/wp\/v2\/comments?post=670490"}],"version-history":[{"count":0,"href":"https:\/\/www.europesays.com\/pl\/wp-json\/wp\/v2\/posts\/670490\/revisions"}],"wp:featuredmedia":[{"embeddable":true,"href":"https:\/\/www.europesays.com\/pl\/wp-json\/wp\/v2\/media\/670491"}],"wp:attachment":[{"href":"https:\/\/www.europesays.com\/pl\/wp-json\/wp\/v2\/media?parent=670490"}],"wp:term":[{"taxonomy":"category","embeddable":true,"href":"https:\/\/www.europesays.com\/pl\/wp-json\/wp\/v2\/categories?post=670490"},{"taxonomy":"post_tag","embeddable":true,"href":"https:\/\/www.europesays.com\/pl\/wp-json\/wp\/v2\/tags?post=670490"}],"curies":[{"name":"wp","href":"https:\/\/api.w.org\/{rel}","templated":true}]}}