{"id":670496,"date":"2026-09-06T04:58:48","date_gmt":"2026-09-06T04:58:48","guid":{"rendered":"https:\/\/www.europesays.com\/pl\/670496\/"},"modified":"2026-09-06T04:58:48","modified_gmt":"2026-09-06T04:58:48","slug":"przyszedl-ze-szlifierka-wycial-przydrozny-krzyz-grozil-tez-dzieciom-zostal-zatrzymany","status":"publish","type":"post","link":"https:\/\/www.europesays.com\/pl\/670496\/","title":{"rendered":"Przyszed\u0142 ze szlifierk\u0105, wyci\u0105\u0142 przydro\u017cny krzy\u017c, grozi\u0142 te\u017c dzieciom. Zosta\u0142 zatrzymany"},"content":{"rendered":"<p>Do zdarzenia dosz\u0142o w sobotnie popo\u0142udnie przy ul. Grodzickiego w Lublinie. Po po\u0142udniu jeden z okolicznych mieszka\u0144c\u00f3w podszed\u0142 pod znajduj\u0105cy si\u0119 nieopodal metalowy krzy\u017c i za pomoc\u0105 szlifierki akumulatorowej go wyci\u0105\u0142. Zdewastowa\u0142 te\u017c znajduj\u0105ce si\u0119 na nim elementy.<\/p>\n<p>\u015awiadkowie zaalarmowali o wszystkim policj\u0119. W mi\u0119dzyczasie m\u0119\u017cczyzna oddali\u0142 si\u0119, twierdz\u0105c, i\u017c podobny los spotka wszystkie krzy\u017ce w ca\u0142ej okolicy. Funkcjonariusze zatrzymali go, jak jecha\u0142 rowerem.<\/p>\n<p>\u2013 Mia\u0142 b\u0142\u0119dny wzrok, wida\u0107 by\u0142o, \u017ce musia\u0142 by\u0107 na\u0107pany. Jak m\u00f3wili s\u0105siedzi, goni\u0142 te\u017c z t\u0105 szlifierk\u0105 kobiet\u0119, kt\u00f3ra chcia\u0142a mu przeszkodzi\u0107. Grozi\u0142 te\u017c, \u017ce ukrzy\u017cuje mieszkaj\u0105ce nieopodal dzieci \u2013 m\u00f3wi nam jedna z mieszkaj\u0105cych w pobli\u017cu os\u00f3b.<\/p>\n<p>Jak wst\u0119pnie uda\u0142o nam si\u0119 ustali\u0107, m\u0119\u017cczy\u017anie nie spodoba\u0142o si\u0119, \u017ce kapliczka zosta\u0142a przyozdobiona kwiatami. Wiadomo ju\u017c, \u017ce z zatrzymanym 27-latkiem jest utrudniony logiczny kontakt. Obecnie funkcjonariusze prowadz\u0105 czynno\u015bci wyja\u015bniaj\u0105ce.<\/p>\n<p>Za zniewa\u017cenie miejsca przeznaczonego do publicznego wykonywania obrz\u0119d\u00f3w religijnych grozi kara do 2 lat pozbawienia wolno\u015bci.<\/p>\n<p>    Galeria zdj\u0119\u0107<\/p>\n<p>                                    <img decoding=\"async\" class=\"gallery-item\" src=\"https:\/\/www.europesays.com\/pl\/wp-content\/uploads\/2026\/09\/medium-144f7.jpg\" loading=\"lazy\" width=\"2048\" height=\"1536\"\/><\/p>\n<p>            Zdj\u0119cie 1 z 5<\/p>\n<p>                                    <img decoding=\"async\" class=\"gallery-item\" src=\"https:\/\/www.europesays.com\/pl\/wp-content\/uploads\/2026\/09\/medium-144f5.jpg\" loading=\"lazy\" width=\"2048\" height=\"1536\"\/><\/p>\n<p>            Zdj\u0119cie 2 z 5<\/p>\n<p>                                    <img decoding=\"async\" class=\"gallery-item\" src=\"https:\/\/www.europesays.com\/pl\/wp-content\/uploads\/2026\/09\/medium-144f6.jpg\" loading=\"lazy\" width=\"1536\" height=\"2048\"\/><\/p>\n<p>            Zdj\u0119cie 3 z 5<\/p>\n<p>                                    <img decoding=\"async\" class=\"gallery-item\" src=\"https:\/\/www.europesays.com\/pl\/wp-content\/uploads\/2026\/09\/medium-144f4.jpg\" loading=\"lazy\" width=\"2048\" height=\"1536\"\/><\/p>\n<p>            Zdj\u0119cie 4 z 5<\/p>\n<p>                                    <img decoding=\"async\" class=\"gallery-item\" src=\"https:\/\/www.europesays.com\/pl\/wp-content\/uploads\/2026\/09\/medium-144f3.jpg\" loading=\"lazy\" width=\"2048\" height=\"1536\"\/><\/p>\n<p>            Zdj\u0119cie 5 z 5<\/p>\n<p>\n                                    <a href=\"https:\/\/www.google.com\/preferences\/source?q=lublin112.pl\" target=\"_blank\" rel=\"noopener noreferrer nofollow\" onclick=\"if (!window.__cfRLUnblockHandlers) return false; gtag(&#039;event&#039;, &#039;google_preferred_source_click&#039;, {&#010;                                           &#039;link_url&#039;: this.href,&#010;                                           &#039;link_text&#039;: &#039;Ustaw lublin112.pl jako preferowane \u017ar\u00f3d\u0142o&#039;&#010;                                       });\" style=\"text-align:center;display:block;\" data-cf-modified-b774219780ea326405addf95-=\"\"><br \/>\n                                        <img decoding=\"async\" src=\"https:\/\/www.europesays.com\/pl\/wp-content\/uploads\/2026\/09\/1788670728_153_lublin112-google-source.webp\" alt=\"Ustaw lublin112.pl jako preferowane \u017ar\u00f3d\u0142o w Google\" style=\"max-width: 70%;\"\/><br \/>\n                                    <\/a><br \/>\n                                    <\/p>\n","protected":false},"excerpt":{"rendered":"Do zdarzenia dosz\u0142o w sobotnie popo\u0142udnie przy ul. Grodzickiego w Lublinie. Po po\u0142udniu jeden z okolicznych mieszka\u0144c\u00f3w podszed\u0142&hellip;\n","protected":false},"author":2,"featured_media":670497,"comment_status":"","ping_status":"","sticky":false,"template":"","format":"standard","meta":{"footnotes":"","_share_on_mastodon":"0"},"categories":[51612],"tags":[85375,130048,3308,130049,17711,1081,130050,42,38,414,40,39,41,34620,26449,1299],"class_list":["post-670496","post","type-post","status-publish","format-standard","has-post-thumbnail","category-lublin","tag-dewastacja","tag-grodzickiego","tag-grozby","tag-kapliczka","tag-krzyz","tag-lublin","tag-lublin-wiadomosci","tag-pl","tag-poland","tag-policja","tag-polish","tag-polska","tag-polski","tag-szlifierka","tag-wandalizm","tag-zatrzymanie"],"share_on_mastodon":{"url":"https:\/\/pubeurope.com\/@pl\/117222331249866005","error":""},"_links":{"self":[{"href":"https:\/\/www.europesays.com\/pl\/wp-json\/wp\/v2\/posts\/670496","targetHints":{"allow":["GET"]}}],"collection":[{"href":"https:\/\/www.europesays.com\/pl\/wp-json\/wp\/v2\/posts"}],"about":[{"href":"https:\/\/www.europesays.com\/pl\/wp-json\/wp\/v2\/types\/post"}],"author":[{"embeddable":true,"href":"https:\/\/www.europesays.com\/pl\/wp-json\/wp\/v2\/users\/2"}],"replies":[{"embeddable":true,"href":"https:\/\/www.europesays.com\/pl\/wp-json\/wp\/v2\/comments?post=670496"}],"version-history":[{"count":0,"href":"https:\/\/www.europesays.com\/pl\/wp-json\/wp\/v2\/posts\/670496\/revisions"}],"wp:featuredmedia":[{"embeddable":true,"href":"https:\/\/www.europesays.com\/pl\/wp-json\/wp\/v2\/media\/670497"}],"wp:attachment":[{"href":"https:\/\/www.europesays.com\/pl\/wp-json\/wp\/v2\/media?parent=670496"}],"wp:term":[{"taxonomy":"category","embeddable":true,"href":"https:\/\/www.europesays.com\/pl\/wp-json\/wp\/v2\/categories?post=670496"},{"taxonomy":"post_tag","embeddable":true,"href":"https:\/\/www.europesays.com\/pl\/wp-json\/wp\/v2\/tags?post=670496"}],"curies":[{"name":"wp","href":"https:\/\/api.w.org\/{rel}","templated":true}]}}