{"id":670502,"date":"2026-09-06T05:03:09","date_gmt":"2026-09-06T05:03:09","guid":{"rendered":"https:\/\/www.europesays.com\/pl\/670502\/"},"modified":"2026-09-06T05:03:09","modified_gmt":"2026-09-06T05:03:09","slug":"psz-poznan-musi-zdobyc-48-punktow-by-ograc-row-rybnik-i-wejsc-do-finalu-2-ekstraligi","status":"publish","type":"post","link":"https:\/\/www.europesays.com\/pl\/670502\/","title":{"rendered":"PS\u017b Pozna\u0144 musi zdoby\u0107 48 punkt\u00f3w, by ogra\u0107 ROW Rybnik i wej\u015b\u0107 do fina\u0142u 2. Ekstraligi"},"content":{"rendered":"<p>W pierwszym meczu obu zespo\u0142\u00f3w nieznacznie lepsze okaza\u0142y si\u0119 &#8222;Rekiny&#8221;, kt\u00f3re wygra\u0142y na w\u0142asnym torze 48:42.<\/p>\n<p>Dalszy ci\u0105g artyku\u0142u pod materia\u0142em wideo<\/p>\n<p>Zaliczka 6-punktowa na pierwszy rzut oka wra\u017cenia nie robi. Gdy jednak spojrzymy na histori\u0119 pojedynk\u00f3w tych zespo\u0142\u00f3w (od momentu reaktywacji klubu ze stolicy Wielkopolski w 2017 roku), okazuje si\u0119, \u017ce Pozna\u0144 nie zdoby\u0142 48 punkt\u00f3w w domowym spotkaniu przeciwko Rybnikowi ani razu. A w\u0142a\u015bnie tyle potrzebuje, by w niedzielne popo\u0142udnie cieszy\u0107 si\u0119 z awansu do fina\u0142u Metalkas 2. Ekstraligi.<\/p>\n<p><a href=\"https:\/\/przegladsportowy.onet.pl\/\" title=\"Strona g\u0142\u00f3wna serwisu\" aria-label=\"Strona g\u0142\u00f3wna serwisu\" data-astro-prefetch=\"tap\" class=\"ods-a-logo-main-desktop\" rel=\"nofollow noopener\" target=\"_blank\"><img src=\"https:\/\/cdn.przegladsportowy.onet.pl\/img\/Logo_desktop_Onet.svg\" class=\"ods-a-logo-main-desktop__image\" alt=\"Logo\" width=\"107\" height=\"60\" fetchpriority=\"high\" decoding=\"sync\" style=\"height:60px\"\/><\/a><\/p>\n<p class=\"ods-m-google-article__text\">Czytaj nas cz\u0119\u015bciej w Google<\/p>\n<p><a href=\"https:\/\/google.com\/preferences\/source?q=przegladsportowy.onet.pl\" target=\"_blank\" rel=\"noopener noreferrer nofollow\" aria-label=\"Dodaj w Google\" title=\"Dodaj w Google\" class=\"ods-a-button ods-a-button__primary ods-a-button__default ods-a-button-l\">Dodaj w Google<\/a>PS\u017b \u2014 ROW 46:44 (02.08.2026)PS\u017b \u2014 ROW 43:47 (31.08.2024)PS\u017b \u2014 ROW 42:48 (13.04.2024)PS\u017b \u2014 ROW 46:44 (07.05.2023)<\/p>\n<p>Gospodarze b\u0119d\u0105 polega\u0107 przede wszystkim na Ryanie Douglasie. Dla Australijczyka rewan\u017cowe spotkanie z ROW-em mo\u017ce by\u0107 ostatnim w barwach pozna\u0144skiego klubu, dlatego b\u0119dzie podw\u00f3jnie zmotywowany. Wystarczy przypomnie\u0107, \u017ce w pierwszym spotkaniu Douglas zdoby\u0142 a\u017c 13+3 punkt\u00f3w w sze\u015bciu startach, wyprzedzaj\u0105c Jana Kvecha w klasyfikacji najskuteczniejszych zawodnik\u00f3w rozgrywek. Obecnie \u015brednia Australijczyka wynosi 2,407 pkt\/bieg, a Czecha 2,372 pkt\/bieg.<\/p>\n<p>Pow\u00f3d do optymizmu da\u0142 r\u00f3wnie\u017c Niels Kristian Iversen, kt\u00f3ry w ko\u0144c\u00f3wce sezonu notuje wyra\u017an\u0105 zwy\u017ck\u0119 formy. Dodatkowo do sk\u0142adu meczowego ma wr\u00f3ci\u0107 Kamil Witkowski, kt\u00f3ry opu\u015bci\u0142 ostatnie tygodnie z powodu z\u0142amania lewej r\u0119ki. To \u015bwietna informacja, szczeg\u00f3lnie bior\u0105c pod uwag\u0119 dobr\u0105 form\u0119 m\u0142odzie\u017cowca przed kontuzj\u0105 i brak solidnego zast\u0119pstwa.<\/p>\n<p>Niepokoj\u0105ca mo\u017ce by\u0107 jednak dyspozycja Bartosza Smekta\u0142y i Dimitri Berge. Obaj zawodnicy ju\u017c jaki\u015b czas temu przed\u0142u\u017cyli swoje kontrakty w Poznaniu i od tego momentu wyra\u017anie zawodz\u0105. Polak po lipcowej przerwie zdoby\u0142 zaledwie 18 punkt\u00f3w w 4 meczach, co daje fataln\u0105 \u015bredni\u0105 1,125 pkt\/bieg. U Francuza wygl\u0105da to lepiej, ale w Rybniku zdoby\u0142 tylko cztery oczka w czterech startach. Je\u015bli PS\u017b marzy o finale 2. Ekstraligi, przynajmniej jeden z nich b\u0119dzie musia\u0142 wr\u00f3ci\u0107 do dyspozycji z pocz\u0105tku roku.<\/p>\n<p>Kvech nie mo\u017ce znowu zawie\u015b\u0107<\/p>\n<p>W szeregach go\u015bci najwi\u0119cej zale\u017ce\u0107 b\u0119dzie od dw\u00f3jki lider\u00f3w \u2014 Jana Kvecha i Nicolaia Klindta. W rundzie zasadniczej Du\u0144czyk spisa\u0142 si\u0119 w Poznaniu znakomicie, zdobywaj\u0105c p\u0142atny du\u017cy komplet punkt\u00f3w (17+1). Zdecydowanie s\u0142abiej wypad\u0142 jednak Kvech, kt\u00f3ry w sze\u015bciu startach zapisa\u0142 10+2, a w ostatnim biegu straci\u0142 pozycj\u0119 na rzecz Douglasa, co kosztowa\u0142o ROW remis.<\/p>\n<p>W niedziel\u0119, je\u015bli ta dw\u00f3jka pojedzie na swoim najwy\u017cszym poziomie, Rybniczanie b\u0119d\u0105 mogli broni\u0107 swojej zaliczki, stosuj\u0105c rezerwy taktyczne. A przecie\u017c druga linia ROW-u wcale nie jest s\u0142absza ni\u017c u rywali. Wr\u0119cz przeciwnie, Jakub Jamr\u00f3g i Patryk Wojdy\u0142o to czo\u0142owi polscy seniorzy na drugim poziomie rozgrywek, kt\u00f3rzy punktuj\u0105 znacznie lepiej ni\u017c Smekta\u0142a czy Berge.<\/p>\n<p>Pocz\u0105tek meczu w niedziel\u0119 o godzinie 13:00. Zwyci\u0119zca nie tylko awansuje do fina\u0142u Metalkas 2. Ekstraligi, ale je\u015bli tam przegra, to pojedzie r\u00f3wnie\u017c w bara\u017cu o awans. Przegrany z kolei zako\u0144czy sw\u00f3j sezon 2026.<\/p>\n<p>METALKAS 2. EKSTRALIGA \u2014 P\u00d3\u0141FINA\u0141 (rewan\u017c)<\/p>\n<p>HUNTERS PS\u017b POZNA\u0143 \u2014 INNPRO ROW RYBNIK<\/p>\n<p>Niedziela, 6 wrze\u015bnia, godz. 13:00. Transmisja: Canal+ Sport 5, relacja tekstowa Przegl\u0105d Sportowy Onet.<\/p>\n<p>PS\u017b: 9. Dimitri Berge; 10. Bartosz Smekta\u0142a; 11. Niels Kristian Iversen; 12. Kacper Pludra; 13. Ryan Douglas; 14. Kamil Witkowski; 15. Antoni Mencel. Trener: Eryk J\u00f3\u017awiak.<\/p>\n<p>ROW: 1. Nicolai Klindt; 2. Patryk Wojdy\u0142o; 3. Jesper Knudsen; 4. Jakub Jamr\u00f3g; 5. Jan Kvech; 6. Kacper Tkocz; 7. Jakub \u017burek. Trener: Robert Miko\u0142ajczak.<\/p>\n<p>S\u0119dzia: Arkadiusz Kalwasi\u0144ski. Wynik I meczu: 48:42 dla ROW-u.<\/p>\n","protected":false},"excerpt":{"rendered":"W pierwszym meczu obu zespo\u0142\u00f3w nieznacznie lepsze okaza\u0142y si\u0119 &#8222;Rekiny&#8221;, kt\u00f3re wygra\u0142y na w\u0142asnym torze 48:42. Dalszy ci\u0105g&hellip;\n","protected":false},"author":2,"featured_media":670503,"comment_status":"","ping_status":"","sticky":false,"template":"","format":"standard","meta":{"footnotes":"","_share_on_mastodon":"0"},"categories":[51609],"tags":[2718,128237,61195,30647,48,46,42,67125,38,40,39,41,1817,4555,3049,47,882,174],"class_list":["post-670502","post","type-post","status-publish","format-standard","has-post-thumbnail","category-poznan","tag-1_liga_zuzlowa","tag-adshield_tst1","tag-bottomfeed_styl","tag-metalkas_2_ekstraliga","tag-nat_styl","tag-omp","tag-pl","tag-play_off","tag-poland","tag-polish","tag-polska","tag-polski","tag-poznan","tag-psz_poznan","tag-row_rybnik","tag-screening_general","tag-speedway","tag-zuzel"],"share_on_mastodon":{"url":"https:\/\/pubeurope.com\/@pl\/117222350444258788","error":""},"_links":{"self":[{"href":"https:\/\/www.europesays.com\/pl\/wp-json\/wp\/v2\/posts\/670502","targetHints":{"allow":["GET"]}}],"collection":[{"href":"https:\/\/www.europesays.com\/pl\/wp-json\/wp\/v2\/posts"}],"about":[{"href":"https:\/\/www.europesays.com\/pl\/wp-json\/wp\/v2\/types\/post"}],"author":[{"embeddable":true,"href":"https:\/\/www.europesays.com\/pl\/wp-json\/wp\/v2\/users\/2"}],"replies":[{"embeddable":true,"href":"https:\/\/www.europesays.com\/pl\/wp-json\/wp\/v2\/comments?post=670502"}],"version-history":[{"count":0,"href":"https:\/\/www.europesays.com\/pl\/wp-json\/wp\/v2\/posts\/670502\/revisions"}],"wp:featuredmedia":[{"embeddable":true,"href":"https:\/\/www.europesays.com\/pl\/wp-json\/wp\/v2\/media\/670503"}],"wp:attachment":[{"href":"https:\/\/www.europesays.com\/pl\/wp-json\/wp\/v2\/media?parent=670502"}],"wp:term":[{"taxonomy":"category","embeddable":true,"href":"https:\/\/www.europesays.com\/pl\/wp-json\/wp\/v2\/categories?post=670502"},{"taxonomy":"post_tag","embeddable":true,"href":"https:\/\/www.europesays.com\/pl\/wp-json\/wp\/v2\/tags?post=670502"}],"curies":[{"name":"wp","href":"https:\/\/api.w.org\/{rel}","templated":true}]}}