{"id":670522,"date":"2026-09-06T05:19:16","date_gmt":"2026-09-06T05:19:16","guid":{"rendered":"https:\/\/www.europesays.com\/pl\/670522\/"},"modified":"2026-09-06T05:19:16","modified_gmt":"2026-09-06T05:19:16","slug":"trump-zapytany-dzialania-rosji-wobec-nato-nagle-zaczal-mowic-o-putinie-2","status":"publish","type":"post","link":"https:\/\/www.europesays.com\/pl\/670522\/","title":{"rendered":"Trump zapytany dzia\u0142ania Rosji wobec NATO. Nagle zacz\u0105\u0142 m\u00f3wi\u0107 o Putinie"},"content":{"rendered":"<p>Prezydent Donald Trump w pi\u0105tek unika\u0142 okazji, by pot\u0119pi\u0107 prezydenta W\u0142adimira Putina w zwi\u0105zku z zarzutami, \u017ce Rosja przeprowadza dzia\u0142ania szpiegowskie wobec pa\u0144stw NATO.<\/p>\n<p>Trump, odpowiadaj\u0105c na pytania dziennikarzy w Bia\u0142ym Domu, zby\u0142 pytanie dotycz\u0105ce jednego z takich incydent\u00f3w \u2014 <a href=\"https:\/\/www.onet.pl\/informacje\/deutsche-welle\/dron-z-ladunkiem-w-lipsku-niemcy-badaja-udzial-obcych-panstw\/7s3megt,0666d3f1\" id=\"b0657c09-3862-4c80-87d8-c1b76c369457\" rel=\"nofollow noopener\" target=\"_blank\">odkrycia 4 sierpnia na lotnisku w Lipsku dron\u00f3w wype\u0142nionych materia\u0142ami wybuchowymi<\/a>, kt\u00f3re, wed\u0142ug w\u0142adz, s\u0105 powi\u0105zane z Rosj\u0105.<a href=\"https:\/\/www.onet.pl\/\" title=\"Strona G\u0142\u00f3wna\" aria-label=\"Strona G\u0142\u00f3wna\" data-astro-prefetch=\"tap\" class=\"ods-a-logo-main-desktop\" rel=\"nofollow noopener\" target=\"_blank\"><img src=\"https:\/\/cdn.wiadomosci.onet.pl\/img\/Logo_desktop_Onet.svg\" class=\"ods-a-logo-main-desktop__image\" alt=\"Logo\" width=\"107\" height=\"60\" fetchpriority=\"high\" decoding=\"sync\" style=\"height:60px\"\/><\/a><\/p>\n<p class=\"ods-m-google-article__text\">Czytaj nas cz\u0119\u015bciej w Google<\/p>\n<p><a href=\"https:\/\/google.com\/preferences\/source?q=onet.pl\" target=\"_blank\" rel=\"noopener noreferrer nofollow\" aria-label=\"Dodaj w Google\" title=\"Dodaj w Google\" class=\"ods-a-button ods-a-button__primary ods-a-button__default ods-a-button-l\">Dodaj w Google<\/a><\/p>\n<p>\u2014 Rozmawiam z nim \u2014 powiedzia\u0142 Trump o rosyjskim przyw\u00f3dcy. \u2014 Znam go bardzo dobrze. Putin nie zamierza atakowa\u0107 terytorium NATO.<\/p>\n<p>Dalszy ci\u0105g artyku\u0142u pod materia\u0142em wideoTrump nie wyja\u015bni\u0142 szerzej tej sprawy ani te\u017c dlaczego tak szybko odrzuca\u0142by pozorny <a href=\"https:\/\/wiadomosci.onet.pl\/swiat\/kraj-nato-szykuje-sie-na-najgorsze-boi-sie-scenariusza-sprzed-lat\/77ewflt\" id=\"123dfdd0-db49-4c9f-90fd-80ae52cb9a53\" rel=\"nofollow noopener\" target=\"_blank\">atak wymierzony w pa\u0144stwo cz\u0142onkowskie NATO<\/a> \u2014 sojuszu opieraj\u0105cego si\u0119 na zasadzie wsp\u00f3lnej obrony przed zagro\u017ceniem ze strony Moskwy.Incydent w NiemczechOdkrycie dron\u00f3w wype\u0142nionych materia\u0142ami wybuchowymi, w tym jednego przy ukrai\u0144skim samolocie oraz drugiego na logistycznym w\u0119\u017ale NATO, wydaje si\u0119 by\u0107 tym, co europejscy urz\u0119dnicy do spraw bezpiecze\u0144stwa okre\u015blili jako przyk\u0142ad wojny hybrydowej prowadzonej przez Rosj\u0119 wobec kraj\u00f3w wspieraj\u0105cych Ukrain\u0119 od czasu <a href=\"https:\/\/ataknaukraine.onet.pl\/\" id=\"bd42fb15-889b-42e9-af60-e7009a196300\" rel=\"nofollow noopener\" target=\"_blank\">rozpocz\u0119cia przez Putina pe\u0142noskalowej inwazji w 2022 r.<\/a><\/p>\n<p>Niemiecki minister obrony Boris Pistorius ma si\u0119 spotka\u0107 z ameryka\u0144skim sekretarzem obrony Pete&#8217;em Hegsethem jeszcze w tym miesi\u0105cu w Waszyngtonie. Obaj politycy prawdopodobnie b\u0119d\u0105 rozmawia\u0107 o tym incydencie.<\/p>\n<p>&#8222;Fronty Wojny&#8221;. Fala rosyjskich akt\u00f3w sabota\u017cu w Europie. &#8222;Musimy si\u0119 przygotowa\u0107 do realnej pr\u00f3by&#8221;<\/p>\n<p class=\"ods-o-frame-in-text__paragraph\"><a href=\"https:\/\/wiadomosci.onet.pl\/tylko-w-onecie\/fala-rosyjskich-atakow-w-europie-musimy-sie-przygotowac-do-realnej-proby\/wjss5jr?tpcc=202608_bloczek_newsroom\" id=\"d55574cc-39cf-45b7-b92b-7f92209252b8\" rel=\"nofollow noopener\" target=\"_blank\">Pos\u0142uchaj podcastu Onetu!<\/a><\/p>\n<p><img class=\"ods-a-photo ods-a-photo--background\" src=\"https:\/\/www.europesays.com\/pl\/wp-content\/uploads\/2026\/09\/M-3k9lBaHR0cHM6Ly9vY2RuLmV1L3B1bHNjbXMvTURBXy9hODM5M2VhMjNlMDVkMDI4NzUzNTJiMDY0NDgxNjg2MC5wbmeRlQLNA.jpeg\" height=\"253\" width=\"450\" alt=\"Po lewej: niemiecka policja przeszukuj\u0105ca samoch\u00f3d, kt\u00f3ry mo\u017ce by\u0107 powi\u0105zany z aktami sabota\u017cu w Niemczech; po prawej: prof. Dariusz Kozerawski\" loading=\"lazy\" fetchpriority=\"low\" decoding=\"async\"\/><\/p>\n<p>Sekretarz generalny NATO Mark Rutte popar\u0142 Niemcy i zadeklarowa\u0142, \u017ce z zadowoleniem przyjmuje ich dzia\u0142ania odwetowe wobec rosyjskich atak\u00f3w. Napi\u0119cia mi\u0119dzy Rosj\u0105 a 32-osobowym sojuszem, utworzonym w 1949 r. w celu przeciwdzia\u0142ania zagro\u017ceniom ze strony Zwi\u0105zku Radzieckiego, wzros\u0142y w zwi\u0105zku ze spiskami wymierzonymi w europejsk\u0105 obron\u0119 i trwaj\u0105c\u0105 wojn\u0105 Rosji przeciwko Ukrainie.<\/p>\n<p>NATO nie wierzy w pomoc USAReakcja Trumpa na pytanie o drony pojawia si\u0119 w momencie, gdy <a href=\"https:\/\/wiadomosci.onet.pl\/swiat\/finowie-zapytani-o-zaufanie-do-administracji-trumpa-naprawde-slaby-wynik\/8lflsbt\" id=\"eea760fa-188e-453f-8025-1f717a0c5a42\" rel=\"nofollow noopener\" target=\"_blank\">cz\u0142onkowie NATO zastanawiaj\u0105 si\u0119, czy mog\u0105 liczy\u0107 na pomoc USA w razie zagro\u017cenia<\/a>. Z sonda\u017cu POLITICO wynika, \u017ce zaufanie do Stan\u00f3w Zjednoczonych w\u015br\u00f3d czterech kluczowych sojusznik\u00f3w NATO gwa\u0142townie spad\u0142o w ci\u0105gu ostatniego roku z powodu napi\u0119\u0107 z Waszyngtonem i apeli administracji Trumpa o zwi\u0119kszenie w\u0142asnych wydatk\u00f3w na obronno\u015b\u0107.<\/p>\n<p>Trump, kt\u00f3ry od dawna wyra\u017ca\u0142 podziw dla Putina, wielokrotnie grozi\u0142 opuszczeniem sojuszu, oskar\u017caj\u0105c NATO o brak pomocy w wojnie z Iranem.<\/p>\n","protected":false},"excerpt":{"rendered":"Prezydent Donald Trump w pi\u0105tek unika\u0142 okazji, by pot\u0119pi\u0107 prezydenta W\u0142adimira Putina w zwi\u0105zku z zarzutami, \u017ce Rosja&hellip;\n","protected":false},"author":2,"featured_media":670523,"comment_status":"","ping_status":"","sticky":false,"template":"","format":"standard","meta":{"footnotes":"","_share_on_mastodon":"0"},"categories":[14],"tags":[61195,32,33,44,27,34,35,28,31,48,160,25,46,55,40,41,87,47,80,29,30,26,82,83,84],"class_list":["post-670522","post","type-post","status-publish","format-standard","has-post-thumbnail","category-swiat","tag-bottomfeed_styl","tag-breaking-news","tag-breakingnews","tag-donald_trump","tag-headlines","tag-latest-news","tag-latestnews","tag-naglowki","tag-najwazniejsze-artykuly","tag-nat_styl","tag-nato","tag-news","tag-omp","tag-phx","tag-polish","tag-polski","tag-rosja","tag-screening_general","tag-swiat","tag-top-stories","tag-topstories","tag-wiadomosci","tag-world","tag-world-news","tag-worldnews"],"share_on_mastodon":{"url":"https:\/\/pubeurope.com\/@pl\/117222412603808957","error":""},"_links":{"self":[{"href":"https:\/\/www.europesays.com\/pl\/wp-json\/wp\/v2\/posts\/670522","targetHints":{"allow":["GET"]}}],"collection":[{"href":"https:\/\/www.europesays.com\/pl\/wp-json\/wp\/v2\/posts"}],"about":[{"href":"https:\/\/www.europesays.com\/pl\/wp-json\/wp\/v2\/types\/post"}],"author":[{"embeddable":true,"href":"https:\/\/www.europesays.com\/pl\/wp-json\/wp\/v2\/users\/2"}],"replies":[{"embeddable":true,"href":"https:\/\/www.europesays.com\/pl\/wp-json\/wp\/v2\/comments?post=670522"}],"version-history":[{"count":0,"href":"https:\/\/www.europesays.com\/pl\/wp-json\/wp\/v2\/posts\/670522\/revisions"}],"wp:featuredmedia":[{"embeddable":true,"href":"https:\/\/www.europesays.com\/pl\/wp-json\/wp\/v2\/media\/670523"}],"wp:attachment":[{"href":"https:\/\/www.europesays.com\/pl\/wp-json\/wp\/v2\/media?parent=670522"}],"wp:term":[{"taxonomy":"category","embeddable":true,"href":"https:\/\/www.europesays.com\/pl\/wp-json\/wp\/v2\/categories?post=670522"},{"taxonomy":"post_tag","embeddable":true,"href":"https:\/\/www.europesays.com\/pl\/wp-json\/wp\/v2\/tags?post=670522"}],"curies":[{"name":"wp","href":"https:\/\/api.w.org\/{rel}","templated":true}]}}