{"id":670528,"date":"2026-09-06T05:28:37","date_gmt":"2026-09-06T05:28:37","guid":{"rendered":"https:\/\/www.europesays.com\/pl\/670528\/"},"modified":"2026-09-06T05:28:37","modified_gmt":"2026-09-06T05:28:37","slug":"to-zwyciestwo-znaczy-bardzo-duzo-wypowiedzi-po-piagks-newsy-piast-gliwice-s-a","status":"publish","type":"post","link":"https:\/\/www.europesays.com\/pl\/670528\/","title":{"rendered":"&#8222;To zwyci\u0119stwo znaczy bardzo du\u017co&#8221; &#8211; wypowiedzi po #PIAGKS \u2013 Newsy \u2013 PIAST GLIWICE S.A."},"content":{"rendered":"<p style=\"text-align:justify\">W\u00a0ramach 7. kolejki PKO Bank Polski\u00a0Niebiesko-Czerwoni wygrali z\u00a0GKS-em Katowice\u00a03-0. Przedstawiamy pomeczowe wypowiedzi trenera Piasta, Daniela My\u015bliwca oraz pi\u0142karzy &#8211; Jakuba \u0141abojko, Hugo Vallejo oraz Juande Rivasa.<\/p>\n<p style=\"text-align:justify\">\u00a0<\/p>\n<p style=\"text-align:justify\">Jakub \u0141abojko: &#8222;To zwyci\u0119stwo znaczy bardzo du\u017co. Mieli\u015bmy chyba jeden z\u00a0najtrudniejszych terminarzy, je\u015bli chodzi o\u00a0ca\u0142\u0105 Ekstraklas\u0119 i\u00a01. Lig\u0119. Rozegrali\u015bmy trzy spotkania w\u00a06 dni. Mo\u017cna by powiedzie\u0107, \u017ce nasza kadra nie jest jako\u015bciowa, ale w\u00a0tym tygodniu udowodnili\u015bmy, \u017ce jest inaczej. GKS, pucharowicz, przyjecha\u0142 do nas z\u00a0wielkim szacunkiem. Nie chcia\u0142 nas pressowa\u0107 od pocz\u0105tku. Taki by\u0142 ich plan na mecz, ale si\u0119 nie powi\u00f3d\u0142. Ju\u017c w\u00a0pierwszych minutach strzelili\u015bmy bramk\u0119. W\u00a0pierwszej po\u0142owie ten mecz m\u00f3g\u0142 si\u0119 zako\u0144czy\u0107 trzema, czterema bramkami. W\u00a0drugiej po\u0142owie podobnie. Na pewno ciesz\u0105 trzy punkty i\u00a0to, \u017ce mamy trzecie czyste konto, bo po pocz\u0105tku sezonu nie by\u0142o to takie oczywiste. Dobrze znali\u015bmy mocne punkty GKS-u, ale trener My\u015bliwiec skupi\u0142 si\u0119 na nas. Mieli\u015bmy bardzo du\u017co czasu, \u017ceby si\u0119 przygotowa\u0107 do tego spotkania. Bazowali\u015bmy troch\u0119 te\u017c na meczu sparingowym z\u00a0Opalenicy.\u00a0Kontrolowali\u015bmy to\u00a0stracie. Wydaje mi si\u0119, \u017ce w\u00a0pierwszej po\u0142owie dominowali\u015bmy, w\u00a0drugiej &#8211; powiedzmy p\u00f3\u0142 na p\u00f3\u0142 z\u00a0kontrol\u0105 GieKSy. Najwa\u017cniejsze s\u0105 trzy punkty, kt\u00f3re zostaj\u0105 w\u00a0Gliwicach, bo ten mecz dla nas naprawd\u0119 wiele znaczy\u0142. Wygranie derb\u00f3w w\u00a0Gliwicach przy takiej \u015bwietnej publiczno\u015bci na pewno smakuje jeszcze bardziej. W\u00a0poprzednich spotkaniach nie zawsze przekuwali\u015bmy nasze sytuacje na bramki, nie wykorzystywali\u015bmy naszej kontroli nad meczem i\u00a0dominacji na to, \u017ceby bardziej zagra\u017ca\u0107 rywalom. Dosz\u0142a do tego szczelniejsza defensywa, du\u017co wi\u0119ksze po\u015bwi\u0119cenie z\u00a0ty\u0142u i\u00a0na pewno to zmieni\u0142o nasze oblicze. Po meczu z\u00a0Wieczyst\u0105 wiedzieli\u015bmy, \u017ce nie wszystko tutaj funkcjonuje, co\u015b si\u0119 musi zmieni\u0107. Musieli\u015bmy zredukowa\u0107 liczb\u0119 straconych bramek i\u00a0to si\u0119 uda\u0142o. My\u015blimy ju\u017c teraz na pewno o\u00a0meczu w\u00a0Radomiu, kt\u00f3ry dopiero w\u00a0przysz\u0142y poniedzia\u0142ek, ale ju\u017c wszyscy dzisiaj s\u0105 tak &#8222;na\u0142adowani&#8221; i\u00a0ch\u0119tni, \u017ce gdyby tylko mogli, wyszliby ju\u017c jutro na mecz z\u00a0Radomiakiem.&#8221;<br \/>&#13;<br \/>\n\u00a0<\/p>\n<p style=\"text-align:justify\">Hugo Vallejo: &#8222;Cieszymy si\u0119 jako ca\u0142a dru\u017cyna. Od samego pocz\u0105tku dobrze pracowali\u015bmy, wsp\u00f3lnie pressowali\u015bmy. Grali\u015bmy razem i\u00a0uwa\u017cam, \u017ce zas\u0142u\u017cyli\u015bmy na zwyci\u0119stwo. M\u00f3j gol to co\u015b szalonego. Staram si\u0119 oddawa\u0107 du\u017co strza\u0142\u00f3w i\u00a0ten zako\u0144czy\u0142 si\u0119 bardzo \u0142adn\u0105 bramk\u0105. Bardzo ciesz\u0119 si\u0119 ze zdobytego gola i\u00a0zwyci\u0119stwa. Atmosfera by\u0142a dzisiaj topowa. Kibice wspierali nas w\u00a0ka\u017cdej chwili. Potrzebujemy tego w\u00a0ka\u017cdym meczu. Chcia\u0142bym bardzo podzi\u0119kowa\u0107 za obecno\u015b\u0107 i\u00a0doping.\u00a0Kiedy wygrywasz, atmosfera w\u00a0dru\u017cynie jest bardzo dobra. My\u015bl\u0119, \u017ce pojedziemy do Radomia pewni siebie i\u00a0poka\u017cemy na boisku to, co dzisiaj. Naszym celem b\u0119d\u0105 trzy punkty.&#8221;<\/p>\n<p style=\"text-align:justify\">\u00a0<\/p>\n<p style=\"text-align:justify\">Juande Rivas: &#8222;Bardzo ciesz\u0119 si\u0119, \u017ce moja bramka zn\u00f3w pomog\u0142a dru\u017cynie, ale najwa\u017cniejsze jest zwyci\u0119stwo. Jeste\u015bmy jedno\u015bci\u0105, walczymy razem przez ca\u0142e 90 minut w\u00a0ka\u017cdym meczu. Ciesz\u0119 si\u0119, \u017ce do\u0142o\u017cy\u0142em do tego sukcesu swoj\u0105 cegie\u0142k\u0119. Gramy teraz w\u00a0obronie bardziej kompaktowo. Zmieni\u0142o si\u0119 te\u017c nasze nastawienie. Jeste\u015bmy bardziej pozytywni\u00a0i\u00a0dobrze chronimy dost\u0119p do naszej bramki. Czyste konta bardzo mnie ciesz\u0105 i\u00a0musimy to dalej podtrzymywa\u0107. Bardzo dobrze dzisiaj wygl\u0105dali\u015bmy, kibice te\u017c nam pomogli. Ciesz\u0119 si\u0119 ze zwyci\u0119stwa i\u00a0ich wsparcia. Teraz musimy to kontynuowa\u0107. Najwa\u017cniejsze, by ze spokojem utrzyma\u0107 dobre nastawienie mentalne.&#8221;<\/p>\n<p style=\"text-align:justify\">\u00a0<\/p>\n<p style=\"text-align:justify\">Daniel My\u015bliwiec (trener Piasta Gliwice):\u00a0&#8222;Czuj\u0119 dum\u0119 z\u00a0mojej dru\u017cyny, z\u00a0moich pi\u0142karzy. Chwilo b\u0105d\u017a wieczna. Chcia\u0142bym \u017ceby\u015bmy bardziej wypchn\u0119li GKS w\u00a0drugiej po\u0142owie. Fajnie si\u0119 bronili\u015bmy, ofiarnie, skutecznie. Bronili\u015bmy si\u0119 nie wrzucaj\u0105c ludzi w\u00a0pole karne i\u00a0jako\u015b to b\u0119dzie, tylko ewidentnie pi\u0142karze wiedzieli doskonale, co robi\u0107. Nawet te drobne b\u0142\u0119dy, kt\u00f3re si\u0119 pojawi\u0142y w\u00a0czasie doliczonym pierwszej po\u0142owy to realizacja wz\u00f3r, po prostu. Mimo wszystko patrz\u0105c statystycznie nie op\u0142aca si\u0119 cofa\u0107. Dlatego my musimy zrobi\u0107 wszystko, \u017ceby nawet przy tak dru\u017cynie bardzo dobrze zorganizowanej, kt\u00f3ra wie czego chce w\u00a0ka\u017cdej fazie meczu, w\u00a0ka\u017cdej fazie gry to mimo wszystko powinni\u015bmy ich wcze\u015bniej wypycha\u0107. Z\u00a0reszt\u0105 kilka takich wypchni\u0119\u0107 by\u0142o skutecznych, bo w\u00a0ten spos\u00f3b paradoksalnie wykonuj\u0105c jeden, dwa, trzy sprinty poszczeg\u00f3lnych pi\u0142karzy, dzi\u0119ki temu siedmiu ludzi mo\u017ce odpocz\u0105\u0107, odpocz\u0105\u0107 przy pi\u0142ce. To na pewno jest czym\u015b, co mogliby\u015bmy zrobi\u0107 lepiej, cz\u0119\u015bciej, ale jestem w\u00a0stanie to zaakceptowa\u0107 wobec tak s\u0142usznych decyzji patrz\u0105c przez pryzmat efektu, efektywno\u015bci.&#8221;<\/p>\n<p style=\"text-align:justify\">\u00a0<\/p>\n<p style=\"text-align:justify\">Biuro Prasowe\u00a0<br \/>&#13;<br \/>\nGKS Piast SA<\/p>\n","protected":false},"excerpt":{"rendered":"W\u00a0ramach 7. kolejki PKO Bank Polski\u00a0Niebiesko-Czerwoni wygrali z\u00a0GKS-em Katowice\u00a03-0. Przedstawiamy pomeczowe wypowiedzi trenera Piasta, Daniela My\u015bliwca oraz pi\u0142karzy&hellip;\n","protected":false},"author":2,"featured_media":670529,"comment_status":"","ping_status":"","sticky":false,"template":"","format":"standard","meta":{"footnotes":"","_share_on_mastodon":"0"},"categories":[52122],"tags":[16423,16424,16426,16425,2810,6010,752,42,38,40,39,41],"class_list":["post-670528","post","type-post","status-publish","format-standard","has-post-thumbnail","category-pko-bank-polski","tag-gks-piast","tag-gks-piast-gliwice","tag-gliwice-stadion","tag-gliwicki-klub-sportowy","tag-piast-gliwice","tag-pko-bank-polski","tag-pko-bp","tag-pl","tag-poland","tag-polish","tag-polska","tag-polski"],"share_on_mastodon":{"url":"https:\/\/pubeurope.com\/@pl\/117222447671851516","error":""},"_links":{"self":[{"href":"https:\/\/www.europesays.com\/pl\/wp-json\/wp\/v2\/posts\/670528","targetHints":{"allow":["GET"]}}],"collection":[{"href":"https:\/\/www.europesays.com\/pl\/wp-json\/wp\/v2\/posts"}],"about":[{"href":"https:\/\/www.europesays.com\/pl\/wp-json\/wp\/v2\/types\/post"}],"author":[{"embeddable":true,"href":"https:\/\/www.europesays.com\/pl\/wp-json\/wp\/v2\/users\/2"}],"replies":[{"embeddable":true,"href":"https:\/\/www.europesays.com\/pl\/wp-json\/wp\/v2\/comments?post=670528"}],"version-history":[{"count":0,"href":"https:\/\/www.europesays.com\/pl\/wp-json\/wp\/v2\/posts\/670528\/revisions"}],"wp:featuredmedia":[{"embeddable":true,"href":"https:\/\/www.europesays.com\/pl\/wp-json\/wp\/v2\/media\/670529"}],"wp:attachment":[{"href":"https:\/\/www.europesays.com\/pl\/wp-json\/wp\/v2\/media?parent=670528"}],"wp:term":[{"taxonomy":"category","embeddable":true,"href":"https:\/\/www.europesays.com\/pl\/wp-json\/wp\/v2\/categories?post=670528"},{"taxonomy":"post_tag","embeddable":true,"href":"https:\/\/www.europesays.com\/pl\/wp-json\/wp\/v2\/tags?post=670528"}],"curies":[{"name":"wp","href":"https:\/\/api.w.org\/{rel}","templated":true}]}}