{"id":670530,"date":"2026-09-06T05:30:16","date_gmt":"2026-09-06T05:30:16","guid":{"rendered":"https:\/\/www.europesays.com\/pl\/670530\/"},"modified":"2026-09-06T05:30:16","modified_gmt":"2026-09-06T05:30:16","slug":"batalia-o-punkty-na-ciezkim-terenie-zapowiedz-meczu-jagiellonia-bialystok-slask-wroclaw","status":"publish","type":"post","link":"https:\/\/www.europesays.com\/pl\/670530\/","title":{"rendered":"Batalia o punkty na ci\u0119\u017ckim terenie. Zapowied\u017a meczu Jagiellonia Bia\u0142ystok \u2013 \u015al\u0105sk Wroc\u0142aw"},"content":{"rendered":"<p>\u015al\u0105sk Wroc\u0142aw po sze\u015bciu kolejkach plasuje si\u0119 na 14. miejscu w tabeli z dorobkiem sze\u015bciu punkt\u00f3w. Cho\u0107 \u015brednia punktowa nie rzuca na kolana, sama gra Wojskowych w ostatnich tygodniach daje powody do optymizmu. Dodatkowym impulsem by\u0142o cenne zwyci\u0119stwo 2:1 z Pogoni\u0105 Szczecin w 1\/32 fina\u0142u Pucharu Polski &#8211; wynik efektownym uderzeniem z dystansu otworzy\u0142 Piotr Samiec-Talar, a w ko\u0144c\u00f3wce awans przypiecz\u0119towa\u0142 Jehor Macenko.<\/p>\n<p><img decoding=\"async\" src=\"https:\/\/www.europesays.com\/pl\/wp-content\/uploads\/2026\/09\/5f8e0177-931e-47f8-b4d5-fd50fdbeaba3.webp\" alt=\"\" class=\"article-image-full\" draggable=\"false\" contenteditable=\"true\"\/><\/p>\n<p>Gospodarze niedzielnego starcia z pewno\u015bci\u0105 liczyli na r\u00f3wniejszy start w Ekstraklasie (trzy zwyci\u0119stwa i dwie pora\u017cki), jednak kibice w Bia\u0142ymstoku nie maj\u0105 powod\u00f3w do narzekania. Podopieczni Adriana Siemie\u0144ca wywalczyli awans do fazy ligowej Ligi Europy. W zaleg\u0142ym meczu 5. kolejki ulegli u siebie Lechowi Pozna\u0144 1:2, a jedynego gola dla \u017b\u00f3\u0142to-czerwonych strzeli\u0142 Kobayashi.<\/p>\n<p>Statystyki:<\/p>\n<p>Bilans oficjalnych mecz\u00f3w pomi\u0119dzy dru\u017cynami:<\/p>\n<p>\u2022 Liczba spotka\u0144: 52<br \/>\u2022 Liczba zwyci\u0119stw \u015al\u0105ska Wroc\u0142aw: 18<br \/>\u2022 Liczba zwyci\u0119stw Pogonii Szczecin: 17<br \/>\u2022 Remisy: 17<br \/>\u2022 Bramki: 75:69 na korzy\u015b\u0107 \u015al\u0105ska<\/p>\n<p>Poprzedni pojedynek tych dru\u017cyn to zarazem ostatni domowy mecz \u015al\u0105ska w Ekstraklasie przed spadkiem. Od pocz\u0105tku przewa\u017ca\u0142a Jagiellonia, lecz raz za razem marnowa\u0142a dogodne sytuacje. W 31. minucie dosz\u0142o do sporej kontrowersji &#8211; Ince by\u0142 wyra\u017anie poci\u0105gany za koszulk\u0119 przez defensora, co uniemo\u017cliwi\u0142o mu skierowanie pi\u0142ki do pustej siatki, s\u0119dzia jednak nie dopatrzy\u0142 si\u0119 przewinienia.<\/p>\n<p><img decoding=\"async\" src=\"https:\/\/www.europesays.com\/pl\/wp-content\/uploads\/2026\/09\/6d5c04b8-a250-44b0-91ce-0109f5e85d5c.webp\" alt=\"\" class=\"article-image-full\" draggable=\"false\" contenteditable=\"true\"\/><\/p>\n<p>Wynik w drugiej po\u0142owie otworzy\u0142 Jehor Macenko, kt\u00f3ry wykorzysta\u0142 b\u0142\u0105d  defensywy, pomkn\u0105\u0142 prawym skrzyd\u0142em i precyzyjnym strza\u0142em wyprowadzi\u0142 WKS na prowadzenie. Rado\u015b\u0107 gospodarzy trwa\u0142a niespe\u0142na dziesi\u0119\u0107 minut &#8211; po fenomenalnym podaniu prostopad\u0142ym wyr\u00f3wna\u0142 Jesss Imaz. W doliczonym czasie gry pi\u0142k\u0119 meczow\u0105 na nodze mia\u0142 Sylvester Jasper, jednak w sytuacji sam na sam uderzy\u0142 wprost w bramkarza i spotkanie zako\u0144czy\u0142o si\u0119 podzia\u0142em punkt\u00f3w.<\/p>\n<p>Zawodnik pod lup\u0105:<\/p>\n<p>Nik Prelec trafi\u0142 do Bia\u0142egostoku z Oxford United z nie\u0142atw\u0105 misj\u0105 zast\u0105pienia Afimico Pululu &#8211; dotychczasowej gwiazdy formacji ofensywnej Jagielloni. Z powierzonego zadania wywi\u0105zuje si\u0119 jednak bez zarzutu. W trwaj\u0105cych rozgrywkach ligowych ma ju\u017c na koncie trzy gole i jedn\u0105 asyst\u0119, w tym kluczowe trafienie w samej ko\u0144c\u00f3wce starcia z Koron\u0105 Kielce, kt\u00f3re zapewni\u0142o Bia\u0142ostoczanom komplet punkt\u00f3w. <\/p>\n<p lang=\"pl\" dir=\"ltr\">\ud835\udc0d\ud835\udc08\ud835\udc0a \ud835\udc0f\ud835\udc11\ud835\udc04\ud835\udc0b\ud835\udc04\ud835\udc02! \u26bd Jagiellonia wygrywa z Koron\u0105 1:0! \ud83d\udcaa <a href=\"https:\/\/t.co\/iJgWZnIT3S\" rel=\"nofollow\">pic.twitter.com\/iJgWZnIT3S<\/a><\/p>\n<p>\u2014 CANAL+ SPORT (@CANALPLUS_SPORT) <a href=\"https:\/\/x.com\/CANALPLUS_SPORT\/status\/2081026273716146192?ref_src=twsrc%5Etfw\" rel=\"nofollow\">25 lipca 2026<\/a><\/p>\n<p>Sytuacja kadrowa<\/p>\n<p>Wci\u0105\u017c wy\u0142\u0105czony z gry pozostaje kontuzjowany Micha\u0142 Mokrzycki. Pozytywem jest udany debiut Karola Linettego w pucharowym starciu z Pogoni\u0105 oraz zakontraktowanie nowego napastnika, Leltsina Camoesa, kt\u00f3ry zwi\u0119kszy rywalizacj\u0119 w ataku. W kadrze gospodarzy zabraknie natomiast kontuzjowanych Dusana Stojinovicia oraz Kamila J\u00f3\u017awiaka.<\/p>\n<p><img decoding=\"async\" src=\"https:\/\/www.europesays.com\/pl\/wp-content\/uploads\/2026\/09\/77315cb9-b660-4d38-a309-e9918538aa3e.webp\" alt=\"\" class=\"article-image-full\" draggable=\"false\" contenteditable=\"true\"\/>Obsada s\u0119dziowska:<\/p>\n<p>S\u0119dzia g\u0142\u00f3wny: Pawe\u0142 Malec (\u0141\u00f3d\u017a)<br \/>S\u0119dziowie liniowi: Micha\u0142 Obukowicz i \u0141ukasz Siercha<br \/>S\u0119dzia techniczny: Karol W\u00f3jcik<br \/>VAR: Tomasz Kwiatkowski<br \/>Asystent VAR: Marcin Szczerbowicz<\/p>\n<p>Mecz Jagiellonia Bia\u0142ystok &#8211; \u015al\u0105sk Wroc\u0142aw rozpocznie si\u0119 w niedziel\u0119, 6 wrze\u015bnia, o godzinie 20:15. Nasza redakcja przeprowadzi z tego spotkania relacj\u0119, kt\u00f3r\u0105 b\u0119dziecie mogli \u015bledzi\u0107 na bie\u017c\u0105co.<\/p>\n<p><script async src=\"https:\/\/platform.twitter.com\/widgets.js\" charset=\"utf-8\"><\/script><\/p>\n","protected":false},"excerpt":{"rendered":"\u015al\u0105sk Wroc\u0142aw po sze\u015bciu kolejkach plasuje si\u0119 na 14. miejscu w tabeli z dorobkiem sze\u015bciu punkt\u00f3w. Cho\u0107 \u015brednia&hellip;\n","protected":false},"author":2,"featured_media":670531,"comment_status":"","ping_status":"","sticky":false,"template":"","format":"standard","meta":{"footnotes":"","_share_on_mastodon":"0"},"categories":[51614],"tags":[2151,42,38,40,39,41],"class_list":["post-670530","post","type-post","status-publish","format-standard","has-post-thumbnail","category-bialystok","tag-bialystok","tag-pl","tag-poland","tag-polish","tag-polska","tag-polski"],"share_on_mastodon":{"url":"https:\/\/pubeurope.com\/@pl\/117222456841837549","error":""},"_links":{"self":[{"href":"https:\/\/www.europesays.com\/pl\/wp-json\/wp\/v2\/posts\/670530","targetHints":{"allow":["GET"]}}],"collection":[{"href":"https:\/\/www.europesays.com\/pl\/wp-json\/wp\/v2\/posts"}],"about":[{"href":"https:\/\/www.europesays.com\/pl\/wp-json\/wp\/v2\/types\/post"}],"author":[{"embeddable":true,"href":"https:\/\/www.europesays.com\/pl\/wp-json\/wp\/v2\/users\/2"}],"replies":[{"embeddable":true,"href":"https:\/\/www.europesays.com\/pl\/wp-json\/wp\/v2\/comments?post=670530"}],"version-history":[{"count":0,"href":"https:\/\/www.europesays.com\/pl\/wp-json\/wp\/v2\/posts\/670530\/revisions"}],"wp:featuredmedia":[{"embeddable":true,"href":"https:\/\/www.europesays.com\/pl\/wp-json\/wp\/v2\/media\/670531"}],"wp:attachment":[{"href":"https:\/\/www.europesays.com\/pl\/wp-json\/wp\/v2\/media?parent=670530"}],"wp:term":[{"taxonomy":"category","embeddable":true,"href":"https:\/\/www.europesays.com\/pl\/wp-json\/wp\/v2\/categories?post=670530"},{"taxonomy":"post_tag","embeddable":true,"href":"https:\/\/www.europesays.com\/pl\/wp-json\/wp\/v2\/tags?post=670530"}],"curies":[{"name":"wp","href":"https:\/\/api.w.org\/{rel}","templated":true}]}}