{"id":670534,"date":"2026-09-06T05:32:15","date_gmt":"2026-09-06T05:32:15","guid":{"rendered":"https:\/\/www.europesays.com\/pl\/670534\/"},"modified":"2026-09-06T05:32:15","modified_gmt":"2026-09-06T05:32:15","slug":"jakie-sa-najnowsze-dane-dotyczace-powietrza-w-lublinie-zobacz-odczyty-z-6-09-2026","status":"publish","type":"post","link":"https:\/\/www.europesays.com\/pl\/670534\/","title":{"rendered":"Jakie s\u0105 najnowsze dane dotycz\u0105ce powietrza w Lublinie? Zobacz odczyty z 6.09.2026"},"content":{"rendered":"<p><img decoding=\"async\" loading=\"eager\" fetchpriority=\"high\" class=\"atomsArticleGalleryImage__mainImg\" src=\"https:\/\/www.europesays.com\/pl\/wp-content\/uploads\/2026\/09\/il20251203_951545429_medium.jpg\" alt=\"Sprawd&#x17A;, czy w Lublinie jest teraz smog\" width=\"1600\" height=\"1067\"\/><\/p>\n<p>\n        Sprawd\u017a, czy w Lublinie jest teraz smog<\/p>\n<p>          fot. Tomasz Ho\u0142od\n        <\/p>\n<p>Smog Lublin: 6.09.2026. Ile PM10 i PM2.5 jest teraz w powietrzu?Przekonaj si\u0119, czy wyj\u015bcie na zewn\u0105trz w niedziel\u0119 jest zdrowe. Dzi\u0119ki podawanym przez nas informacjom, sprawdzisz r\u00f3wnie\u017c stan powietrza w Lublinie w poprzednich dniach. Pami\u0119taj, \u017ce zbyt d\u0142ugie wdychanie zanieczyszczonego powietrza mo\u017ce powodowa\u0107 b\u00f3le g\u0142owy.<\/p>\n","protected":false},"excerpt":{"rendered":"Sprawd\u017a, czy w Lublinie jest teraz smog fot. Tomasz Ho\u0142od Smog Lublin: 6.09.2026. Ile PM10 i PM2.5 jest&hellip;\n","protected":false},"author":2,"featured_media":670535,"comment_status":"","ping_status":"","sticky":false,"template":"","format":"standard","meta":{"footnotes":"","_share_on_mastodon":"0"},"categories":[51612],"tags":[1081,42,78,38,40,39,41,101790,43824],"class_list":["post-670534","post","type-post","status-publish","format-standard","has-post-thumbnail","category-lublin","tag-lublin","tag-pl","tag-pogoda","tag-poland","tag-polish","tag-polska","tag-polski","tag-smog-lublin","tag-zanieczyszczenie-powietrza"],"share_on_mastodon":{"url":"https:\/\/pubeurope.com\/@pl\/117222463566088129","error":""},"_links":{"self":[{"href":"https:\/\/www.europesays.com\/pl\/wp-json\/wp\/v2\/posts\/670534","targetHints":{"allow":["GET"]}}],"collection":[{"href":"https:\/\/www.europesays.com\/pl\/wp-json\/wp\/v2\/posts"}],"about":[{"href":"https:\/\/www.europesays.com\/pl\/wp-json\/wp\/v2\/types\/post"}],"author":[{"embeddable":true,"href":"https:\/\/www.europesays.com\/pl\/wp-json\/wp\/v2\/users\/2"}],"replies":[{"embeddable":true,"href":"https:\/\/www.europesays.com\/pl\/wp-json\/wp\/v2\/comments?post=670534"}],"version-history":[{"count":0,"href":"https:\/\/www.europesays.com\/pl\/wp-json\/wp\/v2\/posts\/670534\/revisions"}],"wp:featuredmedia":[{"embeddable":true,"href":"https:\/\/www.europesays.com\/pl\/wp-json\/wp\/v2\/media\/670535"}],"wp:attachment":[{"href":"https:\/\/www.europesays.com\/pl\/wp-json\/wp\/v2\/media?parent=670534"}],"wp:term":[{"taxonomy":"category","embeddable":true,"href":"https:\/\/www.europesays.com\/pl\/wp-json\/wp\/v2\/categories?post=670534"},{"taxonomy":"post_tag","embeddable":true,"href":"https:\/\/www.europesays.com\/pl\/wp-json\/wp\/v2\/tags?post=670534"}],"curies":[{"name":"wp","href":"https:\/\/api.w.org\/{rel}","templated":true}]}}