{"id":670538,"date":"2026-09-06T05:35:15","date_gmt":"2026-09-06T05:35:15","guid":{"rendered":"https:\/\/www.europesays.com\/pl\/670538\/"},"modified":"2026-09-06T05:35:15","modified_gmt":"2026-09-06T05:35:15","slug":"czasowe-utrudnienia-w-ruchu-6-09-2026-w-woj-pomorskim","status":"publish","type":"post","link":"https:\/\/www.europesays.com\/pl\/670538\/","title":{"rendered":"Czasowe utrudnienia w ruchu 6.09.2026 w woj. pomorskim"},"content":{"rendered":"<p><img decoding=\"async\" loading=\"eager\" fetchpriority=\"high\" class=\"atomsArticleGalleryImage__mainImg\" src=\"https:\/\/www.europesays.com\/pl\/wp-content\/uploads\/2026\/09\/1788672915_157_il20260625_970195599_medium.jpg\" alt=\"Informacje o utrudnieniach drogowych w pomorskim uzyskujemy od Generalnej Dyrekcji Dr&#xF3;g Krajowych i Autostrad.\" width=\"1920\" height=\"1281\"\/><\/p>\n<p>\n        Informacje o utrudnieniach drogowych w pomorskim uzyskujemy od Generalnej Dyrekcji Dr\u00f3g Krajowych i Autostrad.<\/p>\n<p>          fot. djedzura\/ Getty Images\n        <\/p>\n<p>Kt\u00f3re drogi w wojew\u00f3dztwie pomorskim 6.09.2026 nie s\u0105 przejezdne? Roboty drogowe: droga S6, Straszyn &#8211; A1 (344.\u00a0km na odc. 4.0\u00a0km) Remont nawierzcni  w kierunku A1 naprzemienni b\u0119d\u0105 wy\u0142\u0105czane lewy lub prawy pas na d\u0142ugo\u015bci do 1km.<\/p>\n","protected":false},"excerpt":{"rendered":"Informacje o utrudnieniach drogowych w pomorskim uzyskujemy od Generalnej Dyrekcji Dr\u00f3g Krajowych i Autostrad. fot. djedzura\/ Getty Images&hellip;\n","protected":false},"author":2,"featured_media":670539,"comment_status":"","ping_status":"","sticky":false,"template":"","format":"standard","meta":{"footnotes":"","_share_on_mastodon":"0"},"categories":[51610],"tags":[1048,1856,42,38,40,39,41,38947,8990],"class_list":["post-670538","post","type-post","status-publish","format-standard","has-post-thumbnail","category-gdansk","tag-gdansk","tag-gddkia","tag-pl","tag-poland","tag-polish","tag-polska","tag-polski","tag-pomorskie","tag-utrudnienia"],"share_on_mastodon":{"url":"https:\/\/pubeurope.com\/@pl\/117222476248955723","error":""},"_links":{"self":[{"href":"https:\/\/www.europesays.com\/pl\/wp-json\/wp\/v2\/posts\/670538","targetHints":{"allow":["GET"]}}],"collection":[{"href":"https:\/\/www.europesays.com\/pl\/wp-json\/wp\/v2\/posts"}],"about":[{"href":"https:\/\/www.europesays.com\/pl\/wp-json\/wp\/v2\/types\/post"}],"author":[{"embeddable":true,"href":"https:\/\/www.europesays.com\/pl\/wp-json\/wp\/v2\/users\/2"}],"replies":[{"embeddable":true,"href":"https:\/\/www.europesays.com\/pl\/wp-json\/wp\/v2\/comments?post=670538"}],"version-history":[{"count":0,"href":"https:\/\/www.europesays.com\/pl\/wp-json\/wp\/v2\/posts\/670538\/revisions"}],"wp:featuredmedia":[{"embeddable":true,"href":"https:\/\/www.europesays.com\/pl\/wp-json\/wp\/v2\/media\/670539"}],"wp:attachment":[{"href":"https:\/\/www.europesays.com\/pl\/wp-json\/wp\/v2\/media?parent=670538"}],"wp:term":[{"taxonomy":"category","embeddable":true,"href":"https:\/\/www.europesays.com\/pl\/wp-json\/wp\/v2\/categories?post=670538"},{"taxonomy":"post_tag","embeddable":true,"href":"https:\/\/www.europesays.com\/pl\/wp-json\/wp\/v2\/tags?post=670538"}],"curies":[{"name":"wp","href":"https:\/\/api.w.org\/{rel}","templated":true}]}}