{"id":670560,"date":"2026-09-06T05:55:13","date_gmt":"2026-09-06T05:55:13","guid":{"rendered":"https:\/\/www.europesays.com\/pl\/670560\/"},"modified":"2026-09-06T05:55:13","modified_gmt":"2026-09-06T05:55:13","slug":"spor-o-falklandy-wielka-brytania-odpowiedziala-argentynie","status":"publish","type":"post","link":"https:\/\/www.europesays.com\/pl\/670560\/","title":{"rendered":"Sp\u00f3r o Falklandy. Wielka Brytania odpowiedzia\u0142a Argentynie"},"content":{"rendered":"\n<p>&#13;<br \/>\nJavier Milei w\u00a0or\u0119dziu wyg\u0142oszonym w\u00a0nocy z\u00a0czwartku na\u00a0pi\u0105tek poruszy\u0142 kwesti\u0119 spornego archipelagu, nazywanego w\u00a0Argentynie Malwinami. Przekonywa\u0142, \u017ce\u00a0obecna sytuacja mi\u0119dzynarodowa mo\u017ce sprzyja\u0107 realizacji argenty\u0144skich roszcze\u0144. \u2013\u00a0Na\u00a0\u015bwiecie wiej\u0105 wiatry zmian, kt\u00f3re sprzyjaj\u0105 naszym roszczeniom \u2013\u00a0powiedzia\u0142 prezydent Argentyny. &#13;\n<\/p>\n<p>&#13;<br \/>\nWed\u0142ug Mileia wyspy powinny nale\u017ce\u0107 do\u00a0Argentyny zar\u00f3wno ze\u00a0wzgl\u0119d\u00f3w prawnych, jak i\u00a0historycznych. Zapowiedzia\u0142 jednocze\u015bnie zwi\u0119kszenie presji na\u00a0podmioty prowadz\u0105ce dzia\u0142alno\u015b\u0107 gospodarcz\u0105 w\u00a0ich rejonie. &#13;\n<\/p>\n<p>&#13;<br \/>\nArgentyna zamierza m.in. nak\u0142ada\u0107 sankcje na\u00a0zagraniczne firmy zajmuj\u0105ce si\u0119 poszukiwaniem i\u00a0wydobyciem ropy naftowej wok\u00f3\u0142 archipelagu. Milei zadeklarowa\u0142 wykorzystanie &#8222;wszystkich \u015brodk\u00f3w pa\u0144stwa \u2013\u00a0dyplomatycznych, gospodarczych, s\u0105dowych i\u00a0prawnych&#8221; przeciwko podmiotom, kt\u00f3re wed\u0142ug Buenos Aires naruszaj\u0105 argenty\u0144sk\u0105 suwerenno\u015b\u0107. &#13;\n<\/p>\n<p>Londyn odpowiada Mileiowi<\/p>\n<p>&#13;<br \/>\nNa s\u0142owa argenty\u0144skiego prezydenta zareagowa\u0142 brytyjski minister Wes Streeting. Oceni\u0142, \u017ce\u00a0wyst\u0105pienie Mileia nale\u017cy rozpatrywa\u0107 przede wszystkim w\u00a0kontek\u015bcie argenty\u0144skiej polityki wewn\u0119trznej i\u00a0przysz\u0142orocznych wybor\u00f3w prezydenckich. &#13;\n<\/p>\n<p>&#13;<br \/>\n\u2013 Nocne o\u015bwiadczenie Mileia m\u00f3wi nam wi\u0119cej o\u00a0polityce wewn\u0119trznej Argentyny ni\u017c\u00a0o\u00a0Falklandach \u2013\u00a0napisa\u0142 Streeting. &#13;\n<\/p>\n<p>&#13;<br \/>\nNast\u0119pnie jednoznacznie przedstawi\u0142 stanowisko Londynu. \u2013\u00a0Falklandy s\u0105 brytyjskie, poniewa\u017c ich mieszka\u0144cy chc\u0105 by\u0107 Brytyjczykami. Nasze zobowi\u0105zanie wobec Falkland\u00f3w jest absolutne i\u00a0niezachwiane \u2013\u00a0podkre\u015bli\u0142. &#13;\n<\/p>\n<p>Trump nie\u00a0gwarantuje pomocy Wielkiej Brytanii<\/p>\n<p>&#13;<br \/>\nDodatkowym elementem sporu sta\u0142a si\u0119 wypowied\u017a Donalda Trumpa. Prezydent USA w\u00a0wywiadzie dla\u00a0GB News zasugerowa\u0142, \u017ce\u00a0w\u00a0przypadku zaostrzenia konfliktu o\u00a0Falklandy Wielka Brytania nie\u00a0powinna automatycznie zak\u0142ada\u0107, \u017ce\u00a0otrzyma pomoc Stan\u00f3w Zjednoczonych. Trump przypomnia\u0142 w\u00a0tym kontek\u015bcie o\u00a0braku brytyjskiego wsparcia dla\u00a0USA podczas konfliktu z\u00a0Iranem. &#13;\n<\/p>\n<p>&#13;<br \/>\nSp\u00f3r o\u00a0Falklandy ma\u00a0wieloletni\u0105 histori\u0119. W\u00a01982 roku Argentyna zaj\u0119\u0142a archipelag, rozpoczynaj\u0105c wojn\u0119 z\u00a0Wielk\u0105 Brytani\u0105. Trwaj\u0105cy 74 dni konflikt zako\u0144czy\u0142 si\u0119 zwyci\u0119stwem si\u0142 brytyjskich. &#13;\n<\/p>\n<p>&#13;<br \/>\nW 2013 roku na\u00a0Falklandach przeprowadzono referendum, w\u00a0kt\u00f3rym 99,8 proc. g\u0142osuj\u0105cych opowiedzia\u0142o si\u0119 za\u00a0utrzymaniem statusu brytyjskiego terytorium zamorskiego. Argentyna nie\u00a0uznaje jednak tego g\u0142osowania i\u00a0nadal uwa\u017ca archipelag za\u00a0cz\u0119\u015b\u0107 swojego terytorium. &#13;\n<\/p>\n<p>&#13;<br \/>\n   Czytaj te\u017c:<br \/><a href=\"https:\/\/dorzeczy.pl\/swiat\/936652\/trump-usa-dokonuja-przegladu-stanowiska-ws-falklandow.html\" rel=\"follow nofollow noopener\" data-schema=\"DORZECZY\" data-image=\"https:\/\/img.dorzeczy.pl\/_thumb\/a4\/dc\/539f61aaf731f1f76865163330b2.jpeg\" target=\"_blank\">Trump przygl\u0105da si\u0119 Falklandom. Wybuchnie kolejna awantura?<\/a>&#13;<\/p>\n","protected":false},"excerpt":{"rendered":"&#13; Javier Milei w\u00a0or\u0119dziu wyg\u0142oszonym w\u00a0nocy z\u00a0czwartku na\u00a0pi\u0105tek poruszy\u0142 kwesti\u0119 spornego archipelagu, nazywanego w\u00a0Argentynie Malwinami. Przekonywa\u0142, \u017ce\u00a0obecna sytuacja&hellip;\n","protected":false},"author":2,"featured_media":670561,"comment_status":"","ping_status":"","sticky":false,"template":"","format":"standard","meta":{"footnotes":"","_share_on_mastodon":"0"},"categories":[14],"tags":[968,32,33,98,130052,27,34,35,130053,28,31,25,103,40,41,3786,80,29,30,26,106,82,83,84],"class_list":["post-670560","post","type-post","status-publish","format-standard","has-post-thumbnail","category-swiat","tag-argentyna","tag-breaking-news","tag-breakingnews","tag-dorzeczy","tag-falklandy","tag-headlines","tag-latest-news","tag-latestnews","tag-milei","tag-naglowki","tag-najwazniejsze-artykuly","tag-news","tag-obserwator-mediow","tag-polish","tag-polski","tag-spor","tag-swiat","tag-top-stories","tag-topstories","tag-wiadomosci","tag-wielka-brytania","tag-world","tag-world-news","tag-worldnews"],"share_on_mastodon":{"url":"https:\/\/pubeurope.com\/@pl\/117222554033791020","error":""},"_links":{"self":[{"href":"https:\/\/www.europesays.com\/pl\/wp-json\/wp\/v2\/posts\/670560","targetHints":{"allow":["GET"]}}],"collection":[{"href":"https:\/\/www.europesays.com\/pl\/wp-json\/wp\/v2\/posts"}],"about":[{"href":"https:\/\/www.europesays.com\/pl\/wp-json\/wp\/v2\/types\/post"}],"author":[{"embeddable":true,"href":"https:\/\/www.europesays.com\/pl\/wp-json\/wp\/v2\/users\/2"}],"replies":[{"embeddable":true,"href":"https:\/\/www.europesays.com\/pl\/wp-json\/wp\/v2\/comments?post=670560"}],"version-history":[{"count":0,"href":"https:\/\/www.europesays.com\/pl\/wp-json\/wp\/v2\/posts\/670560\/revisions"}],"wp:featuredmedia":[{"embeddable":true,"href":"https:\/\/www.europesays.com\/pl\/wp-json\/wp\/v2\/media\/670561"}],"wp:attachment":[{"href":"https:\/\/www.europesays.com\/pl\/wp-json\/wp\/v2\/media?parent=670560"}],"wp:term":[{"taxonomy":"category","embeddable":true,"href":"https:\/\/www.europesays.com\/pl\/wp-json\/wp\/v2\/categories?post=670560"},{"taxonomy":"post_tag","embeddable":true,"href":"https:\/\/www.europesays.com\/pl\/wp-json\/wp\/v2\/tags?post=670560"}],"curies":[{"name":"wp","href":"https:\/\/api.w.org\/{rel}","templated":true}]}}