{"id":670570,"date":"2026-09-06T06:06:14","date_gmt":"2026-09-06T06:06:14","guid":{"rendered":"https:\/\/www.europesays.com\/pl\/670570\/"},"modified":"2026-09-06T06:06:14","modified_gmt":"2026-09-06T06:06:14","slug":"minionki-i-straszydla-dubbing-w-bialymstoku-7","status":"publish","type":"post","link":"https:\/\/www.europesays.com\/pl\/670570\/","title":{"rendered":"Minionki i straszyd\u0142a (dubbing) w Bia\u0142ymstoku"},"content":{"rendered":"<p class=\"atomsHappeningContent__desc\">Opis: To zuchwa\u0142a, absurdalna historia o tym, jak Minionki podbi\u0142y Hollywood, zosta\u0142y gwiazdami filmowymi, nast\u0119pnie straci\u0142y wszystko, uwolni\u0142y straszyd\u0142a, aby ostatecznie zjednoczy\u0107 si\u0142y, aby spr\u00f3bowa\u0107 ocali\u0107 planet\u0119 przed chaosem, kt\u00f3ry same wywo\u0142a\u0142y.<br \/>Tytu\u0142 oryginalny: Minions &amp; Monsters<br \/>Re\u017cyser: Pierre Coffin<br \/>Scenariusz: Brian Lynch, Pierre Coffin<br \/>Gatunek: animowany<br \/>Czas trwania: 85 minut<br \/>Kraj produkcji: USA<br \/>Kategoria wiekowa: 7+<br \/>Rok produkcji: 2026<br \/>Muzyka: John Powell<br \/>Data premiery w Polsce: 2026-07-01<\/p>\n","protected":false},"excerpt":{"rendered":"Opis: To zuchwa\u0142a, absurdalna historia o tym, jak Minionki podbi\u0142y Hollywood, zosta\u0142y gwiazdami filmowymi, nast\u0119pnie straci\u0142y wszystko, uwolni\u0142y&hellip;\n","protected":false},"author":2,"featured_media":670571,"comment_status":"","ping_status":"","sticky":false,"template":"","format":"standard","meta":{"footnotes":"","_share_on_mastodon":"0"},"categories":[51614],"tags":[2151,6226,68212,10195,42,38,40,39,41,22920],"class_list":["post-670570","post","type-post","status-publish","format-standard","has-post-thumbnail","category-bialystok","tag-bialystok","tag-bilety","tag-film-i-kino","tag-impreza","tag-pl","tag-poland","tag-polish","tag-polska","tag-polski","tag-wydarzenie"],"share_on_mastodon":{"url":"https:\/\/pubeurope.com\/@pl\/117222597376551253","error":""},"_links":{"self":[{"href":"https:\/\/www.europesays.com\/pl\/wp-json\/wp\/v2\/posts\/670570","targetHints":{"allow":["GET"]}}],"collection":[{"href":"https:\/\/www.europesays.com\/pl\/wp-json\/wp\/v2\/posts"}],"about":[{"href":"https:\/\/www.europesays.com\/pl\/wp-json\/wp\/v2\/types\/post"}],"author":[{"embeddable":true,"href":"https:\/\/www.europesays.com\/pl\/wp-json\/wp\/v2\/users\/2"}],"replies":[{"embeddable":true,"href":"https:\/\/www.europesays.com\/pl\/wp-json\/wp\/v2\/comments?post=670570"}],"version-history":[{"count":0,"href":"https:\/\/www.europesays.com\/pl\/wp-json\/wp\/v2\/posts\/670570\/revisions"}],"wp:featuredmedia":[{"embeddable":true,"href":"https:\/\/www.europesays.com\/pl\/wp-json\/wp\/v2\/media\/670571"}],"wp:attachment":[{"href":"https:\/\/www.europesays.com\/pl\/wp-json\/wp\/v2\/media?parent=670570"}],"wp:term":[{"taxonomy":"category","embeddable":true,"href":"https:\/\/www.europesays.com\/pl\/wp-json\/wp\/v2\/categories?post=670570"},{"taxonomy":"post_tag","embeddable":true,"href":"https:\/\/www.europesays.com\/pl\/wp-json\/wp\/v2\/tags?post=670570"}],"curies":[{"name":"wp","href":"https:\/\/api.w.org\/{rel}","templated":true}]}}